{"id":136454,"date":"2025-12-09T15:00:02","date_gmt":"2025-12-09T22:00:02","guid":{"rendered":"https:\/\/ovelanalista.com\/?p=136454"},"modified":"2025-12-09T08:31:51","modified_gmt":"2025-12-09T15:31:51","slug":"detienen-nuevamente-a-cesar-duarte-exgobernador-de-chihuahua-se-le-acusa-de-operaciones-con-recursos-de-procedencia-ilicita","status":"publish","type":"post","link":"https:\/\/ovelanalista.com\/?p=136454","title":{"rendered":"Detienen nuevamente a C\u00e9sar Duarte, exgobernador de Chihuahua; se le acusa de operaciones con recursos de procedencia il\u00edcita"},"content":{"rendered":"<div class=\"sc__header mx-auto  lg:max-w-screen-lg \">\n<p class=\"subTitle text-2xl mb-5\">La FGR inform\u00f3 que el exmandatario hab\u00eda sido detenido el 8 de julio de 2020 en Miami, Florida y extraditado a M\u00e9xico el 2 de junio de 2022.<\/p>\n<p><strong>Daniela Wachauf<\/strong><\/p>\n<p class=\"sc__font-paragraph\">El exgobernador de Chihuahua,<a title=\"https:\/\/www.eluniversal.com.mx\/opinion\/kiosko\/cesar-duarte-y-el-rock-de-la-carcel-en-bar-de-chihuahua\/\" href=\"https:\/\/www.eluniversal.com.mx\/opinion\/kiosko\/cesar-duarte-y-el-rock-de-la-carcel-en-bar-de-chihuahua\/\" target=\"_blank\" rel=\"noopener noreferrer\" data-mrf-link=\"https:\/\/www.eluniversal.com.mx\/opinion\/kiosko\/cesar-duarte-y-el-rock-de-la-carcel-en-bar-de-chihuahua\/\">\u00a0<b>C\u00e9sar Duarte J\u00e1quez<\/b><\/a>, fue detenido en esa entidad por su probable responsabilidad en el delito de\u00a0<b>Operaciones con Recursos de Procedencia Il\u00edcita<\/b>.<\/p>\n<p class=\"sc__font-paragraph\">Esto en cumplimiento a la orden de aprehensi\u00f3n emitida el 16 de mayo de 2024 por el Juez de Control adscrito al Centro de Justicia Penal Federal en el Estado de M\u00e9xico, con residencia en Almoloya de Ju\u00e1rez.<\/p>\n<p class=\"sc__font-paragraph\">La Fiscal\u00eda General de la Rep\u00fablica (<a title=\"https:\/\/www.eluniversal.com.mx\/nacion\/rechaza-cabeza-de-vaca-denuncia-penal-de-morena-y-se-dice-perseguido-politico-pan-lo-nombra-representante-ante-eu-y-canada\/\" href=\"https:\/\/www.eluniversal.com.mx\/nacion\/rechaza-cabeza-de-vaca-denuncia-penal-de-morena-y-se-dice-perseguido-politico-pan-lo-nombra-representante-ante-eu-y-canada\/\" target=\"_blank\" rel=\"noopener noreferrer\" data-mrf-link=\"https:\/\/www.eluniversal.com.mx\/nacion\/rechaza-cabeza-de-vaca-denuncia-penal-de-morena-y-se-dice-perseguido-politico-pan-lo-nombra-representante-ante-eu-y-canada\/\"><b>FGR<\/b><\/a>) inform\u00f3 que C\u00e9sar &#8220;N&#8221; hab\u00eda sido detenido el 8 de julio de 2020 en\u00a0<b>Miami<\/b>,\u00a0<b>Florida\u00a0<\/b>y extraditado a M\u00e9xico el 2 de junio de 2022, por los delitos de peculado y asociaci\u00f3n delictuosa, investigado en Chihuahua, cuyo proceso est\u00e1 siendo tramitado por la Fiscal\u00eda local.<\/p>\n<p class=\"sc__font-paragraph\">En tanto el 4 de octubre de 2024, se tramit\u00f3 ante el\u00a0<b>Gobierno de Estados Unidos<\/b>\u00a0la autorizaci\u00f3n para poder procesarlo por un delito distinto a los de peculado y asociaci\u00f3n delictuosa, que fue concedida el 4 de diciembre de 2025.<\/p>\n<p class=\"sc__font-paragraph\">La\u00a0<b>FGR\u00a0<\/b>se\u00f1al\u00f3 que los hechos, materia de investigaci\u00f3n en contra del exmandatario estatal son por su probable intervenci\u00f3n como<b>\u00a0servidor p\u00fablico en Chihuahua<\/b>, en un esquema de lavado de dinero, en el que pretendi\u00f3 ocultar recursos de procedencia il\u00edcita desviados de las arcas estatales, utilizando para ello el\u00a0<b>Sistema<\/b>\u00a0<b>Financiero Mexicano<\/b>.<\/p>\n<p><img decoding=\"async\" class=\"aligncenter\" src=\"https:\/\/www.eluniversal.com.mx\/resizer\/v2\/3MNF3RWYKNBRHDFPB7V5A3R44Y.jpg?auth=36a5ff4802ed94630fd716e05019c0cf353b256edc1fc553442f9abb4288b6f3&amp;smart=true&amp;height=620\" alt=\"C\u00e9sar Duarte J\u00e1quez, exgobernador de Chihuahua, aparece en el Registro Nacional de Detenciones. Foto: Especial\" \/><\/p>\n<p>Con informaci\u00f3n de El Universal<\/p>\n<\/div>\n<div class=\"story-image mx-auto  lg:max-w-screen-lg\"><picture class=\"story__pic block w-full justify-center flex\"><source srcset=\"https:\/\/www.eluniversal.com.mx\/resizer\/v2\/KJLP5WWW6RCZDPLOB5KW5F7DUY.jpg?auth=692a8c03705969b0f10743b50d4c0907c6df1270dffcf7d074f2e43c93e2a07c&amp;smart=true&amp;height=165\" media=\"(max-width: 360px)\" \/><\/picture><\/div>\n","protected":false},"excerpt":{"rendered":"<p>La FGR inform\u00f3 que el exmandatario hab\u00eda sido detenido el 8 de julio de 2020 en Miami, Florida y extraditado a M\u00e9xico el 2 de junio de 2022. Daniela Wachauf El exgobernador de Chihuahua,\u00a0C\u00e9sar Duarte J\u00e1quez, fue detenido en esa entidad por su probable responsabilidad en el delito de\u00a0Operaciones con Recursos de Procedencia Il\u00edcita. Esto en cumplimiento a la orden de aprehensi\u00f3n emitida el 16 de mayo de 2024 por el Juez de Control adscrito al Centro de Justicia Penal Federal en el Estado de M\u00e9xico, con residencia en Almoloya de Ju\u00e1rez. La Fiscal\u00eda General de la Rep\u00fablica (FGR) inform\u00f3 [&hellip;]<\/p>\n","protected":false},"author":3,"featured_media":136459,"comment_status":"open","ping_status":"open","sticky":false,"template":"","format":"standard","meta":{"_jetpack_newsletter_access":"","_jetpack_dont_email_post_to_subs":false,"_jetpack_newsletter_tier_id":0,"_jetpack_memberships_contains_paywalled_content":false,"_jetpack_feature_clip_id":0,"_jetpack_memberships_contains_paid_content":false,"footnotes":"","jetpack_publicize_message":"","jetpack_publicize_feature_enabled":true,"jetpack_social_post_already_shared":true,"jetpack_social_options":{"image_generator_settings":{"template":"highway","default_image_id":0,"font":"","enabled":false},"version":2},"jetpack_post_was_ever_published":false},"categories":[75],"tags":[],"class_list":["post-136454","post","type-post","status-publish","format-standard","has-post-thumbnail","hentry","category-nacional","post--single"],"jetpack_publicize_connections":[],"jetpack_featured_media_url":"https:\/\/ovelanalista.com\/wp-content\/uploads\/2025\/12\/Captura-de-Pantalla-2025-12-09-a-las-8.30.43.png","jetpack_sharing_enabled":true,"_links":{"self":[{"href":"https:\/\/ovelanalista.com\/index.php?rest_route=\/wp\/v2\/posts\/136454","targetHints":{"allow":["GET"]}}],"collection":[{"href":"https:\/\/ovelanalista.com\/index.php?rest_route=\/wp\/v2\/posts"}],"about":[{"href":"https:\/\/ovelanalista.com\/index.php?rest_route=\/wp\/v2\/types\/post"}],"author":[{"embeddable":true,"href":"https:\/\/ovelanalista.com\/index.php?rest_route=\/wp\/v2\/users\/3"}],"replies":[{"embeddable":true,"href":"https:\/\/ovelanalista.com\/index.php?rest_route=%2Fwp%2Fv2%2Fcomments&post=136454"}],"version-history":[{"count":1,"href":"https:\/\/ovelanalista.com\/index.php?rest_route=\/wp\/v2\/posts\/136454\/revisions"}],"predecessor-version":[{"id":136460,"href":"https:\/\/ovelanalista.com\/index.php?rest_route=\/wp\/v2\/posts\/136454\/revisions\/136460"}],"wp:featuredmedia":[{"embeddable":true,"href":"https:\/\/ovelanalista.com\/index.php?rest_route=\/wp\/v2\/media\/136459"}],"wp:attachment":[{"href":"https:\/\/ovelanalista.com\/index.php?rest_route=%2Fwp%2Fv2%2Fmedia&parent=136454"}],"wp:term":[{"taxonomy":"category","embeddable":true,"href":"https:\/\/ovelanalista.com\/index.php?rest_route=%2Fwp%2Fv2%2Fcategories&post=136454"},{"taxonomy":"post_tag","embeddable":true,"href":"https:\/\/ovelanalista.com\/index.php?rest_route=%2Fwp%2Fv2%2Ftags&post=136454"}],"curies":[{"name":"wp","href":"https:\/\/api.w.org\/{rel}","templated":true}]}}