{"id":137429,"date":"2025-12-24T11:30:23","date_gmt":"2025-12-24T18:30:23","guid":{"rendered":"https:\/\/ovelanalista.com\/?p=137429"},"modified":"2025-12-24T08:54:44","modified_gmt":"2025-12-24T15:54:44","slug":"grupo-mexico-pagara-mil-500-millones-de-pesos-por-contaminacion-del-rio-sonora-y-huelga-de-cananea","status":"publish","type":"post","link":"https:\/\/ovelanalista.com\/?p=137429","title":{"rendered":"Grupo M\u00e9xico pagar\u00e1 mil 500 millones de pesos por contaminaci\u00f3n del r\u00edo Sonora y huelga de Cananea"},"content":{"rendered":"<p>El acuerdo presentado por el gobierno federal incluye recursos para remediaci\u00f3n ambiental, atenci\u00f3n m\u00e9dica y compensaciones directas a trabajadores mineros y sus familias, con participaci\u00f3n financiera de la federaci\u00f3n y del gobierno de Sonora.<\/p>\n<div>\n<p><strong>Grupo M\u00e9xico pagar\u00e1 mil 500 millones de pesos<\/strong>\u00a0como parte del Plan de Justicia para Cananea, presentado el martes por el gobierno federal, que considera una<strong>\u00a0inversi\u00f3n total de 2 mil 222 millones de pesos<\/strong>\u00a0para atender la huelga minera de Cananea y los da\u00f1os derivados del derrame en el r\u00edo Sonora, ocurrido en 2014.<\/p>\n<\/div>\n<div>\n<p>Desde Sonora, la secretaria de Gobernaci\u00f3n, Rosa Icela Rodr\u00edguez, inform\u00f3 que el acuerdo fue resultado de negociaciones con Grupo M\u00e9xico, y se\u00f1al\u00f3 que el plan permitir\u00e1 dar por concluido<strong>\u00a0uno de los conflictos laborales m\u00e1s prolongados del pa\u00eds, que dur\u00f3 18 a\u00f1os,<\/strong>\u00a0adem\u00e1s de avanzar en acciones de remediaci\u00f3n ambiental y atenci\u00f3n a la salud en Sonora.<\/p>\n<\/div>\n<div>\n<p>\u201cUn primer avance de las acciones coordinadas por el Gobierno de M\u00e9xico logra finalizar la huelga de Cananea,<strong>\u00a0alcanzando, por fin, la justicia social para los mineros\u201d,<\/strong>\u00a0afirm\u00f3 la funcionaria durante la presentaci\u00f3n del plan.<\/p>\n<div>\n<p>El derrame ocurri\u00f3 el 6 de agosto de 2014, cuando\u00a0<strong>millones de litros de residuos t\u00f3xicos fueron vertidos al r\u00edo Sonora<\/strong>\u00a0por la minera Buenavista del Cobre, propiedad de Grupo M\u00e9xico, considerado el peor desastre ambiental de la industria minera en M\u00e9xico.<\/p>\n<\/div>\n<div>\n<p>Dict\u00e1menes de la Secretar\u00eda de Medio Ambiente y del Instituto Mexicano de Tecnolog\u00eda del Agua confirmaron en 2023 que<strong>\u00a0el da\u00f1o ambiental persiste<\/strong>, con presencia de metales pesados y una sobreexplotaci\u00f3n \u201cmuy grave\u201d de los mantos acu\u00edferos a lo largo de al menos 400 kil\u00f3metros.<\/p>\n<p><img decoding=\"async\" src=\"https:\/\/editorial.aristeguinoticias.com\/wp-content\/uploads\/2025\/12\/rosa-icela-plan-cananea-24122025-700x438.jpg\" \/><\/p>\n<div>\n<p>Rodr\u00edguez explic\u00f3 que el Plan de Justicia para Cananea fue concebido originalmente en julio de 2021, durante el sexenio del presidente Andr\u00e9s Manuel L\u00f3pez Obrador, como una estrategia integral de restituci\u00f3n de derechos, y que en noviembre de 2024, ya bajo la presidencia de Claudia Sheinbaum, se decidi\u00f3 dar<strong>\u00a0continuidad al proyecto tras una solicitud de dirigentes sindicales y del gobierno de Sonora.<\/strong><\/p>\n<\/div>\n<div>\n<p>\u201cLa presidenta Claudia Sheinbaum Pardo\u00a0<strong>dio la orden de resolver esa a\u00f1eja demanda social,<\/strong>\u00a0nos mandat\u00f3 a comenzar las negociaciones con Grupo M\u00e9xico y todas las instancias involucradas tambi\u00e9n\u201d, se\u00f1al\u00f3.<\/p>\n<\/div>\n<div>\n<p>De acuerdo con la secretaria de Gobernaci\u00f3n, el esquema financiero del plan establece que\u00a0<strong>Grupo M\u00e9xico cubrir\u00e1 el 70.14 por ciento de los recursos;<\/strong>\u00a0el Gobierno federal, el 21.7 por ciento; y el gobierno de Sonora, el 8 por ciento.<\/p>\n<div>\n<p>Adem\u00e1s de los\u00a0<strong>mil 500 millones de pesos comprometidos,<\/strong>\u00a0se incorporan 59 millones previamente depositados por la empresa ante la Junta Federal de Conciliaci\u00f3n y Arbitraje en 2018 y 2019. El Gobierno federal aportar\u00e1 483.6 millones de pesos y el estado de Sonora 180 millones.<\/p>\n<\/div>\n<div>\n<p>Rodr\u00edguez precis\u00f3 que los recursos destinados a los trabajadores mineros y sus familias ser\u00e1n entregados de manera directa. \u201cLos trabajadores mineros o sus viudas<strong>\u00a0recibir\u00e1n directamente el recurso, sin intervenci\u00f3n de nadie\u201d,<\/strong>\u00a0dijo.<\/p>\n<p><img decoding=\"async\" src=\"https:\/\/editorial.aristeguinoticias.com\/wp-content\/uploads\/2023\/10\/grupo-mexico-rio-sonora-contaminacion-derrame-amlo-segob-semarnat-18102023-700x438.jpg\" \/><\/p>\n<div>\n<p>El plan incluye acciones de justicia ambiental y de salud p\u00fablica, entre ellas la\u00a0<strong>construcci\u00f3n de 16 plantas potabilizadoras<\/strong>\u00a0y la adecuaci\u00f3n de otras existentes, la instalaci\u00f3n de estaciones de monitoreo de la calidad del agua en el r\u00edo Sonora, as\u00ed como la operaci\u00f3n de un laboratorio regional de calidad del agua. Tambi\u00e9n se anunci\u00f3 la<strong>\u00a0construcci\u00f3n del Hospital Regional de Ures,<\/strong>\u00a0con 60 camas, 21 consultorios de especialidad, un centro de salud renal y un laboratorio especializado en metales pesados y toxicolog\u00eda.<\/p>\n<\/div>\n<div>\n<p>\u201cEl Gobierno de M\u00e9xico fue\u00a0<strong>firme en la exigencia hacia Grupo M\u00e9xico por incumplimiento<\/strong>\u00a0de una serie de condicionantes para llegar a un buen acuerdo\u201d, afirm\u00f3.<\/p>\n<\/div>\n<div>\n<p>Durante su conferencia matutina del pasado lunes, la presidenta Claudia Sheinbaum adelant\u00f3 que esta semana se informar\u00edan en Sonora los avances en el cumplimiento de las obras de resarcimiento por la contaminaci\u00f3n del r\u00edo Sonora, despu\u00e9s de que\u00a0<strong>Grupo M\u00e9xico acept\u00f3 concluir las acciones pendientes<\/strong>\u00a0derivadas del derrame de residuos t\u00f3xicos ocurrido en 2014.<\/p>\n<\/div>\n<div class=\"box_e\">\n<div class=\"adspot\">\n<div>\n<p>Sheinbaum se\u00f1al\u00f3 que el acuerdo permitir\u00e1 atender pr\u00e1cticamente todas las demandas planteadas por las comunidades afectadas.\u00a0<strong>\u201cSe cumplen pr\u00e1cticamente todas las demandas que ha solicitado la comunidad<\/strong>\u00a0para el resarcimiento de la contaminaci\u00f3n del r\u00edo Sonora\u201d, afirm\u00f3, al referirse a los da\u00f1os que afectaron a m\u00e1s de 22 mil personas, as\u00ed como a sus tierras y animales.<\/p>\n<\/div>\n<div>\n<p>\u201cGrupo M\u00e9xico<strong>\u00a0no quer\u00eda acabar de hacer todas las obras necesarias,<\/strong>\u00a0pero van a hacer cl\u00ednicas, la medici\u00f3n permanente de la calidad del agua y la restituci\u00f3n y remediaci\u00f3n de suelos\u201d, dijo.<\/p>\n<p>Con informaci\u00f3n de Aristegui Noticias<\/p>\n<\/div>\n<\/div>\n<\/div>\n<\/div>\n<\/div>\n<\/div>\n<\/div>\n","protected":false},"excerpt":{"rendered":"<p>El acuerdo presentado por el gobierno federal incluye recursos para remediaci\u00f3n ambiental, atenci\u00f3n m\u00e9dica y compensaciones directas a trabajadores mineros y sus familias, con participaci\u00f3n financiera de la federaci\u00f3n y del gobierno de Sonora. Grupo M\u00e9xico pagar\u00e1 mil 500 millones de pesos\u00a0como parte del Plan de Justicia para Cananea, presentado el martes por el gobierno federal, que considera una\u00a0inversi\u00f3n total de 2 mil 222 millones de pesos\u00a0para atender la huelga minera de Cananea y los da\u00f1os derivados del derrame en el r\u00edo Sonora, ocurrido en 2014. Desde Sonora, la secretaria de Gobernaci\u00f3n, Rosa Icela Rodr\u00edguez, inform\u00f3 que el acuerdo fue [&hellip;]<\/p>\n","protected":false},"author":3,"featured_media":137442,"comment_status":"open","ping_status":"open","sticky":false,"template":"","format":"standard","meta":{"_jetpack_newsletter_access":"","_jetpack_dont_email_post_to_subs":false,"_jetpack_newsletter_tier_id":0,"_jetpack_memberships_contains_paywalled_content":false,"_jetpack_feature_clip_id":0,"_jetpack_memberships_contains_paid_content":false,"footnotes":"","jetpack_publicize_message":"","jetpack_publicize_feature_enabled":true,"jetpack_social_post_already_shared":true,"jetpack_social_options":{"image_generator_settings":{"template":"highway","default_image_id":0,"font":"","enabled":false},"version":2},"jetpack_post_was_ever_published":false},"categories":[75],"tags":[],"class_list":["post-137429","post","type-post","status-publish","format-standard","has-post-thumbnail","hentry","category-nacional","post--single"],"jetpack_publicize_connections":[],"jetpack_featured_media_url":"https:\/\/ovelanalista.com\/wp-content\/uploads\/2025\/12\/contaminacion-rio-sonora-archivo-cuartoscuro-24122025.jpg","jetpack_sharing_enabled":true,"_links":{"self":[{"href":"https:\/\/ovelanalista.com\/index.php?rest_route=\/wp\/v2\/posts\/137429","targetHints":{"allow":["GET"]}}],"collection":[{"href":"https:\/\/ovelanalista.com\/index.php?rest_route=\/wp\/v2\/posts"}],"about":[{"href":"https:\/\/ovelanalista.com\/index.php?rest_route=\/wp\/v2\/types\/post"}],"author":[{"embeddable":true,"href":"https:\/\/ovelanalista.com\/index.php?rest_route=\/wp\/v2\/users\/3"}],"replies":[{"embeddable":true,"href":"https:\/\/ovelanalista.com\/index.php?rest_route=%2Fwp%2Fv2%2Fcomments&post=137429"}],"version-history":[{"count":1,"href":"https:\/\/ovelanalista.com\/index.php?rest_route=\/wp\/v2\/posts\/137429\/revisions"}],"predecessor-version":[{"id":137443,"href":"https:\/\/ovelanalista.com\/index.php?rest_route=\/wp\/v2\/posts\/137429\/revisions\/137443"}],"wp:featuredmedia":[{"embeddable":true,"href":"https:\/\/ovelanalista.com\/index.php?rest_route=\/wp\/v2\/media\/137442"}],"wp:attachment":[{"href":"https:\/\/ovelanalista.com\/index.php?rest_route=%2Fwp%2Fv2%2Fmedia&parent=137429"}],"wp:term":[{"taxonomy":"category","embeddable":true,"href":"https:\/\/ovelanalista.com\/index.php?rest_route=%2Fwp%2Fv2%2Fcategories&post=137429"},{"taxonomy":"post_tag","embeddable":true,"href":"https:\/\/ovelanalista.com\/index.php?rest_route=%2Fwp%2Fv2%2Ftags&post=137429"}],"curies":[{"name":"wp","href":"https:\/\/api.w.org\/{rel}","templated":true}]}}