{"id":137439,"date":"2025-12-24T12:00:28","date_gmt":"2025-12-24T19:00:28","guid":{"rendered":"https:\/\/ovelanalista.com\/?p=137439"},"modified":"2025-12-24T08:56:25","modified_gmt":"2025-12-24T15:56:25","slug":"juez-vincula-a-proceso-a-rodolfo-ruiz-el-periodista-acusa-irregularidades-y-presenta-denuncias","status":"publish","type":"post","link":"https:\/\/ovelanalista.com\/?p=137439","title":{"rendered":"Juez vincula a proceso a Rodolfo Ruiz; el periodista acusa irregularidades y presenta denuncias"},"content":{"rendered":"<p>El periodista present\u00f3 denuncias ante la Fiscal\u00eda General del Estado contra jueces y agentes del Ministerio P\u00fablico por presunto ejercicio indebido de funciones y abuso de autoridad.<\/p>\n<div class=\"row d-flex justify-content-center align-items-center\">\n<div class=\"col-5\">\n<address>\n<div>\n<p>Un juez de control vincul\u00f3 a proceso al periodista poblano Rodolfo Ruiz Rodr\u00edguez, director del medio digital\u00a0<em>E-Consulta<\/em>, por su presunta responsabilidad en el delito de<strong>\u00a0operaciones con recursos de procedencia il\u00edcita<\/strong>, tras una audiencia celebrada el martes en la ciudad de Puebla.<\/p>\n<\/div>\n<div>\n<p>El juez tom\u00f3 la determinaci\u00f3n tras analizar los argumentos de la Fiscal\u00eda General del Estado (FGE) de Puebla y de la defensa, que se\u00f1al\u00f3\u00a0<strong>deficiencias en los datos de prueba presentados por la autoridad ministerial.<\/strong><\/p>\n<\/div>\n<div>\n<p>El periodista dio a conocer la noticia en su cuenta X: \u201cFinalmente fui vinculado a proceso en una<strong>\u00a0audiencia absolutamente parcial,<\/strong>\u00a0donde el juez Joel Daniel Baltazar hizo suyas, sin el menor pudor, las acusaciones de la Fiscal\u00eda de Puebla basadas en puras suposiciones sobre el dinero con que cubr\u00ed los honorarios de mi abogado Ra\u00fal Arg\u00fcelles\u201d.<\/p>\n<div>\n<p>El juez concedi\u00f3 a la Fiscal\u00eda 45 d\u00edas para el desarrollo de la investigaci\u00f3n complementaria, en la que la instituci\u00f3n buscar\u00e1 la intervenci\u00f3n de la\u00a0<strong>Unidad de Inteligencia Financiera (UIF)<\/strong>\u00a0de la Secretar\u00eda de Hacienda.<\/p>\n<\/div>\n<div>\n<p>Adem\u00e1s, determin\u00f3\u00a0<strong>mantener las medidas cautelares<\/strong>\u00a0previamente impuestas, como la obligaci\u00f3n de firmar peri\u00f3dicamente ante la autoridad correspondiente y la prohibici\u00f3n de salir del pa\u00eds sin autorizaci\u00f3n judicial.<\/p>\n<\/div>\n<div>\n<p>Durante la audiencia, la defensa\u00a0<strong>solicit\u00f3 la nulidad del proceso penal,<\/strong>\u00a0al considerar que el juez que emiti\u00f3 la citaci\u00f3n carece de atribuciones para realizar actos de oralidad, al desempe\u00f1ar \u00fanicamente funciones administrativas, por lo que sostuvo que el procedimiento no tiene sustento legal.<\/p>\n<p><img decoding=\"async\" src=\"https:\/\/editorial.aristeguinoticias.com\/wp-content\/uploads\/2025\/02\/juez-juzgadores-juzgadoras-derechos-humanos-denuncia-azteca-articulo-19-ley-leyes-periodistas-comunicadores-medios-comunicacion-informacion-260225-700x438.jpg\" \/><\/p>\n<div>\n<p>El periodista Rodolfo Ruiz inform\u00f3 a trav\u00e9s de\u00a0<em>E-Consulta<\/em>\u00a0que present\u00f3 dos denuncias ante la Fiscal\u00eda General del Estado por los presuntos delitos de\u00a0<strong>ejercicio indebido de funciones y abuso de autoridad,<\/strong>\u00a0derivadas de presuntas irregularidades detectadas durante el desarrollo de su proceso legal.<\/p>\n<\/div>\n<div>\n<p>El pasado 19 de diciembre, Ruiz explic\u00f3 en<em>\u00a0Aristegui en Vivo<\/em>\u00a0que el expediente se origin\u00f3 en 2020, durante el gobierno del morenista\u00a0<strong>Miguel Barbosa Huerta,<\/strong>\u00a0ya fallecido. Dijo que tras casi cuatro a\u00f1os sin avances, el caso fue reactivado recientemente, en la gesti\u00f3n del morenista\u00a0<strong>Alejandro Armenta Mier,<\/strong>\u00a0luego de que el medio<em>\u00a0E-consulta<\/em>\u00a0publicara investigaciones period\u00edsticas relacionadas con presuntos actos de corrupci\u00f3n de funcionarios p\u00fablicos.<\/p>\n<div>\n<p>Denunci\u00f3 ser v\u00edctima de un proceso judicial \u201cinequitativo, ilegal e injusto\u201d y dijo que entre los trabajos period\u00edsticos que, a su juicio, detonaron la reactivaci\u00f3n del caso, se encuentran reportajes sobre presuntas irregularidades en el\u00a0<strong>nombramiento del presidente del Consejo de la Judicatura<\/strong>, as\u00ed como investigaciones sobre abusos y extorsiones atribuidas a funcionarios de la Fiscal\u00eda.<\/p>\n<\/div>\n<div>\n<p>Tambi\u00e9n publicaciones sobre el uso de una<strong>\u00a0aplicaci\u00f3n para promover propaganda gubernamental<\/strong>\u00a0y reportajes sobre presuntas violaciones a derechos humanos en el Hospital Psiqui\u00e1trico de Puebla.<\/p>\n<\/div>\n<div>\n<p>El periodista afirm\u00f3 que la acusaci\u00f3n se basa en la presunci\u00f3n de que habr\u00eda pagado a sus abogados con recursos il\u00edcitos y en efectivo, versi\u00f3n que rechaz\u00f3. Explic\u00f3 qu<strong>e los pagos realizados ascienden a 320 mil pesos,<\/strong>\u00a0efectuados mediante transferencias bancarias y respaldados con facturas.<\/p>\n<\/div>\n<div class=\"box_d\">\n<div>\n<div class=\"adspot\"><\/div>\n<\/div>\n<\/div>\n<div>\n<div id=\"standard_3\" class=\"st-placement standard_3 inPlayer\">\n<div class=\"st-adunit st-adunit-tagged st-reset st-show\">\n<div class=\"st-adunit-ad st-reset\">\n<div class=\"st-display-render st-reset open 160x600\">\n<div class=\"x-to-close st-reset\">\n<div>\n<p><strong>\u201cSon acusaciones sin sustento\u201d,<\/strong>\u00a0sostuvo, al se\u00f1alar que incluso el abogado involucrado ya declar\u00f3 ante la Fiscal\u00eda y neg\u00f3 haber recibido los montos que se le atribuyen.<\/p>\n<\/div>\n<div>\n<p>Ruiz tambi\u00e9n denunci\u00f3 irregularidades procesales, entre ellas que la imputaci\u00f3n se realiz\u00f3\u00a0<strong>sin que \u00e9l ni su defensa tuvieran acceso completo a la carpeta de investigaci\u00f3n,<\/strong>\u00a0as\u00ed como que la audiencia inicial fue encabezada por un funcionario judicial que, seg\u00fan dijo, no contaba con facultades jurisdiccionales. A\u00f1adi\u00f3 que la presi\u00f3n ejercida durante las audiencias deriv\u00f3 en la renuncia de sus primeros abogados defensores.<\/p>\n<div>\n<p>Por su parte, la organizaci\u00f3n Art\u00edculo 19 M\u00e9xico y Centroam\u00e9rica emiti\u00f3 un pronunciamiento en el que exigi\u00f3 que se garantice el debido proceso en el caso. \u201cEste proceso representa un uso abusivo del derecho y\u00a0<strong>se vislumbra como una represalia<\/strong>\u00a0por sus publicaciones en las cuales expone extorsiones a empresarios por funcionarios de la Fiscal\u00eda Poblana.<\/p>\n<\/div>\n<div>\n<p>\u201cEl trabajo period\u00edstico de Rodolfo Ru\u00edz ha impulsado investigaciones ante la Fiscal\u00eda General de la Rep\u00fablica contra funcionarios dentro de la propia Fiscal\u00eda poblana, r<strong>esultando en la destituci\u00f3n<\/strong>\u00a0de los titulares de la Fiscal\u00eda de Investigaciones de Operaciones con Recursos Il\u00edcitos y de la Fiscal\u00eda de Alta Incidencia por extorsi\u00f3n a empresarios. Llamando la atenci\u00f3n que la propia fiscal\u00eda que Rodolfo expuso, sea ahora quien entregue a un juez de control una carpeta que tard\u00f3 5 a\u00f1os en integrar\u201d.<\/p>\n<\/div>\n<div>\n<p>Se\u00f1al\u00f3 que el uso de procesos judiciales o ministeriales contra periodistas por parte de autoridades,\u00a0<strong>pretenden el silenciamiento, la autocensura, y en este caso la represalia<\/strong>\u00a0por haber documentado period\u00edsticamente delitos por parte de funcionarios de la propia Fiscal\u00eda que hoy son acusadores. Esta organizaci\u00f3n document\u00f3 en los primeros siete meses de este a\u00f1o al menos 51 casos de acoso judicial contra la prensa, siendo\u00a0<strong>Puebla un estado clave donde se repiten estos patrones desde hace ya varios a\u00f1os.<\/strong><\/p>\n<p>Con informaci\u00f3n de Aristegui Noticias<\/p>\n<\/div>\n<\/div>\n<\/div>\n<\/div>\n<\/div>\n<\/div>\n<\/div>\n<\/div>\n<\/div>\n<\/div>\n<\/div>\n<\/address>\n<\/div>\n<\/div>\n","protected":false},"excerpt":{"rendered":"<p>El periodista present\u00f3 denuncias ante la Fiscal\u00eda General del Estado contra jueces y agentes del Ministerio P\u00fablico por presunto ejercicio indebido de funciones y abuso de autoridad. Un juez de control vincul\u00f3 a proceso al periodista poblano Rodolfo Ruiz Rodr\u00edguez, director del medio digital\u00a0E-Consulta, por su presunta responsabilidad en el delito de\u00a0operaciones con recursos de procedencia il\u00edcita, tras una audiencia celebrada el martes en la ciudad de Puebla. El juez tom\u00f3 la determinaci\u00f3n tras analizar los argumentos de la Fiscal\u00eda General del Estado (FGE) de Puebla y de la defensa, que se\u00f1al\u00f3\u00a0deficiencias en los datos de prueba presentados por la [&hellip;]<\/p>\n","protected":false},"author":3,"featured_media":137445,"comment_status":"open","ping_status":"open","sticky":false,"template":"","format":"standard","meta":{"_jetpack_newsletter_access":"","_jetpack_dont_email_post_to_subs":false,"_jetpack_newsletter_tier_id":0,"_jetpack_memberships_contains_paywalled_content":false,"_jetpack_feature_clip_id":0,"_jetpack_memberships_contains_paid_content":false,"footnotes":"","jetpack_publicize_message":"","jetpack_publicize_feature_enabled":true,"jetpack_social_post_already_shared":true,"jetpack_social_options":{"image_generator_settings":{"template":"highway","default_image_id":0,"font":"","enabled":false},"version":2},"jetpack_post_was_ever_published":false},"categories":[75],"tags":[],"class_list":["post-137439","post","type-post","status-publish","format-standard","has-post-thumbnail","hentry","category-nacional","post--single"],"jetpack_publicize_connections":[],"jetpack_featured_media_url":"https:\/\/ovelanalista.com\/wp-content\/uploads\/2025\/12\/rodolfo-ruiz-periodista-puebla-24122025.jpg","jetpack_sharing_enabled":true,"_links":{"self":[{"href":"https:\/\/ovelanalista.com\/index.php?rest_route=\/wp\/v2\/posts\/137439","targetHints":{"allow":["GET"]}}],"collection":[{"href":"https:\/\/ovelanalista.com\/index.php?rest_route=\/wp\/v2\/posts"}],"about":[{"href":"https:\/\/ovelanalista.com\/index.php?rest_route=\/wp\/v2\/types\/post"}],"author":[{"embeddable":true,"href":"https:\/\/ovelanalista.com\/index.php?rest_route=\/wp\/v2\/users\/3"}],"replies":[{"embeddable":true,"href":"https:\/\/ovelanalista.com\/index.php?rest_route=%2Fwp%2Fv2%2Fcomments&post=137439"}],"version-history":[{"count":1,"href":"https:\/\/ovelanalista.com\/index.php?rest_route=\/wp\/v2\/posts\/137439\/revisions"}],"predecessor-version":[{"id":137446,"href":"https:\/\/ovelanalista.com\/index.php?rest_route=\/wp\/v2\/posts\/137439\/revisions\/137446"}],"wp:featuredmedia":[{"embeddable":true,"href":"https:\/\/ovelanalista.com\/index.php?rest_route=\/wp\/v2\/media\/137445"}],"wp:attachment":[{"href":"https:\/\/ovelanalista.com\/index.php?rest_route=%2Fwp%2Fv2%2Fmedia&parent=137439"}],"wp:term":[{"taxonomy":"category","embeddable":true,"href":"https:\/\/ovelanalista.com\/index.php?rest_route=%2Fwp%2Fv2%2Fcategories&post=137439"},{"taxonomy":"post_tag","embeddable":true,"href":"https:\/\/ovelanalista.com\/index.php?rest_route=%2Fwp%2Fv2%2Ftags&post=137439"}],"curies":[{"name":"wp","href":"https:\/\/api.w.org\/{rel}","templated":true}]}}