{"id":137704,"date":"2026-01-02T09:35:35","date_gmt":"2026-01-02T16:35:35","guid":{"rendered":"https:\/\/ovelanalista.com\/?p=137704"},"modified":"2026-01-02T09:26:41","modified_gmt":"2026-01-02T16:26:41","slug":"sheinbaum-una-dama-pudorosa","status":"publish","type":"post","link":"https:\/\/ovelanalista.com\/?p=137704","title":{"rendered":"Sheinbaum, una dama pudorosa"},"content":{"rendered":"<p><strong>La Espinita<\/strong><\/p>\n<p><strong>Andy S. K. Brown<\/strong><\/p>\n<ul>\n<li><strong>Sheinbaum, una dama pudorosa<\/strong><\/li>\n<li><strong>Calzones guindas = \u00a1Impunidad!<\/strong><\/li>\n<li><strong>\u00bfSuceder\u00e1 aqu\u00ed lo que en Ir\u00e1n?<\/strong><\/li>\n<\/ul>\n<p>&nbsp;<\/p>\n<p>Cuando el pudor pol\u00edtico no existe el ejercicio del poder deriva en cinismo.<\/p>\n<p>Y hay una enorme dosis de cinismo en las declaraciones de la se\u00f1ora Claudia Sheinbaum al acusar de imp\u00fadicos a los medios de comunicaci\u00f3n que, en ejercicio de un derecho constitucional, han dado a conocer las im\u00e1genes de los fallecidos a causa del descarrilamiento de uno de los trenes del ferrocarril trans\u00edstmico, as\u00ed como de las enormes fallas estructurales de las v\u00edas que provocaron el \u201cincidente\u201d, cual lo calificaron en descarga de la corrupci\u00f3n, las prisas y la p\u00e9sima ejecuci\u00f3n de la obra.<\/p>\n<p>Imp\u00fadicos tambi\u00e9n los cuatroteros quienes, desde Luisa Alcalde hasta los chairos repitieron la perorata dicha por vez primera en la menti\u00f1era del martes y, peor todav\u00eda, quienes pusieron a circular en redes sociales la versi\u00f3n de que la muerte de 13 personas y las heridas de un centenar eran producto de \u00a1un sabotaje! orquestado, en ese riguroso orden, por el PRI, el PAN y por Ricardo Salinas Pliego. Guion que, sin duda, surgi\u00f3 de oficinas palaciegas.<\/p>\n<p>Que no salte su cinismo, se\u00f1oras y se\u00f1ores cuatroteros.<\/p>\n<p>Tengan, cuando menos, pudor pol\u00edtico.<\/p>\n<p>Es el freno \u00e9tico que impide que la autoridad se descarrile, asegurando que el gobernante mantenga un sentido de respeto hacia s\u00ed mismo y hacia toda\u00a0 subrayo: toda\u2013 la sociedad a la que debe servir.<\/p>\n<p>\u201cUn poquito de por favor\u201d, como dice el c\u00f3mico espa\u00f1ol.<\/p>\n<p>* * *<\/p>\n<p>Como todos los finales de a\u00f1o, no faltaron los consejos y advertencias sobre el Pantone Matching System de la ropa interior a usar durante la noche de San Silvestre.<\/p>\n<p>Que si rojos, para amor y pasi\u00f3n\u2026 que si amarillos, para dinero y prosperidad\u2026 que si verdes, para salud y esperanza\u2026 que si blancos, para paz y armon\u00eda\u2026 que si negros, para lujo o para cerrar ciclos\u2026 que si azules, para equilibrio y proyectos\u2026 y as\u00ed hasta casi agotar toda la gama del arco\u00edris.<\/p>\n<p>Hubo incluso quien propuso no usar la prenda, andar \u201ca r\u00e1is\u201d\u2026para que en 2026 \u00a1todo salga de pelos!<\/p>\n<p>Hasta ahora, empero, no he conocido que el color de los calzones determine el futuro, excepto \u2013eso s\u00ed\u2013 el de aquellos que seguramente usan tangas y \u201ctarzaneras\u201d color guinda, pues deben brindar impunidad. Y no por un a\u00f1o, sino ya por lo menos en un par de sexenios.<\/p>\n<p>\u00bfO no es as\u00ed, Ad\u00e1n L\u00f3pez? \u00bfY los bien llamados \u201ctrivagos\u201d?<\/p>\n<p>Los de AMLO se exhiben cada semana en el tendedero de Casa \u201cLa Chingada\u201d.<\/p>\n<p>Va como tip para los adoradores de \u201cel presidente L\u00f3pez Obrador\u201d, como a\u00fan le llama la se\u00f1ora Sheinbaum.<\/p>\n<p>\u00a1Vayan a venerar esas prendas, ya que es \u201cpor sus calzones\u201d que el pa\u00eds est\u00e1 sumido en la mier\u2026!<\/p>\n<p>&nbsp;<\/p>\n<p><img loading=\"lazy\" decoding=\"async\" class=\"aligncenter size-full wp-image-523653\" src=\"https:\/\/indicepolitico.com\/wp-content\/uploads\/2026\/01\/impudica.jpg\" sizes=\"auto, (max-width: 496px) 100vw, 496px\" srcset=\"https:\/\/indicepolitico.com\/wp-content\/uploads\/2026\/01\/impudica.jpg 496w, https:\/\/indicepolitico.com\/wp-content\/uploads\/2026\/01\/impudica-300x185.jpg 300w\" alt=\"\" width=\"496\" height=\"306\" data-pin-no-hover=\"true\" \/><\/p>\n<p>* * *<\/p>\n<p>M\u00e1s all\u00e1 del color de \u201cchones\u201d con el que usted haya recibido el 2026 vea lo que sucede ahora mismo en Ir\u00e1n, pues previsiblemente lo mismo pasar\u00e1 m\u00e1s temprano que tarde en M\u00e9xico.<\/p>\n<p>La teocracia encabezada por Al\u00ed Hosein\u00ed Jamenei \u2013aqu\u00ed la lidera AMLO\u2013 est\u00e1 en crisis terminal y \u00e9l permanece escondido. El presidente Masoud Pezeshkian no da una y, como lo comentamos aqu\u00ed hace unos d\u00edas, ya hasta confes\u00f3 que no\u2019m\u00e1s no puede con el paquete.<\/p>\n<p>Pese a que Ir\u00e1n es un gran productor de petr\u00f3leo, nadie sabe y nadie supo d\u00f3nde est\u00e1n los muchos billones de d\u00f3lares producto de la exportaci\u00f3n del crudo\u2026 \u00bfle suena?<\/p>\n<p>En Teher\u00e1n, la capital, no hay agua y la poblaci\u00f3n est\u00e1 desesperada por lo que lleva ya varios d\u00edas en las calles manifest\u00e1ndose en contra del r\u00e9gimen.<\/p>\n<p>Cada vez hay menos actividades represoras en contra de los inconformes, pues los elementos de las polic\u00edas y Fuerzas Armadas tambi\u00e9n sufren los mismos problemas.<\/p>\n<p>La inflaci\u00f3n ya es inmanejable. La alimentaci\u00f3n de los iran\u00edes depende mayoritariamente de las importaciones y, como no hay d\u00f3lares, los anaqueles de los mercados est\u00e1n vac\u00edos o los productos est\u00e1n fuera del alcance de quienes, la mayor\u00eda, perciben salarios equivalentes a 2 mil pesos mensuales.<\/p>\n<p>Ir\u00e1n es uno de los ejes en torno al cual giran las dictaduras del llamado Socialismo del Siglo XXI, Cuba, Venezuela, Nicaragua y, si nos dejamos, hacia donde la 4T quiere llevar a M\u00e9xico.<\/p>\n<p>Pero si Ir\u00e1n \u201ctruena\u201d, tambi\u00e9n lo har\u00e1n los dictadores de nuestro continente.<\/p>\n<p>Y quiz\u00e1 M\u00e9xico llegue a salvarse de tal cat\u00e1strofe.<\/p>\n<p>@AndySKBrown1<\/p>\n<p><em>* Pseud\u00f3nimo bajo el que se redactan informaciones aportadas por los colaboradores y lectores del portal \u00cdndice Pol\u00edtico.<\/em><\/p>\n","protected":false},"excerpt":{"rendered":"<p>La Espinita Andy S. K. Brown Sheinbaum, una dama pudorosa Calzones guindas = \u00a1Impunidad! \u00bfSuceder\u00e1 aqu\u00ed lo que en Ir\u00e1n? &nbsp; Cuando el pudor pol\u00edtico no existe el ejercicio del poder deriva en cinismo. Y hay una enorme dosis de cinismo en las declaraciones de la se\u00f1ora Claudia Sheinbaum al acusar de imp\u00fadicos a los medios de comunicaci\u00f3n que, en ejercicio de un derecho constitucional, han dado a conocer las im\u00e1genes de los fallecidos a causa del descarrilamiento de uno de los trenes del ferrocarril trans\u00edstmico, as\u00ed como de las enormes fallas estructurales de las v\u00edas que provocaron el \u201cincidente\u201d, [&hellip;]<\/p>\n","protected":false},"author":3,"featured_media":89493,"comment_status":"open","ping_status":"open","sticky":false,"template":"","format":"standard","meta":{"_jetpack_newsletter_access":"","_jetpack_dont_email_post_to_subs":false,"_jetpack_newsletter_tier_id":0,"_jetpack_memberships_contains_paywalled_content":false,"_jetpack_feature_clip_id":0,"_jetpack_memberships_contains_paid_content":false,"footnotes":"","jetpack_publicize_message":"","jetpack_publicize_feature_enabled":true,"jetpack_social_post_already_shared":true,"jetpack_social_options":{"image_generator_settings":{"template":"highway","default_image_id":0,"font":"","enabled":false},"version":2},"jetpack_post_was_ever_published":false},"categories":[79],"tags":[],"class_list":["post-137704","post","type-post","status-publish","format-standard","has-post-thumbnail","hentry","category-columnistas-nacionales","post--single"],"jetpack_publicize_connections":[],"jetpack_featured_media_url":"https:\/\/ovelanalista.com\/wp-content\/uploads\/2024\/01\/Andy-S.-K.-Brown.jpeg","jetpack_sharing_enabled":true,"_links":{"self":[{"href":"https:\/\/ovelanalista.com\/index.php?rest_route=\/wp\/v2\/posts\/137704","targetHints":{"allow":["GET"]}}],"collection":[{"href":"https:\/\/ovelanalista.com\/index.php?rest_route=\/wp\/v2\/posts"}],"about":[{"href":"https:\/\/ovelanalista.com\/index.php?rest_route=\/wp\/v2\/types\/post"}],"author":[{"embeddable":true,"href":"https:\/\/ovelanalista.com\/index.php?rest_route=\/wp\/v2\/users\/3"}],"replies":[{"embeddable":true,"href":"https:\/\/ovelanalista.com\/index.php?rest_route=%2Fwp%2Fv2%2Fcomments&post=137704"}],"version-history":[{"count":1,"href":"https:\/\/ovelanalista.com\/index.php?rest_route=\/wp\/v2\/posts\/137704\/revisions"}],"predecessor-version":[{"id":137709,"href":"https:\/\/ovelanalista.com\/index.php?rest_route=\/wp\/v2\/posts\/137704\/revisions\/137709"}],"wp:featuredmedia":[{"embeddable":true,"href":"https:\/\/ovelanalista.com\/index.php?rest_route=\/wp\/v2\/media\/89493"}],"wp:attachment":[{"href":"https:\/\/ovelanalista.com\/index.php?rest_route=%2Fwp%2Fv2%2Fmedia&parent=137704"}],"wp:term":[{"taxonomy":"category","embeddable":true,"href":"https:\/\/ovelanalista.com\/index.php?rest_route=%2Fwp%2Fv2%2Fcategories&post=137704"},{"taxonomy":"post_tag","embeddable":true,"href":"https:\/\/ovelanalista.com\/index.php?rest_route=%2Fwp%2Fv2%2Ftags&post=137704"}],"curies":[{"name":"wp","href":"https:\/\/api.w.org\/{rel}","templated":true}]}}