{"id":142425,"date":"2026-03-11T19:00:22","date_gmt":"2026-03-12T02:00:22","guid":{"rendered":"https:\/\/ovelanalista.com\/?p=142425"},"modified":"2026-03-11T11:22:11","modified_gmt":"2026-03-11T18:22:11","slug":"veracruz-segundo-lugar-nacional-de-inversiones","status":"publish","type":"post","link":"https:\/\/ovelanalista.com\/?p=142425","title":{"rendered":"Veracruz, segundo lugar nacional de inversiones"},"content":{"rendered":"<p>Veracruz ha logrado posicionarse como el segundo estado con mayor anuncio de inversiones en M\u00e9xico.<\/p>\n<p data-path-to-node=\"3\">Gracias a una estrategia de promoci\u00f3n econ\u00f3mica y certidumbre jur\u00eddica,\u00a0<b data-path-to-node=\"3\" data-index-in-node=\"87\">Veracruz ha logrado posicionarse como el segundo estado con mayor anuncio de inversiones en M\u00e9xico<\/b>, captando una expectativa de\u00a0<b data-path-to-node=\"3\" data-index-in-node=\"215\">856 millones de d\u00f3lares<\/b>.<\/p>\n<p data-path-to-node=\"4\">De acuerdo con el reporte de la Direcci\u00f3n General de Inversi\u00f3n Extranjera de la<strong>\u00a0Secretar\u00eda de Econom\u00eda,<\/strong>\u00a0esta cifra representa el\u00a0<b data-path-to-node=\"4\" data-index-in-node=\"129\">6% del total nacional<\/b>, reafirmando la confianza del capital global en la administraci\u00f3n que encabeza la gobernadora\u00a0<b data-path-to-node=\"4\" data-index-in-node=\"245\">Roc\u00edo Nahle Garc\u00eda<\/b>.<\/p>\n<div id=\"ros-inread-hp8oau\" class=\"ad-container dfp-ad-unit ad-inread ad-main-inread ad-slot\" data-ad-type=\"inread\" data-slot=\"inread\" data-ad-loaded=\"1\" data-ad-setup=\"{&quot;postID&quot;:1772391,&quot;canRefresh&quot;:false,&quot;infinitescroll&quot;:false}\" data-google-query-id=\"CLfm6om7mJMDFec4RAgd_8QQsw\"><\/div>\n<div data-ad-type=\"inread\" data-slot=\"inread\" data-ad-loaded=\"1\" data-ad-setup=\"{&quot;postID&quot;:1772391,&quot;canRefresh&quot;:false,&quot;infinitescroll&quot;:false}\" data-google-query-id=\"CLfm6om7mJMDFec4RAgd_8QQsw\">\n<p data-path-to-node=\"6\">Los proyectos anunciados no solo representan capital, sino una transformaci\u00f3n directa en la calidad de vida de los veracruzanos. Se estima un potencial de:<\/p>\n<div id=\"standard_4\" class=\"st-placement standard_4 inArticle\">\n<div class=\"st-adunit-inarticle st-inarticle-slot\">\n<div class=\"st-adunit st-adunit-tagged st-reset st-show\">\n<div class=\"st-adunit-ad st-reset\">\n<div>\n<div class=\"st-display-render st-reset open 587x330\">\n<div class=\"x-to-close st-reset\">\n<p data-path-to-node=\"7,0,0\"><b data-path-to-node=\"7,0,0\" data-index-in-node=\"0\">-2,857 nuevos empleos<\/b>\u00a0directos.<\/p>\n<p data-path-to-node=\"7,1,0\"><b data-path-to-node=\"7,1,0\" data-index-in-node=\"0\">-Sectores beneficiados:<\/b>\u00a0Manufactura, servicios, miner\u00eda y agroindustria.<\/p>\n<div id=\"standard_3\" class=\"st-placement standard_3 inImage\">\n<div class=\"st-adunit st-adunit-tagged st-reset st-show\"><\/div>\n<\/div>\n<p class=\"post--content--img \" data-path-to-node=\"7,1,0\"><img loading=\"lazy\" decoding=\"async\" class=\"alignnone size-large wp-image-1772393 img-responsive \" title=\"\" src=\"https:\/\/lopezdoriga.com\/wp-content\/uploads\/2026\/03\/whatsapp-image-2026-03-10-at-21805-pm-1-881x1024.jpeg\" sizes=\"auto, (max-width: 881px) 100vw, 881px\" srcset=\"https:\/\/lopezdoriga.com\/wp-content\/uploads\/2026\/03\/whatsapp-image-2026-03-10-at-21805-pm-1-881x1024.jpeg 881w, https:\/\/lopezdoriga.com\/wp-content\/uploads\/2026\/03\/whatsapp-image-2026-03-10-at-21805-pm-1-258x300.jpeg 258w, https:\/\/lopezdoriga.com\/wp-content\/uploads\/2026\/03\/whatsapp-image-2026-03-10-at-21805-pm-1-768x893.jpeg 768w, https:\/\/lopezdoriga.com\/wp-content\/uploads\/2026\/03\/whatsapp-image-2026-03-10-at-21805-pm-1-1321x1536.jpeg 1321w, https:\/\/lopezdoriga.com\/wp-content\/uploads\/2026\/03\/whatsapp-image-2026-03-10-at-21805-pm-1.jpeg 1376w\" alt=\"Veracruz, segundo lugar nacional de inversiones - whatsapp-image-2026-03-10-at-21805-pm-1-881x1024\" width=\"881\" height=\"1024\" \/><\/p>\n<p data-path-to-node=\"9\">El secretario de Desarrollo Econ\u00f3mico y Portuario,\u00a0<b data-path-to-node=\"9\" data-index-in-node=\"51\">Ernesto P\u00e9rez Astorga<\/b>, subray\u00f3 que este logro es consecuencia de una promoci\u00f3n permanente de las ventajas competitivas del estado, especialmente en las \u00e1reas de log\u00edstica y manufactura.<\/p>\n<blockquote>\n<p data-path-to-node=\"9\">Veracruz est\u00e1 consolid\u00e1ndose como una plataforma log\u00edstica y productiva clave para el desarrollo econ\u00f3mico del pa\u00eds\u201d, se\u00f1al\u00f3\u00a0<b data-path-to-node=\"9\" data-index-in-node=\"51\">P\u00e9rez Astorga,\u00a0<\/b>destacando el trabajo coordinado entre el gobierno estatal y el sector empresarial.<\/p>\n<\/blockquote>\n<p data-path-to-node=\"12\">\u00a0Con estos resultados, la entidad reafirma su papel como un polo estrat\u00e9gico para el crecimiento regional y el fortalecimiento de la econom\u00eda mexicana durante este 2026<\/p>\n<p data-path-to-node=\"12\">Con informaci\u00f3n de L\u00f3pez-D\u00f3riga Digital<\/p>\n<div id=\"ros-inread-multiple-9kjkad\" class=\"ad-container dfp-ad-unit ad-inread ad-slot\" data-ad-type=\"inreadbox\" data-slot=\"inread-multiple\" data-ad-loaded=\"1\" data-ad-setup=\"{&quot;postID&quot;:1772391,&quot;canRefresh&quot;:false,&quot;infinitescroll&quot;:false}\" data-google-query-id=\"CPue-Zi7mJMDFeI3RAgdWQE7eQ\"><\/div>\n<\/div>\n<\/div>\n<\/div>\n<\/div>\n<\/div>\n<\/div>\n<\/div>\n<\/div>\n","protected":false},"excerpt":{"rendered":"<p>Veracruz ha logrado posicionarse como el segundo estado con mayor anuncio de inversiones en M\u00e9xico. Gracias a una estrategia de promoci\u00f3n econ\u00f3mica y certidumbre jur\u00eddica,\u00a0Veracruz ha logrado posicionarse como el segundo estado con mayor anuncio de inversiones en M\u00e9xico, captando una expectativa de\u00a0856 millones de d\u00f3lares. De acuerdo con el reporte de la Direcci\u00f3n General de Inversi\u00f3n Extranjera de la\u00a0Secretar\u00eda de Econom\u00eda,\u00a0esta cifra representa el\u00a06% del total nacional, reafirmando la confianza del capital global en la administraci\u00f3n que encabeza la gobernadora\u00a0Roc\u00edo Nahle Garc\u00eda. Los proyectos anunciados no solo representan capital, sino una transformaci\u00f3n directa en la calidad de vida de [&hellip;]<\/p>\n","protected":false},"author":3,"featured_media":142432,"comment_status":"open","ping_status":"open","sticky":false,"template":"","format":"standard","meta":{"_jetpack_newsletter_access":"","_jetpack_dont_email_post_to_subs":false,"_jetpack_newsletter_tier_id":0,"_jetpack_memberships_contains_paywalled_content":false,"_jetpack_feature_clip_id":0,"_jetpack_memberships_contains_paid_content":false,"footnotes":"","jetpack_publicize_message":"","jetpack_publicize_feature_enabled":true,"jetpack_social_post_already_shared":true,"jetpack_social_options":{"image_generator_settings":{"template":"highway","default_image_id":0,"font":"","enabled":false},"version":2},"jetpack_post_was_ever_published":false},"categories":[75],"tags":[],"class_list":["post-142425","post","type-post","status-publish","format-standard","has-post-thumbnail","hentry","category-nacional","post--single"],"jetpack_publicize_connections":[],"jetpack_featured_media_url":"https:\/\/ovelanalista.com\/wp-content\/uploads\/2026\/03\/whatsapp-image-2026-03-10-at-21805-pm-2.jpeg","jetpack_sharing_enabled":true,"_links":{"self":[{"href":"https:\/\/ovelanalista.com\/index.php?rest_route=\/wp\/v2\/posts\/142425","targetHints":{"allow":["GET"]}}],"collection":[{"href":"https:\/\/ovelanalista.com\/index.php?rest_route=\/wp\/v2\/posts"}],"about":[{"href":"https:\/\/ovelanalista.com\/index.php?rest_route=\/wp\/v2\/types\/post"}],"author":[{"embeddable":true,"href":"https:\/\/ovelanalista.com\/index.php?rest_route=\/wp\/v2\/users\/3"}],"replies":[{"embeddable":true,"href":"https:\/\/ovelanalista.com\/index.php?rest_route=%2Fwp%2Fv2%2Fcomments&post=142425"}],"version-history":[{"count":1,"href":"https:\/\/ovelanalista.com\/index.php?rest_route=\/wp\/v2\/posts\/142425\/revisions"}],"predecessor-version":[{"id":142433,"href":"https:\/\/ovelanalista.com\/index.php?rest_route=\/wp\/v2\/posts\/142425\/revisions\/142433"}],"wp:featuredmedia":[{"embeddable":true,"href":"https:\/\/ovelanalista.com\/index.php?rest_route=\/wp\/v2\/media\/142432"}],"wp:attachment":[{"href":"https:\/\/ovelanalista.com\/index.php?rest_route=%2Fwp%2Fv2%2Fmedia&parent=142425"}],"wp:term":[{"taxonomy":"category","embeddable":true,"href":"https:\/\/ovelanalista.com\/index.php?rest_route=%2Fwp%2Fv2%2Fcategories&post=142425"},{"taxonomy":"post_tag","embeddable":true,"href":"https:\/\/ovelanalista.com\/index.php?rest_route=%2Fwp%2Fv2%2Ftags&post=142425"}],"curies":[{"name":"wp","href":"https:\/\/api.w.org\/{rel}","templated":true}]}}