{"id":142441,"date":"2026-03-12T09:39:24","date_gmt":"2026-03-12T16:39:24","guid":{"rendered":"https:\/\/ovelanalista.com\/?p=142441"},"modified":"2026-03-12T09:39:24","modified_gmt":"2026-03-12T16:39:24","slug":"contaminacion-otro-desengano-de-sheinbaum","status":"publish","type":"post","link":"https:\/\/ovelanalista.com\/?p=142441","title":{"rendered":"Contaminaci\u00f3n: \u00a1Otro desenga\u00f1o de Sheinbaum!"},"content":{"rendered":"<p><strong>La Espinita<\/strong><\/p>\n<p><strong>Andy S. K. Brown<\/strong><\/p>\n<ul>\n<li><strong>Contaminaci\u00f3n: \u00a1Otro desenga\u00f1o de Sheinbaum!<\/strong><\/li>\n<li><strong>Pablo G\u00f3mez: Ni en lo electoral dio pie con bola<\/strong><\/li>\n<li><strong>AICM y GN: Violaci\u00f3n al Quinto Constitucional<\/strong><\/li>\n<\/ul>\n<p>&nbsp;<\/p>\n<p>Son muchas las ocasiones en las cuales los premios, los diplomas y las medallas sirven para lo mismo que se le unta al queso.<\/p>\n<p>Ah\u00ed tiene usted el caso de los entorchados que la \u201ccient\u00edfica\u201d Claudia Sheinbaum ha recibido en materia ambiental. \u00bfDe qu\u00e9 nos sirvieron a los habitantes y visitantes de la cuenca del Valle de M\u00e9xico si la contaminaci\u00f3n por humos t\u00f3xicos es cada vez m\u00e1s densa y frecuente?<\/p>\n<p>Sheinbaum ha mencionado su participaci\u00f3n en el Panel Intergubernamental de Cambio Clim\u00e1tico (IPCC) de la ONU que gan\u00f3 el Nobel de la Paz en 2007. Se ha aclarado que ella contribuy\u00f3 como autora en el grupo de expertos.<\/p>\n<p>Tambi\u00e9n haber recibido la Medalla Nobel Sustainability Trust 2024. Una fundaci\u00f3n (vinculada a la familia Nobel, pero distinta a los Premios Nobel oficiales de la Academia Sueca) por sus pol\u00edticas de sostenibilidad en Ciudad de M\u00e9xico, como el uso de energ\u00eda solar y el transporte p\u00fablico.<\/p>\n<p>Y en 2024 un premio espec\u00edfico de sostenibilidad que le fue otorgado por acciones realizadas como jefa de Gobierno, incluyendo la planta fotovoltaica de la Central de Abastos y la movilidad sustentable.<\/p>\n<p>Y hasta ah\u00ed.<\/p>\n<p>Pero toda su ciencia y todos sus laureles sirvieron para maldita la cosa, en tanto la referida se\u00f1ora fue regente de AMLO en la capital nacional durante casi todo el anterior sexenio. Ella estaba m\u00e1s ocupada quedando bien con su jefe para que le favoreciera con la designaci\u00f3n como candidata presidencial.<\/p>\n<p>La contaminaci\u00f3n es asfixiante. Provoca severos problemas de salud. Inmoviliza a buena parte de los automovilistas \u2013y de la econom\u00eda\u2013, a cuyos veh\u00edculos se inculpa de provocar los cotidianos \u201choy no circula\u201d, mientras la refiner\u00eda y la termoel\u00e9ctrica instaladas en Tula siguen enviando sus venenosos humos hacia el norte hasta chocar en el sur con la sierra del Ajusco.<\/p>\n<p>Ahora como inquilina de AMLO en Palacio Nacional podr\u00eda ordenar a Pemex que mejorara la calidad de sus gasolinas\u2026 pero tampoco.<\/p>\n<p>Y antes que crear espacios arbolados y jardinados, dej\u00f3 morir no solo un ahuehuete en el Paseo de la Reforma, tambi\u00e9n cientos, tal vez miles de palmeras y otras especies arb\u00f3reas.<\/p>\n<p>\u00a1Gran desilusi\u00f3n! \u00a1Los Premios Nobel \u2013el de grupo y el casi fake en lo individual\u2013 han servido para presumir, pero nada m\u00e1s.<\/p>\n<p>* * *<\/p>\n<p>Aqu\u00ed se lo adelant\u00e9 desde el 27 de enero.<\/p>\n<p>\u201cEl viejo Pablo G\u00f3mez ya no es aquel joven que, tras sus andanzas en 1968, sab\u00eda interpretar los signos y los tiempos para aprovecharlos en su beneficio propio.<\/p>\n<p>\u201cEste viejo G\u00f3mez no entendi\u00f3 los tiempos que transcurren en el pa\u00eds y allende sus fronteras.<\/p>\n<p>\u201cImbuido en su fanatismo no se percat\u00f3 de la fragilidad de Morena que s\u00ed necesita vejigas \u2013PV y PT\u2013 para nadar.<\/p>\n<p>\u201cTampoco \u2018ley\u00f3\u2019 las presiones que desde el exterior ejercen pol\u00edticos y empresarios de nuestros dos principales socios comerciales.<\/p>\n<p>\u201cY sin tomar las debidas providencias Pablo se lanz\u00f3 al vac\u00edo de la redacci\u00f3n de un borrador de reforma electoral que en estos momentos es pr\u00e1cticamente imposible de concretar\u2026 a menos que Morena y hasta el pa\u00eds paguen costosas consecuencias.<\/p>\n<p>\u201cPablo G\u00f3mez crey\u00f3 que de verdad legalmente hab\u00edan alcanzado la mayor\u00eda en la C\u00e1mara Baja. Quiz\u00e1 fue el \u00fanico porque los dem\u00e1s nos dimos cuentas que es ficticia y alcanzada \u201ca la legalona\u201d.<\/p>\n<p>\u201cIgual con el Senado de la Rep\u00fablica. Las adquisiciones de Morena provenientes de otras bancadas evidenciaron que su mayor\u00eda no es tal. Es espuria.<\/p>\n<p>\u201cY en cuanto a lo que sucede m\u00e1s all\u00e1 de nuestras fronteras, quien a\u00fan presume su activismo en el \u201968, omiti\u00f3 que las duras y exigentes condiciones que Estados Unidos impondr\u00e1 para la renegociaci\u00f3n del T-MEC pasan obligadamente por las condiciones pol\u00edticas del pa\u00eds. Su borrador de reforma electoral pone a \u00e9stas en rojo peligro.<\/p>\n<p>\u201cLa reforma electoral que le encargaron AMLO y Claudia Sheinbaum es el gran fracaso de Pablo G\u00f3mez quien, al parecer, vive una realidad distinta a la de todos los dem\u00e1s.\u201d<\/p>\n<p>Se los dije.<\/p>\n<p>&nbsp;<\/p>\n<p><img loading=\"lazy\" decoding=\"async\" class=\"aligncenter size-full wp-image-528379 entered litespeed-loaded\" src=\"https:\/\/indicepolitico.com\/wp-content\/uploads\/2026\/03\/contaminacion-cdmx.jpg\" alt=\"\" width=\"516\" height=\"316\" data-lazyloaded=\"1\" data-src=\"https:\/\/indicepolitico.com\/wp-content\/uploads\/2026\/03\/contaminacion-cdmx.jpg\" data-pin-no-hover=\"true\" data-ll-status=\"loaded\" \/><\/p>\n<p>* * *<\/p>\n<p>A \u00e9ste, al igual que a los anteriores gobiernitos, la Constituci\u00f3n les vale madre.<\/p>\n<p>Todas las garant\u00edas o derechos humanos que la Carta Magna consagra para nosotros son letra muerta para nuestros dizque gobernantes.<\/p>\n<p>No hay libertad de reuni\u00f3n. Mandan a su \u201cbloque negro\u201d para desvirtuar cualquiera de ellas.<\/p>\n<p>No hay libertad de expresi\u00f3n. Si no compran, reprimen, pero est\u00e1n siempre en b\u00fasqueda de que la verdad no salga a flote.<\/p>\n<p>Ahora tampoco hay libertad de trabajo, no obstante que el 5\u00ba. Constitucional se\u00f1ala que toda persona puede dedicarse a la profesi\u00f3n, industria, comercio o trabajo que le acomode, siendo l\u00edcitos. Nadie puede ser privado del producto de su trabajo sino por resoluci\u00f3n judicial.<\/p>\n<p>Y en el caso de los conductores de Uber, de Didi y de otras plataformas de transporte esa libertad se ve conculcada en el Aeropuerto Internacional de Ciudad de M\u00e9xico, donde adem\u00e1s los reprime la Guardia Nacional, no obstante que hay una resoluci\u00f3n judicial girada por la jueza decimotercera de Distrito en Materia<\/p>\n<p>Administrativa, quien orden\u00f3 a la corporaci\u00f3n federal respetar la suspensi\u00f3n definitiva concedida a Uber dentro del juicio de amparo 1202\/2025.<\/p>\n<p>Pero no. Les vale madre.<\/p>\n<p>@AndySKBrown1<\/p>\n<p><em>*Pseud\u00f3nimo bajo el que se redactan informaciones comprobadas que son enviadas por lectores y colaboradores del portal \u00cdndice Pol\u00edtico.<\/em><\/p>\n","protected":false},"excerpt":{"rendered":"<p>La Espinita Andy S. K. Brown Contaminaci\u00f3n: \u00a1Otro desenga\u00f1o de Sheinbaum! Pablo G\u00f3mez: Ni en lo electoral dio pie con bola AICM y GN: Violaci\u00f3n al Quinto Constitucional &nbsp; Son muchas las ocasiones en las cuales los premios, los diplomas y las medallas sirven para lo mismo que se le unta al queso. Ah\u00ed tiene usted el caso de los entorchados que la \u201ccient\u00edfica\u201d Claudia Sheinbaum ha recibido en materia ambiental. \u00bfDe qu\u00e9 nos sirvieron a los habitantes y visitantes de la cuenca del Valle de M\u00e9xico si la contaminaci\u00f3n por humos t\u00f3xicos es cada vez m\u00e1s densa y frecuente? [&hellip;]<\/p>\n","protected":false},"author":3,"featured_media":89493,"comment_status":"open","ping_status":"open","sticky":false,"template":"","format":"standard","meta":{"_jetpack_newsletter_access":"","_jetpack_dont_email_post_to_subs":false,"_jetpack_newsletter_tier_id":0,"_jetpack_memberships_contains_paywalled_content":false,"_jetpack_feature_clip_id":0,"_jetpack_memberships_contains_paid_content":false,"footnotes":"","jetpack_publicize_message":"","jetpack_publicize_feature_enabled":true,"jetpack_social_post_already_shared":true,"jetpack_social_options":{"image_generator_settings":{"template":"highway","default_image_id":0,"font":"","enabled":false},"version":2},"jetpack_post_was_ever_published":false},"categories":[79],"tags":[],"class_list":["post-142441","post","type-post","status-publish","format-standard","has-post-thumbnail","hentry","category-columnistas-nacionales","post--single"],"jetpack_publicize_connections":[],"jetpack_featured_media_url":"https:\/\/ovelanalista.com\/wp-content\/uploads\/2024\/01\/Andy-S.-K.-Brown.jpeg","jetpack_sharing_enabled":true,"_links":{"self":[{"href":"https:\/\/ovelanalista.com\/index.php?rest_route=\/wp\/v2\/posts\/142441","targetHints":{"allow":["GET"]}}],"collection":[{"href":"https:\/\/ovelanalista.com\/index.php?rest_route=\/wp\/v2\/posts"}],"about":[{"href":"https:\/\/ovelanalista.com\/index.php?rest_route=\/wp\/v2\/types\/post"}],"author":[{"embeddable":true,"href":"https:\/\/ovelanalista.com\/index.php?rest_route=\/wp\/v2\/users\/3"}],"replies":[{"embeddable":true,"href":"https:\/\/ovelanalista.com\/index.php?rest_route=%2Fwp%2Fv2%2Fcomments&post=142441"}],"version-history":[{"count":1,"href":"https:\/\/ovelanalista.com\/index.php?rest_route=\/wp\/v2\/posts\/142441\/revisions"}],"predecessor-version":[{"id":142446,"href":"https:\/\/ovelanalista.com\/index.php?rest_route=\/wp\/v2\/posts\/142441\/revisions\/142446"}],"wp:featuredmedia":[{"embeddable":true,"href":"https:\/\/ovelanalista.com\/index.php?rest_route=\/wp\/v2\/media\/89493"}],"wp:attachment":[{"href":"https:\/\/ovelanalista.com\/index.php?rest_route=%2Fwp%2Fv2%2Fmedia&parent=142441"}],"wp:term":[{"taxonomy":"category","embeddable":true,"href":"https:\/\/ovelanalista.com\/index.php?rest_route=%2Fwp%2Fv2%2Fcategories&post=142441"},{"taxonomy":"post_tag","embeddable":true,"href":"https:\/\/ovelanalista.com\/index.php?rest_route=%2Fwp%2Fv2%2Ftags&post=142441"}],"curies":[{"name":"wp","href":"https:\/\/api.w.org\/{rel}","templated":true}]}}