{"id":142451,"date":"2026-03-12T10:08:19","date_gmt":"2026-03-12T17:08:19","guid":{"rendered":"https:\/\/ovelanalista.com\/?p=142451"},"modified":"2026-03-12T10:08:19","modified_gmt":"2026-03-12T17:08:19","slug":"paga-sueldos-uaem-en-paro","status":"publish","type":"post","link":"https:\/\/ovelanalista.com\/?p=142451","title":{"rendered":"Paga Sueldos UAEM en Paro"},"content":{"rendered":"<p><strong>HOMO POL\u00cdTICUS<\/strong><\/p>\n<p><strong>PAVE SOBERANES<\/strong><\/p>\n<ul>\n<li><i>Partido Barredora, Barrido en San L\u00e1zaro<\/i><\/li>\n<\/ul>\n<p><i>\u00a0\u00a0<\/i><\/p>\n<p>El rector de la Universidad aut\u00f3noma no se retrat\u00f3 sonriente seis a\u00f1os con el gobernador del estado, sino con gesto serio en una mesa amplia cuando le hizo ver que su injerencia violentaba la Autonom\u00eda Universitaria.<\/p>\n<p>Bueno, hace 43 a\u00f1os en que sucedi\u00f3, el rector era entonces Fausto Guti\u00e9rrez Arag\u00f3n [\u2020] \u2014considerado por muchos como\u00a0<i>El \u00faltimo gran rector<\/i>\u2014 y el gobernador Lauro Ortega [\u2020]. \u00abYa llovi\u00f3\u00bb, dec\u00eda el colmilludo mandatario.<\/p>\n<p>Entremetimiento gubernativo no es gestionar recursos extraordinarios para paliar la crisis financiera, ni ofertar acciones que repercuten en la integralidad de seguridad p\u00fablica sin excepciones, como ya gestion\u00f3 y ofert\u00f3 Margarita Gonz\u00e1lez-Saravia. Por cierto, ayer dispers\u00f3 Rector\u00eda el sueldo de todos los trabajadores, incluido el de sus directivos, camino a cumplir una catorcena ya sin clases.<\/p>\n<p>No olvidar que los recursos p\u00fablicos ministrados a la Universidad estatal provienen de las familias que cumplen el pago de impuestos, es fundamental para valorar el significado de Autonom\u00eda Universitaria, como ilustra Cipriano Sotelo, doctor en Derecho y rector de la Universidad de Ciencias Jur\u00eddicas en uno de sus ilustrativos art\u00edculos que son c\u00e1tedra a distancia, y lo mejor, con gratuidad.<\/p>\n<p>C\u00f3mo olvidar que en 2015 los diputados locales Luc\u00eda Meza y Javier Bola\u00f1os intentaron contar cada peso gastado por el verismo, con un contralor asignado. La idea del gracato era demostrar la corrupci\u00f3n en la Universidad. Miles de universitarios se movilizaron e hicieron suyas las instalaciones de Matamoros 10, sede de la C\u00e1mara de Diputados, donde pernoctaron. El gobernador andaba en Par\u00eds, celebrando su cumplea\u00f1os, como lo dijo\u00a0<b>homo<\/b>pol\u00edticus.\u00a0\u00abDicen por ah\u00ed que fui a festejar mi cumplea\u00f1os; mentira, mi cumplea\u00f1os lo celebr\u00e9 en la Ciudad de M\u00e9xico\u00bb, se defendi\u00f3 a su regreso el hijo del teniente Ram\u00edrez. La malograda intenci\u00f3n de la revisi\u00f3n de gastos, incluso de haberse cumplimentado, en absoluto violent\u00f3 la Autonom\u00eda Universitaria.<\/p>\n<p>Los rectores Alejandro Vera y Gustavo Urquiza siempre posaron sonriendo junto a los gobernadores Graco Ram\u00edrez y Cuauht\u00e9moc Blanco, y hasta se entregaron mutuamente reconocimientos de cartulina opalina, mientras la Universidad, que pas\u00f3 de aut\u00f3noma a estatal, iba en descenso pol\u00edtica, financiera y educacionalmente, coloc\u00e1ndose en el lugar 34 nacional, seg\u00fan\u00a0<a title=\"https:\/\/mextudia.com\/rankings\/4icu-org\/\" href=\"https:\/\/mextudia.com\/rankings\/4icu-org\/\" target=\"_blank\" rel=\"noopener noreferrer\" data-auth=\"NotApplicable\" data-linkindex=\"3\"><i>Mextudia<\/i><\/a>, del que no ha salido. Destacan las carreras de Medicina, Derecho y Administraci\u00f3n, pero decir que la UAEM es de las mejores 10 del pa\u00eds, es autoenga\u00f1o.<\/p>\n<p>&nbsp;<\/p>\n<p><img loading=\"lazy\" decoding=\"async\" class=\"aligncenter size-full wp-image-528366 entered litespeed-loaded\" src=\"https:\/\/indicepolitico.com\/wp-content\/uploads\/2026\/03\/image-3412.jpg\" alt=\"\" width=\"600\" height=\"305\" data-lazyloaded=\"1\" data-src=\"https:\/\/indicepolitico.com\/wp-content\/uploads\/2026\/03\/image-3412.jpg\" data-pin-no-hover=\"true\" data-ll-status=\"loaded\" \/><\/p>\n<p>Don Lauro respondi\u00f3 al rector Guti\u00e9rrez: \u00abPrimero piden, se les da, y luego vienen a reclamar; la Universidad es de todos, no s\u00f3lo de ustedes. Los recursos p\u00fablicos provienen de todos los morelenses\u00bb.<\/p>\n<p>&nbsp;<\/p>\n<p><b>letras<\/b>chiquitas<\/p>\n<p>La reforma electoral pas\u00f3 en comisiones, pero no en la plenaria de San L\u00e1zaro, por lo que no hay reforma constitucional para normar el concurso electoral de 2027. El partido barredora, MORENA, fue barrido por PAN, MC, PV, PRI y PT. Ni las amenazas sheinbaumistas \u2014\u00abHabr\u00e1 consecuencias\u00bb\u2014 hicieron cambiar a sus aliados de Verde y PT***. Las juventudes panistas andan contentos en Morelos, y tienen raz\u00f3n para tal, pues uno de los suyos es ya secretario de la Juventud\u2026 \u00a1en MORENA! Ma\u00f1ana le ampl\u00edo la informaci\u00f3n***. Contextualizando, dije el lunes 10 que esta semana el cenador\u00a0<b>V\u00edctor<\/b>\u00a0<i>el G\u00fcero es\u2026\u00a0<\/i><b>Mercado<\/b>, se\u00f1alado aqu\u00ed de compra de poder dentro de la Universidad estatal, \u00abdebe defenderse hablando, porque el que calla otorga\u00bb, de que tiene participaci\u00f3n en la empresa de seguridad privada que sirve a la UAEM, a lo que ayer dio ment\u00eds\u00a0<b>Cipriano Sotelo\u00a0<\/b>[foto].<b>\u00a0<\/b>Por fortuna,\u00a0<i>Hebr\u00f3n<\/i>\u00a0no tiene dinero\u00a0<i>g\u00fcerista<\/i>\u2026<\/p>\n","protected":false},"excerpt":{"rendered":"<p>HOMO POL\u00cdTICUS PAVE SOBERANES Partido Barredora, Barrido en San L\u00e1zaro \u00a0\u00a0 El rector de la Universidad aut\u00f3noma no se retrat\u00f3 sonriente seis a\u00f1os con el gobernador del estado, sino con gesto serio en una mesa amplia cuando le hizo ver que su injerencia violentaba la Autonom\u00eda Universitaria. Bueno, hace 43 a\u00f1os en que sucedi\u00f3, el rector era entonces Fausto Guti\u00e9rrez Arag\u00f3n [\u2020] \u2014considerado por muchos como\u00a0El \u00faltimo gran rector\u2014 y el gobernador Lauro Ortega [\u2020]. \u00abYa llovi\u00f3\u00bb, dec\u00eda el colmilludo mandatario. Entremetimiento gubernativo no es gestionar recursos extraordinarios para paliar la crisis financiera, ni ofertar acciones que repercuten en la [&hellip;]<\/p>\n","protected":false},"author":3,"featured_media":123567,"comment_status":"open","ping_status":"open","sticky":false,"template":"","format":"standard","meta":{"_jetpack_newsletter_access":"","_jetpack_dont_email_post_to_subs":false,"_jetpack_newsletter_tier_id":0,"_jetpack_memberships_contains_paywalled_content":false,"_jetpack_feature_clip_id":0,"_jetpack_memberships_contains_paid_content":false,"footnotes":"","jetpack_publicize_message":"","jetpack_publicize_feature_enabled":true,"jetpack_social_post_already_shared":true,"jetpack_social_options":{"image_generator_settings":{"template":"highway","default_image_id":0,"font":"","enabled":false},"version":2},"jetpack_post_was_ever_published":false},"categories":[79],"tags":[],"class_list":["post-142451","post","type-post","status-publish","format-standard","has-post-thumbnail","hentry","category-columnistas-nacionales","post--single"],"jetpack_publicize_connections":[],"jetpack_featured_media_url":"https:\/\/ovelanalista.com\/wp-content\/uploads\/2025\/06\/pave_soberanes.jpg","jetpack_sharing_enabled":true,"_links":{"self":[{"href":"https:\/\/ovelanalista.com\/index.php?rest_route=\/wp\/v2\/posts\/142451","targetHints":{"allow":["GET"]}}],"collection":[{"href":"https:\/\/ovelanalista.com\/index.php?rest_route=\/wp\/v2\/posts"}],"about":[{"href":"https:\/\/ovelanalista.com\/index.php?rest_route=\/wp\/v2\/types\/post"}],"author":[{"embeddable":true,"href":"https:\/\/ovelanalista.com\/index.php?rest_route=\/wp\/v2\/users\/3"}],"replies":[{"embeddable":true,"href":"https:\/\/ovelanalista.com\/index.php?rest_route=%2Fwp%2Fv2%2Fcomments&post=142451"}],"version-history":[{"count":1,"href":"https:\/\/ovelanalista.com\/index.php?rest_route=\/wp\/v2\/posts\/142451\/revisions"}],"predecessor-version":[{"id":142455,"href":"https:\/\/ovelanalista.com\/index.php?rest_route=\/wp\/v2\/posts\/142451\/revisions\/142455"}],"wp:featuredmedia":[{"embeddable":true,"href":"https:\/\/ovelanalista.com\/index.php?rest_route=\/wp\/v2\/media\/123567"}],"wp:attachment":[{"href":"https:\/\/ovelanalista.com\/index.php?rest_route=%2Fwp%2Fv2%2Fmedia&parent=142451"}],"wp:term":[{"taxonomy":"category","embeddable":true,"href":"https:\/\/ovelanalista.com\/index.php?rest_route=%2Fwp%2Fv2%2Fcategories&post=142451"},{"taxonomy":"post_tag","embeddable":true,"href":"https:\/\/ovelanalista.com\/index.php?rest_route=%2Fwp%2Fv2%2Ftags&post=142451"}],"curies":[{"name":"wp","href":"https:\/\/api.w.org\/{rel}","templated":true}]}}