{"id":142458,"date":"2026-03-12T10:17:19","date_gmt":"2026-03-12T17:17:19","guid":{"rendered":"https:\/\/ovelanalista.com\/?p=142458"},"modified":"2026-03-12T10:17:19","modified_gmt":"2026-03-12T17:17:19","slug":"de-poco-sirven-las-promesas","status":"publish","type":"post","link":"https:\/\/ovelanalista.com\/?p=142458","title":{"rendered":"De poco sirven las promesas"},"content":{"rendered":"<p>En el en siglo de oro Mateo Alem\u00e1n, lo dijo muy claro \u201cno basta comenzar bien, ni sirve de mediar bien, si no se acaba bien; de poco sirven buenos principios y mejores medios, no saliendo pr\u00f3speros los fines\u201d.<\/p>\n<p>Hace ya algunos sexenios que las cosas en justicia no han sido tan sencillas como lo pensaron y piensan algunos mandatarios: pocos o nulos esfuerzos se han efectuado para mejorar la justicia en M\u00e9xico y de poco o de nada han servido las palabras proferidas por quienes fueron y es la Primera Magistrada de la Naci\u00f3n.<\/p>\n<p>Ahora y precisamente en el terreno de procuraci\u00f3n e impartici\u00f3n de justicia, se contraponen con frecuencia a los profundos esfuerzos de togas independientes las voluntades que dicen realizaron los antiguos gobernantes o realiza la actual Presidenta Constitucional, para conseguir o lograr una buena Justicia como lo mandata el art\u00edculo 17 de la Constituci\u00f3n Pol\u00edtica de los Estados Unidos Mexicanos.<\/p>\n<p>Tal es el cuadro que lamentablemente vive M\u00e9xico, agregando, que la procuraci\u00f3n e impartici\u00f3n de justicia ha entrado en \u00e9sta era que preside Claudia Sheinbaum Pardo, en una m\u00e1s profunda crisis de caracter\u00edsticas o dimensiones sin precedentes, ya que sigue inmersa en el fen\u00f3meno de la narco-pol\u00edtica que se infiltr\u00f3 en el referido medio y la cual hasta la fecha no se quiere combatir.<\/p>\n<p>Lo que realmente falta no es s\u00f3lo haber comenzado su mandato bien (con el apoyo que logr\u00f3 con aqu\u00e9l voto del pueblo), sino tambi\u00e9n que llegue al final con bien.<\/p>\n<p>La falta de claridad y de consecuencias en el combate a la narco-pol\u00edtica, es en efecto un mal que corroe internamente a los principios pol\u00edticos y jur\u00eddicos que sostiene la referida gobernante. La carencia de una consecuencia en bien de la procuraci\u00f3n e impartici\u00f3n de justicia, puede tener a veces un final sin prosperidad para su mandato, pero es, en cambio, un serio obst\u00e1culo al progreso de su gobernanza y de los Estados Unidos Mexicanos.<\/p>\n<p>El reconocimiento a su actuar por parte de la abogac\u00eda independiente de la Federaci\u00f3n, no puede establecer criterios \u00faltimos de sus buenos principios y mejores medios que dice realizar, ya que ello no ha sido empleado para finiquitar la narco-pol\u00edtica que se inici\u00f3 con aquella alianza denunciada en la Procuradur\u00eda General de la Rep\u00fablica y que hasta la fecha sigue en impunidad y complicidad.<\/p>\n<p>Existe una notoria y notable ambig\u00fcedad entre los medios y los fines, lo cual hace que el concepto general de su actuaci\u00f3n sea inadecuado en cuanto a lo que dice y promete y no obtiene.<\/p>\n<p>Cuando el poder se adquiere, debe ser finalizado con probidad y prosperidad como bien lo dijo Mateo Alem\u00e1n.<\/p>\n<p>Es cu\u00e1nto.<\/p>\n<p>Lic. Alberto Woolrich Ortiz.<br \/>\nPresidente de la Academia de Derecho Penal<br \/>\ndel Colegio Nacional de Abogados Foro de M\u00e9xico, A.C..<\/p>\n","protected":false},"excerpt":{"rendered":"<p>En el en siglo de oro Mateo Alem\u00e1n, lo dijo muy claro \u201cno basta comenzar bien, ni sirve de mediar bien, si no se acaba bien; de poco sirven buenos principios y mejores medios, no saliendo pr\u00f3speros los fines\u201d. Hace ya algunos sexenios que las cosas en justicia no han sido tan sencillas como lo pensaron y piensan algunos mandatarios: pocos o nulos esfuerzos se han efectuado para mejorar la justicia en M\u00e9xico y de poco o de nada han servido las palabras proferidas por quienes fueron y es la Primera Magistrada de la Naci\u00f3n. Ahora y precisamente en el [&hellip;]<\/p>\n","protected":false},"author":3,"featured_media":112363,"comment_status":"open","ping_status":"open","sticky":false,"template":"","format":"standard","meta":{"_jetpack_newsletter_access":"","_jetpack_dont_email_post_to_subs":false,"_jetpack_newsletter_tier_id":0,"_jetpack_memberships_contains_paywalled_content":false,"_jetpack_feature_clip_id":0,"_jetpack_memberships_contains_paid_content":false,"footnotes":"","jetpack_publicize_message":"","jetpack_publicize_feature_enabled":true,"jetpack_social_post_already_shared":true,"jetpack_social_options":{"image_generator_settings":{"template":"highway","default_image_id":0,"font":"","enabled":false},"version":2},"jetpack_post_was_ever_published":false},"categories":[79],"tags":[],"class_list":["post-142458","post","type-post","status-publish","format-standard","has-post-thumbnail","hentry","category-columnistas-nacionales","post--single"],"jetpack_publicize_connections":[],"jetpack_featured_media_url":"https:\/\/ovelanalista.com\/wp-content\/uploads\/2025\/01\/alberto_woolrich_ortiz.jpg","jetpack_sharing_enabled":true,"_links":{"self":[{"href":"https:\/\/ovelanalista.com\/index.php?rest_route=\/wp\/v2\/posts\/142458","targetHints":{"allow":["GET"]}}],"collection":[{"href":"https:\/\/ovelanalista.com\/index.php?rest_route=\/wp\/v2\/posts"}],"about":[{"href":"https:\/\/ovelanalista.com\/index.php?rest_route=\/wp\/v2\/types\/post"}],"author":[{"embeddable":true,"href":"https:\/\/ovelanalista.com\/index.php?rest_route=\/wp\/v2\/users\/3"}],"replies":[{"embeddable":true,"href":"https:\/\/ovelanalista.com\/index.php?rest_route=%2Fwp%2Fv2%2Fcomments&post=142458"}],"version-history":[{"count":1,"href":"https:\/\/ovelanalista.com\/index.php?rest_route=\/wp\/v2\/posts\/142458\/revisions"}],"predecessor-version":[{"id":142462,"href":"https:\/\/ovelanalista.com\/index.php?rest_route=\/wp\/v2\/posts\/142458\/revisions\/142462"}],"wp:featuredmedia":[{"embeddable":true,"href":"https:\/\/ovelanalista.com\/index.php?rest_route=\/wp\/v2\/media\/112363"}],"wp:attachment":[{"href":"https:\/\/ovelanalista.com\/index.php?rest_route=%2Fwp%2Fv2%2Fmedia&parent=142458"}],"wp:term":[{"taxonomy":"category","embeddable":true,"href":"https:\/\/ovelanalista.com\/index.php?rest_route=%2Fwp%2Fv2%2Fcategories&post=142458"},{"taxonomy":"post_tag","embeddable":true,"href":"https:\/\/ovelanalista.com\/index.php?rest_route=%2Fwp%2Fv2%2Ftags&post=142458"}],"curies":[{"name":"wp","href":"https:\/\/api.w.org\/{rel}","templated":true}]}}