{"id":144231,"date":"2026-04-08T16:30:18","date_gmt":"2026-04-08T23:30:18","guid":{"rendered":"https:\/\/ovelanalista.com\/?p=144231"},"modified":"2026-04-08T11:46:12","modified_gmt":"2026-04-08T18:46:12","slug":"diputada-victima-de-atentado-vuelve-al-congreso-de-sinaloa-2","status":"publish","type":"post","link":"https:\/\/ovelanalista.com\/?p=144231","title":{"rendered":"Diputada v\u00edctima de atentado vuelve al congreso de Sinaloa"},"content":{"rendered":"<p>Entre los detenidos hay dos menores; los investigan por extorsi\u00f3n, secuestro y un feminicidio.<\/p>\n<div>\n<p>La Secretar\u00eda de Seguridad del Estado de M\u00e9xico inform\u00f3 sobre la detenci\u00f3n de siete personas\u00a0<strong>presuntamente vinculadas al C\u00e1rtel Jalisco Nueva Generaci\u00f3n (CJNG)<\/strong>\u00a0que operaba en municipios de la zona oriente mexiquense.<\/p>\n<\/div>\n<div>\n<p>Entre los detenidos se encuentra\u00a0<strong>Kevin \u201cN\u201d, alias \u201cEl Fresa\u201d<\/strong>, identificado como<strong>\u00a0posible l\u00edder del grupo.<\/strong><\/p>\n<\/div>\n<div>\n<p>De acuerdo con un comunicado de la dependencia, las capturas ocurrieron en dos acciones distintas realizadas en el municipio de Tlalmanalco, en coordinaci\u00f3n con la polic\u00eda municipal, como parte de los operativos del\u00a0<strong>Mando Unificado Zona Oriente.<\/strong><\/p>\n<p><img decoding=\"async\" src=\"https:\/\/editorial.aristeguinoticias.com\/wp-content\/uploads\/2026\/04\/IMG-20260408-WA0018-700x933.jpg\" \/><\/p>\n<div>\n<p>En una primera intervenci\u00f3n, realizada en la colonia Pueblo Nuevo, elementos estatales y municipales detectaron a varias personas \u201ccon actitud evasiva\u201d manipulando bolsas de pl\u00e1stico y que\u00a0<strong>intentaron huir a bordo de dos motocicletas<\/strong>\u00a0al notar la presencia policial.<\/p>\n<\/div>\n<div>\n<p>Tras darles alcance y realizar una revisi\u00f3n, los agentes localizaron 72 bolsas con<strong>\u00a0hierba similar a la marihuana<\/strong>, 374 envoltorios con una sustancia con caracter\u00edsticas de cristal y dos tel\u00e9fonos celulares.<\/p>\n<div>\n<p>Por estos hechos fueron detenidos Giovanni \u201cN\u201d, de 30 a\u00f1os; Jes\u00fas \u201cN\u201d, de 20; V\u00edctor \u201cN\u201d, de 19,\u00a0<strong>as\u00ed como dos menores de edad.<\/strong><\/p>\n<\/div>\n<div>\n<p>Seg\u00fan el reporte oficial, los detenidos dijeron pertenecer a un grupo criminal con presencia en\u00a0<strong>Tlalmanalco, Chalco y Juchitepec.<\/strong><\/p>\n<\/div>\n<div class=\"box_c\">\n<div>\n<div class=\"adspot\">\n<div id=\"div-gpt-ad-ddnotamexicoZA_box_c\">\n<div>\n<p>La Secretar\u00eda de Seguridad mexiquense se\u00f1al\u00f3 que esta c\u00e9lula estar\u00eda relacionada con actividades como\u00a0<strong>narcomenudeo, cobro de piso y secuestro<\/strong>\u00a0en la regi\u00f3n.<\/p>\n<\/div>\n<div>\n<p>Adem\u00e1s, indic\u00f3 que existe la posibilidad de que algunos de los detenidos est\u00e9n\u00a0<strong>vinculados con el homicidio de una mujer<\/strong> ocurrido el 4 de febrero pasado.<\/p>\n<\/div>\n<div>\n<p><a><img loading=\"lazy\" decoding=\"async\" class=\"aligncenter size-large wp-image-1528313\" src=\"https:\/\/editorial.aristeguinoticias.com\/wp-content\/uploads\/2026\/04\/IMG-20260408-WA0015-700x390.jpg\" sizes=\"auto, (max-width: 700px) 100vw, 700px\" srcset=\"https:\/\/editorial.aristeguinoticias.com\/wp-content\/uploads\/2026\/04\/IMG-20260408-WA0015-700x390.jpg 700w, https:\/\/editorial.aristeguinoticias.com\/wp-content\/uploads\/2026\/04\/IMG-20260408-WA0015-250x139.jpg 250w, https:\/\/editorial.aristeguinoticias.com\/wp-content\/uploads\/2026\/04\/IMG-20260408-WA0015-768x428.jpg 768w, https:\/\/editorial.aristeguinoticias.com\/wp-content\/uploads\/2026\/04\/IMG-20260408-WA0015-628x350.jpg 628w, https:\/\/editorial.aristeguinoticias.com\/wp-content\/uploads\/2026\/04\/IMG-20260408-WA0015-298x166.jpg 298w, https:\/\/editorial.aristeguinoticias.com\/wp-content\/uploads\/2026\/04\/IMG-20260408-WA0015-295x164.jpg 295w, https:\/\/editorial.aristeguinoticias.com\/wp-content\/uploads\/2026\/04\/IMG-20260408-WA0015-205x114.jpg 205w, https:\/\/editorial.aristeguinoticias.com\/wp-content\/uploads\/2026\/04\/IMG-20260408-WA0015-120x67.jpg 120w, https:\/\/editorial.aristeguinoticias.com\/wp-content\/uploads\/2026\/04\/IMG-20260408-WA0015.jpg 1128w\" alt=\"\" width=\"700\" height=\"390\" \/><\/a><\/p>\n<\/div>\n<\/div>\n<\/div>\n<\/div>\n<\/div>\n<div>\n<div>\n<p>En una segunda acci\u00f3n, realizada en la colonia Bella Vista, las autoridades\u00a0<strong>capturaron a Kevin \u201cN\u201d, alias \u201cEl Fresa\u201d,<\/strong>\u00a0de 31 a\u00f1os, junto con Aline \u201cN\u201d, de 26.<\/p>\n<\/div>\n<div>\n<p>Al momento de su detenci\u00f3n, les aseguraron una pistola calibre 9 mil\u00edmetros, un cargador con cinco cartuchos \u00fatiles, 40 envoltorios de posible cristal y un tel\u00e9fono celular.<\/p>\n<\/div>\n<div>\n<p>Las investigaciones preliminares apuntan a que \u201cEl Fresa\u201d podr\u00eda estar\u00a0<strong>relacionado con el hallazgo de una mujer<\/strong>\u00a0sin vida registrado tambi\u00e9n el 4 de febrero en Tlalmanalco.<\/p>\n<div>\n<p>De acuerdo con la informaci\u00f3n recabada por las autoridades, el crimen habr\u00eda sido presuntamente ordenado por el detenido \u201cdebido a pugnas\u00a0<strong>por el control de la plaza<\/strong>\u201d.<\/p>\n<\/div>\n<div>\n<p>Los siete detenidos y los objetos asegurados fueron trasladados ante la Agencia del Ministerio P\u00fablico en Chalco, donde se inici\u00f3 la carpeta de investigaci\u00f3n para\u00a0<strong>determinar su situaci\u00f3n jur\u00eddica.<\/strong><\/p>\n<\/div>\n<div>\n<p><a><img loading=\"lazy\" decoding=\"async\" class=\"aligncenter size-large wp-image-1528310\" src=\"https:\/\/editorial.aristeguinoticias.com\/wp-content\/uploads\/2026\/04\/IMG-20260408-WA0017-700x444.jpg\" sizes=\"auto, (max-width: 700px) 100vw, 700px\" srcset=\"https:\/\/editorial.aristeguinoticias.com\/wp-content\/uploads\/2026\/04\/IMG-20260408-WA0017-700x444.jpg 700w, https:\/\/editorial.aristeguinoticias.com\/wp-content\/uploads\/2026\/04\/IMG-20260408-WA0017-250x158.jpg 250w, https:\/\/editorial.aristeguinoticias.com\/wp-content\/uploads\/2026\/04\/IMG-20260408-WA0017-768x487.jpg 768w, https:\/\/editorial.aristeguinoticias.com\/wp-content\/uploads\/2026\/04\/IMG-20260408-WA0017-628x398.jpg 628w, https:\/\/editorial.aristeguinoticias.com\/wp-content\/uploads\/2026\/04\/IMG-20260408-WA0017-298x189.jpg 298w, https:\/\/editorial.aristeguinoticias.com\/wp-content\/uploads\/2026\/04\/IMG-20260408-WA0017-295x187.jpg 295w, https:\/\/editorial.aristeguinoticias.com\/wp-content\/uploads\/2026\/04\/IMG-20260408-WA0017-205x130.jpg 205w, https:\/\/editorial.aristeguinoticias.com\/wp-content\/uploads\/2026\/04\/IMG-20260408-WA0017-120x76.jpg 120w, https:\/\/editorial.aristeguinoticias.com\/wp-content\/uploads\/2026\/04\/IMG-20260408-WA0017.jpg 1280w\" alt=\"\" width=\"700\" height=\"444\" \/><\/a><\/p>\n<p>Con informaci\u00f3n de Aristegui Noticias<\/p>\n<\/div>\n<\/div>\n<\/div>\n<\/div>\n<\/div>\n","protected":false},"excerpt":{"rendered":"<p>Entre los detenidos hay dos menores; los investigan por extorsi\u00f3n, secuestro y un feminicidio. La Secretar\u00eda de Seguridad del Estado de M\u00e9xico inform\u00f3 sobre la detenci\u00f3n de siete personas\u00a0presuntamente vinculadas al C\u00e1rtel Jalisco Nueva Generaci\u00f3n (CJNG)\u00a0que operaba en municipios de la zona oriente mexiquense. Entre los detenidos se encuentra\u00a0Kevin \u201cN\u201d, alias \u201cEl Fresa\u201d, identificado como\u00a0posible l\u00edder del grupo. De acuerdo con un comunicado de la dependencia, las capturas ocurrieron en dos acciones distintas realizadas en el municipio de Tlalmanalco, en coordinaci\u00f3n con la polic\u00eda municipal, como parte de los operativos del\u00a0Mando Unificado Zona Oriente. En una primera intervenci\u00f3n, realizada en [&hellip;]<\/p>\n","protected":false},"author":3,"featured_media":144233,"comment_status":"open","ping_status":"open","sticky":false,"template":"","format":"standard","meta":{"_jetpack_newsletter_access":"","_jetpack_dont_email_post_to_subs":false,"_jetpack_newsletter_tier_id":0,"_jetpack_memberships_contains_paywalled_content":false,"_jetpack_feature_clip_id":0,"_jetpack_memberships_contains_paid_content":false,"footnotes":"","jetpack_publicize_message":"","jetpack_publicize_feature_enabled":true,"jetpack_social_post_already_shared":true,"jetpack_social_options":{"image_generator_settings":{"template":"highway","default_image_id":0,"font":"","enabled":false},"version":2},"jetpack_post_was_ever_published":false},"categories":[75],"tags":[],"class_list":["post-144231","post","type-post","status-publish","format-standard","has-post-thumbnail","hentry","category-nacional","post--single"],"jetpack_publicize_connections":[],"jetpack_featured_media_url":"https:\/\/ovelanalista.com\/wp-content\/uploads\/2026\/04\/detenidos-tlalmanalco-edomex-08042026.jpg","jetpack_sharing_enabled":true,"_links":{"self":[{"href":"https:\/\/ovelanalista.com\/index.php?rest_route=\/wp\/v2\/posts\/144231","targetHints":{"allow":["GET"]}}],"collection":[{"href":"https:\/\/ovelanalista.com\/index.php?rest_route=\/wp\/v2\/posts"}],"about":[{"href":"https:\/\/ovelanalista.com\/index.php?rest_route=\/wp\/v2\/types\/post"}],"author":[{"embeddable":true,"href":"https:\/\/ovelanalista.com\/index.php?rest_route=\/wp\/v2\/users\/3"}],"replies":[{"embeddable":true,"href":"https:\/\/ovelanalista.com\/index.php?rest_route=%2Fwp%2Fv2%2Fcomments&post=144231"}],"version-history":[{"count":1,"href":"https:\/\/ovelanalista.com\/index.php?rest_route=\/wp\/v2\/posts\/144231\/revisions"}],"predecessor-version":[{"id":144236,"href":"https:\/\/ovelanalista.com\/index.php?rest_route=\/wp\/v2\/posts\/144231\/revisions\/144236"}],"wp:featuredmedia":[{"embeddable":true,"href":"https:\/\/ovelanalista.com\/index.php?rest_route=\/wp\/v2\/media\/144233"}],"wp:attachment":[{"href":"https:\/\/ovelanalista.com\/index.php?rest_route=%2Fwp%2Fv2%2Fmedia&parent=144231"}],"wp:term":[{"taxonomy":"category","embeddable":true,"href":"https:\/\/ovelanalista.com\/index.php?rest_route=%2Fwp%2Fv2%2Fcategories&post=144231"},{"taxonomy":"post_tag","embeddable":true,"href":"https:\/\/ovelanalista.com\/index.php?rest_route=%2Fwp%2Fv2%2Ftags&post=144231"}],"curies":[{"name":"wp","href":"https:\/\/api.w.org\/{rel}","templated":true}]}}