{"id":144232,"date":"2026-04-08T17:00:36","date_gmt":"2026-04-09T00:00:36","guid":{"rendered":"https:\/\/ovelanalista.com\/?p=144232"},"modified":"2026-04-08T11:45:50","modified_gmt":"2026-04-08T18:45:50","slug":"diputada-victima-de-atentado-vuelve-al-congreso-de-sinaloa","status":"publish","type":"post","link":"https:\/\/ovelanalista.com\/?p=144232","title":{"rendered":"Diputada v\u00edctima de atentado vuelve al congreso de Sinaloa"},"content":{"rendered":"<p>La diputada confirm\u00f3 que buscar\u00e1 competir rumbo a la alcald\u00eda de Culiac\u00e1n en 2027.<\/p>\n<div class=\"row d-flex justify-content-center align-items-center\">\n<div class=\"col-5\">\n<address>\n<div>\n<p>Dos meses despu\u00e9s del ataque armado en el que perdi\u00f3 el ojo izquierdo, la diputada de Movimiento Ciudadano, Elizabeth Montoya Ojeda,\u00a0<strong>volvi\u00f3 este martes al Congreso de Sinaloa<\/strong>\u00a0y aprovech\u00f3 su reaparici\u00f3n p\u00fablica para hablar de sus aspiraciones pol\u00edticas rumbo a 2027.<\/p>\n<\/div>\n<div>\n<p>La legisladora fue recibida por la mayor\u00eda de los integrantes de la LXVI Legislatura y afirm\u00f3 que<strong>\u00a0continuar\u00e1 con el trabajo legislativo<\/strong>\u00a0que dej\u00f3 pendiente tras el atentado ocurrido a finales de enero.<\/p>\n<\/div>\n<div>\n<blockquote><p>Vuelvo con mucho \u00e1nimo, con muchas ganas de seguir trabajando y seguir apostando por este proyecto que es un proyecto cien por ciento viable.<\/p><\/blockquote>\n<\/div>\n<div class=\"box_a\">\n<div><\/div>\n<\/div>\n<div>\n<div class=\"st-adunit st-adunit-tagged st-reset st-show\"><img decoding=\"async\" src=\"https:\/\/editorial.aristeguinoticias.com\/wp-content\/uploads\/2026\/04\/IMG_20260408_083840-700x419.jpg\" \/><\/div>\n<\/div>\n<\/address>\n<\/div>\n<div>\n<div>\n<p>Durante la conferencia de prensa, Montoya Ojeda reconoci\u00f3 que le gustar\u00eda\u00a0<strong>contender por la alcald\u00eda de Culiac\u00e1n<\/strong>\u00a0y convertirse en la primera mujer en gobernar el municipio.<\/p>\n<\/div>\n<div>\n<blockquote><p>Ser\u00eda un reto y un logro en mi vida que no lo descarto.<\/p><\/blockquote>\n<div>\n<p>Montoya Ojeda tambi\u00e9n habl\u00f3 de su\u00a0<strong>arraigo con la capital sinaloense<\/strong>\u00a0al recordar que su padre fue fundador del Sindicato de Trabajadores al Servicio del Ayuntamiento de Culiac\u00e1n.<\/p>\n<\/div>\n<div>\n<p>La diputada tambi\u00e9n record\u00f3 que\u00a0\u00a0<strong>mantiene escolta de seguridad<\/strong>\u00a0tras el atentado, ofrecida por el gobierno estatal y federal.<\/p>\n<div>\n<p>Adem\u00e1s, estuvo acompa\u00f1ada por Sergio Esquer, quien asumi\u00f3 la dirigencia estatal de\u00a0<strong>Movimiento Ciudadano<\/strong>\u00a0en sustituci\u00f3n de Sergio Torres F\u00e9lix.<\/p>\n<\/div>\n<div>\n<p>Esquer se\u00f1al\u00f3 que el partido se encuentra en una etapa de reorganizaci\u00f3n y fortalecimiento en Sinaloa, adem\u00e1s de que buscar\u00e1 llegar\u00a0<strong>competitivo al proceso electoral<\/strong>\u00a0de 2027.<\/p>\n<\/div>\n<div>\n<p>Incluso, dej\u00f3 abierta la posibilidad de que\u00a0<strong>podr\u00eda buscar la candidatura<\/strong>\u00a0al gobierno estatal.<\/p>\n<p><img decoding=\"async\" src=\"https:\/\/editorial.aristeguinoticias.com\/wp-content\/uploads\/2026\/04\/FB_IMG_1775661655109-1-700x467.jpg\" \/><\/p>\n<div>\n<p>Tanto \u00e9l como Montoya\u00a0<strong>descartaron acuerdos con otros partidos<\/strong>\u00a0y aseguraron que la apuesta de Movimiento Ciudadano ser\u00e1 competir sin coaliciones.<\/p>\n<\/div>\n<div>\n<blockquote><p>Estamos centrados \u00fanicamente en una gran alianza, pero con la sociedad.<\/p><\/blockquote>\n<div>\n<p>La diputada y Sergio Torres F\u00e9lix fueron\u00a0<strong>atacados a tiros el 28 de enero pasado<\/strong>, cuando sal\u00edan de oficinas partidistas en Culiac\u00e1n con direcci\u00f3n al aeropuerto. Seg\u00fan relat\u00f3, hombres armados interceptaron su trayecto y dispararon en su contra.<\/p>\n<\/div>\n<div>\n<p>Tras el atentado, Montoya perdi\u00f3 el ojo izquierdo, mientras que Torres F\u00e9lix\u00a0<strong>sufri\u00f3 heridas en la cabeza<\/strong>.<\/p>\n<\/div>\n<div>\n<p>Sobre el estado de salud de su compa\u00f1ero, dijo que contin\u00faa\u00a0<strong>recuper\u00e1ndose en casa<\/strong>\u00a0y confi\u00f3 en que pronto pueda reincorporarse a sus actividades.<\/p>\n<\/div>\n<div>\n<p>\u201c\u00c9l es fuerte y estoy segura de que pronto\u00a0<strong>regresar\u00e1 a sus labores<\/strong>\u00a0legislativas\u201d, sostuvo.<\/p>\n<p>Con informaci\u00f3n de Aristegui Noticias<\/p>\n<\/div>\n<\/div>\n<\/div>\n<\/div>\n<\/div>\n<\/div>\n<\/div>\n","protected":false},"excerpt":{"rendered":"<p>La diputada confirm\u00f3 que buscar\u00e1 competir rumbo a la alcald\u00eda de Culiac\u00e1n en 2027. Dos meses despu\u00e9s del ataque armado en el que perdi\u00f3 el ojo izquierdo, la diputada de Movimiento Ciudadano, Elizabeth Montoya Ojeda,\u00a0volvi\u00f3 este martes al Congreso de Sinaloa\u00a0y aprovech\u00f3 su reaparici\u00f3n p\u00fablica para hablar de sus aspiraciones pol\u00edticas rumbo a 2027. La legisladora fue recibida por la mayor\u00eda de los integrantes de la LXVI Legislatura y afirm\u00f3 que\u00a0continuar\u00e1 con el trabajo legislativo\u00a0que dej\u00f3 pendiente tras el atentado ocurrido a finales de enero. Vuelvo con mucho \u00e1nimo, con muchas ganas de seguir trabajando y seguir apostando por este [&hellip;]<\/p>\n","protected":false},"author":3,"featured_media":144234,"comment_status":"open","ping_status":"open","sticky":false,"template":"","format":"standard","meta":{"_jetpack_newsletter_access":"","_jetpack_dont_email_post_to_subs":false,"_jetpack_newsletter_tier_id":0,"_jetpack_memberships_contains_paywalled_content":false,"_jetpack_feature_clip_id":0,"_jetpack_memberships_contains_paid_content":false,"footnotes":"","jetpack_publicize_message":"","jetpack_publicize_feature_enabled":true,"jetpack_social_post_already_shared":true,"jetpack_social_options":{"image_generator_settings":{"template":"highway","default_image_id":0,"font":"","enabled":false},"version":2},"jetpack_post_was_ever_published":false},"categories":[90,75],"tags":[],"class_list":["post-144232","post","type-post","status-publish","format-standard","has-post-thumbnail","hentry","category-estatal","category-nacional","post--single"],"jetpack_publicize_connections":[],"jetpack_featured_media_url":"https:\/\/ovelanalista.com\/wp-content\/uploads\/2026\/04\/elizabeth-montoya-ciudsdano-ataque-08042026.jpg","jetpack_sharing_enabled":true,"_links":{"self":[{"href":"https:\/\/ovelanalista.com\/index.php?rest_route=\/wp\/v2\/posts\/144232","targetHints":{"allow":["GET"]}}],"collection":[{"href":"https:\/\/ovelanalista.com\/index.php?rest_route=\/wp\/v2\/posts"}],"about":[{"href":"https:\/\/ovelanalista.com\/index.php?rest_route=\/wp\/v2\/types\/post"}],"author":[{"embeddable":true,"href":"https:\/\/ovelanalista.com\/index.php?rest_route=\/wp\/v2\/users\/3"}],"replies":[{"embeddable":true,"href":"https:\/\/ovelanalista.com\/index.php?rest_route=%2Fwp%2Fv2%2Fcomments&post=144232"}],"version-history":[{"count":1,"href":"https:\/\/ovelanalista.com\/index.php?rest_route=\/wp\/v2\/posts\/144232\/revisions"}],"predecessor-version":[{"id":144235,"href":"https:\/\/ovelanalista.com\/index.php?rest_route=\/wp\/v2\/posts\/144232\/revisions\/144235"}],"wp:featuredmedia":[{"embeddable":true,"href":"https:\/\/ovelanalista.com\/index.php?rest_route=\/wp\/v2\/media\/144234"}],"wp:attachment":[{"href":"https:\/\/ovelanalista.com\/index.php?rest_route=%2Fwp%2Fv2%2Fmedia&parent=144232"}],"wp:term":[{"taxonomy":"category","embeddable":true,"href":"https:\/\/ovelanalista.com\/index.php?rest_route=%2Fwp%2Fv2%2Fcategories&post=144232"},{"taxonomy":"post_tag","embeddable":true,"href":"https:\/\/ovelanalista.com\/index.php?rest_route=%2Fwp%2Fv2%2Ftags&post=144232"}],"curies":[{"name":"wp","href":"https:\/\/api.w.org\/{rel}","templated":true}]}}