{"id":144237,"date":"2026-04-08T15:30:48","date_gmt":"2026-04-08T22:30:48","guid":{"rendered":"https:\/\/ovelanalista.com\/?p=144237"},"modified":"2026-04-08T15:31:32","modified_gmt":"2026-04-08T22:31:32","slug":"autorizan-al-gobierno-federal-tomar-dinero-de-las-afores","status":"publish","type":"post","link":"https:\/\/ovelanalista.com\/?p=144237","title":{"rendered":"Autorizan al gobierno federal tomar dinero de las Afores"},"content":{"rendered":"<h3 id=\"h-aprueba-el-senado-reforma-que-permite-canalizar-a-proyectos-de-infraestructura-recursos-del-fondo-para-el-retiro-pan-y-pri-votan-en-contra-de-la-modificacion\" class=\"wp-block-heading has-black-color has-ast-global-color-5-background-color has-text-color has-background has-link-color wp-elements-0f71b0421814e04202587479ec1549fe\">Aprueba el Senado reforma que permite canalizar a proyectos de infraestructura recursos del fondo para el retiro. PAN y PRI votan en contra de la modificaci\u00f3n<\/h3>\n<p class=\"has-black-color has-ast-global-color-5-background-color has-text-color has-background has-link-color wp-elements-bdf8aae5878676e686299576cb7b865f\"><strong>Ciudad de M\u00e9xico, 08\/04\/26 (M\u00e1s).-<\/strong>\u00a0El Senado de la Rep\u00fablica aprob\u00f3 una reforma que permitir\u00e1 al gobierno federal acceder a recursos de las administradoras de fondos para el retiro (Afores) como parte de un nuevo esquema de inversi\u00f3n mixta para financiar proyectos de infraestructura estrat\u00e9gica en el pa\u00eds.<\/p>\n<p class=\"has-black-color has-ast-global-color-5-background-color has-text-color has-background has-link-color wp-elements-e265a91267d1a4a47f55b5d023ad7a2b\">La iniciativa, impulsada por la presidenta Claudia Sheinbaum, fue avalada con 84 votos a favor de Morena, Partido Verde, Partido del Trabajo y Movimiento Ciudadano, mientras que PAN y PRI votaron en contra al advertir riesgos para las finanzas p\u00fablicas y los ahorros de los trabajadores.<\/p>\n<p class=\"has-black-color has-ast-global-color-5-background-color has-text-color has-background has-link-color wp-elements-c36397ebb1e087dcfff3ef4ce6954721\">La reforma crea la Ley para el Fomento de la Inversi\u00f3n en Infraestructura Estrat\u00e9gica para el Desarrollo con Bienestar, con la que se sustituye el modelo de asociaciones p\u00fablico-privadas por los llamados esquemas de participaci\u00f3n mixta.<\/p>\n<p class=\"has-black-color has-ast-global-color-5-background-color has-text-color has-background has-link-color wp-elements-dcc09a5a5d7431383862a9793e3e02ce\">Bajo este nuevo esquema, el Estado mantiene la propiedad y rector\u00eda de los proyectos, mientras que la iniciativa privada participa como socio o contratista bajo condiciones espec\u00edficas.<\/p>\n<p class=\"has-black-color has-ast-global-color-5-background-color has-text-color has-background has-link-color wp-elements-8e54bb22649cf46b1bf1ba71d6fffa52\">El dictamen establece que los recursos de las Afores, que superan los seis billones de pesos pertenecientes a m\u00e1s de 70 millones de trabajadores, podr\u00e1n canalizarse a proyectos productivos de largo plazo.<\/p>\n<p class=\"has-black-color has-ast-global-color-5-background-color has-text-color has-background has-link-color wp-elements-d2a971e60fda593a0b962becdcd64b2c\">Actualmente solo una parte de estos fondos se invierte en infraestructura, pese a que la regulaci\u00f3n permite un porcentaje mayor.<\/p>\n<p class=\"has-black-color has-ast-global-color-5-background-color has-text-color has-background has-link-color wp-elements-8954be84e5470d326591489542a6b5cf\">Para ello, se contempla la creaci\u00f3n de veh\u00edculos de prop\u00f3sito espec\u00edfico, que podr\u00e1n operar como fideicomisos o sociedades y tendr\u00e1n como objetivo aislar los riesgos financieros de cada proyecto.<\/p>\n<p class=\"has-black-color has-ast-global-color-5-background-color has-text-color has-background has-link-color wp-elements-0ed184a24388cd22c6808e67b69817d5\">Estos instrumentos permitir\u00e1n la participaci\u00f3n conjunta de gobierno, empresas privadas y sector social, incluyendo cooperativas, comunidades y ejidos.<\/p>\n<p class=\"has-black-color has-ast-global-color-5-background-color has-text-color has-background has-link-color wp-elements-643fa1bea504b93a21669cb9ce8801d0\">Adem\u00e1s, la legislaci\u00f3n introduce cambios a la Ley Federal de Presupuesto y Responsabilidad Hacendaria, permitiendo que el gobierno inicie procesos de contrataci\u00f3n de obras sin contar a\u00fan con el total de los recursos, siempre que garantice su disponibilidad antes de adjudicar los contratos.<\/p>\n<p class=\"has-black-color has-ast-global-color-5-background-color has-text-color has-background has-link-color wp-elements-50c8ad72d57b2d3aaef40a3c87f49057\">Tambi\u00e9n se establece que los proyectos considerados prioritarios no podr\u00e1n sufrir recortes presupuestales.<\/p>\n<p class=\"has-black-color has-ast-global-color-5-background-color has-text-color has-background has-link-color wp-elements-77631143a3ac4b24f7bfa405f3e67e0e\">El nuevo modelo plantea que los riesgos se distribuyan entre los participantes conforme a su capacidad de gesti\u00f3n, a diferencia del esquema anterior en el que el Estado asum\u00eda gran parte de las obligaciones para garantizar la rentabilidad privada.<\/p>\n<p class=\"has-black-color has-ast-global-color-5-background-color has-text-color has-background has-link-color wp-elements-083f75fbc5b8d244c5a8db7136486bc5\">Durante el debate, legisladores de oposici\u00f3n cuestionaron la reforma al considerar que podr\u00eda comprometer el ahorro de los trabajadores y generar opacidad.<\/p>\n<p class=\"has-black-color has-ast-global-color-5-background-color has-text-color has-background has-link-color wp-elements-8486f1dbb1e4cb6e06d4349789ce615a\">La senadora Claudia Anaya critic\u00f3: \u201cEsta es la manera en la que se toma dinero de los ahorradores y se va a proyectos, s\u00ed, gubernamentales, pero con inversi\u00f3n privada. Eso es lo que est\u00e1 aprobando la izquierda de este pa\u00eds\u201d.<\/p>\n<p class=\"has-black-color has-ast-global-color-5-background-color has-text-color has-background has-link-color wp-elements-6f60f583fe8851f058d3d76895da3a58\">En contraste, legisladores oficialistas defendieron la medida al se\u00f1alar que permitir\u00e1 reactivar la inversi\u00f3n en infraestructura y corregir deficiencias de modelos anteriores, como obras inconclusas y falta de control operativo por parte del Estado.<\/p>\n<p class=\"has-black-color has-ast-global-color-5-background-color has-text-color has-background has-link-color wp-elements-47a38056736625dc92afd54a9c5cce02\">La ley tambi\u00e9n prev\u00e9 la creaci\u00f3n de un consejo de planeaci\u00f3n estrat\u00e9gica, encabezado por la titular del Ejecutivo federal, que ser\u00e1 responsable de definir los proyectos prioritarios, coordinar inversiones y supervisar el desarrollo de las obras.<\/p>\n<p class=\"has-black-color has-ast-global-color-5-background-color has-text-color has-background has-link-color wp-elements-457a7189e24e7139c6c64198edc24c38\">El decreto fue turnado al Ejecutivo federal para su publicaci\u00f3n y entrada en vigor.<\/p>\n<p>&nbsp;<\/p>\n<p>Con informaci\u00f3n de <strong>Mass informaci\u00f3n<\/strong><\/p>\n","protected":false},"excerpt":{"rendered":"<p>Aprueba el Senado reforma que permite canalizar a proyectos de infraestructura recursos del fondo para el retiro. PAN y PRI votan en contra de la modificaci\u00f3n Ciudad de M\u00e9xico, 08\/04\/26 (M\u00e1s).-\u00a0El Senado de la Rep\u00fablica aprob\u00f3 una reforma que permitir\u00e1 al gobierno federal acceder a recursos de las administradoras de fondos para el retiro (Afores) como parte de un nuevo esquema de inversi\u00f3n mixta para financiar proyectos de infraestructura estrat\u00e9gica en el pa\u00eds. La iniciativa, impulsada por la presidenta Claudia Sheinbaum, fue avalada con 84 votos a favor de Morena, Partido Verde, Partido del Trabajo y Movimiento Ciudadano, mientras que [&hellip;]<\/p>\n","protected":false},"author":3,"featured_media":144238,"comment_status":"open","ping_status":"open","sticky":false,"template":"","format":"standard","meta":{"_jetpack_newsletter_access":"","_jetpack_dont_email_post_to_subs":false,"_jetpack_newsletter_tier_id":0,"_jetpack_memberships_contains_paywalled_content":false,"_jetpack_feature_clip_id":0,"_jetpack_memberships_contains_paid_content":false,"footnotes":"","jetpack_publicize_message":"","jetpack_publicize_feature_enabled":true,"jetpack_social_post_already_shared":true,"jetpack_social_options":{"image_generator_settings":{"template":"highway","default_image_id":0,"font":"","enabled":false},"version":2},"jetpack_post_was_ever_published":false},"categories":[90,75,72],"tags":[],"class_list":["post-144237","post","type-post","status-publish","format-standard","has-post-thumbnail","hentry","category-estatal","category-nacional","category-portada","post--single"],"jetpack_publicize_connections":[],"jetpack_featured_media_url":"https:\/\/ovelanalista.com\/wp-content\/uploads\/2026\/04\/Autorizan-al-gobierno-federal-tomar-dinero-de-las-Afores-1.webp","jetpack_sharing_enabled":true,"_links":{"self":[{"href":"https:\/\/ovelanalista.com\/index.php?rest_route=\/wp\/v2\/posts\/144237","targetHints":{"allow":["GET"]}}],"collection":[{"href":"https:\/\/ovelanalista.com\/index.php?rest_route=\/wp\/v2\/posts"}],"about":[{"href":"https:\/\/ovelanalista.com\/index.php?rest_route=\/wp\/v2\/types\/post"}],"author":[{"embeddable":true,"href":"https:\/\/ovelanalista.com\/index.php?rest_route=\/wp\/v2\/users\/3"}],"replies":[{"embeddable":true,"href":"https:\/\/ovelanalista.com\/index.php?rest_route=%2Fwp%2Fv2%2Fcomments&post=144237"}],"version-history":[{"count":1,"href":"https:\/\/ovelanalista.com\/index.php?rest_route=\/wp\/v2\/posts\/144237\/revisions"}],"predecessor-version":[{"id":144239,"href":"https:\/\/ovelanalista.com\/index.php?rest_route=\/wp\/v2\/posts\/144237\/revisions\/144239"}],"wp:featuredmedia":[{"embeddable":true,"href":"https:\/\/ovelanalista.com\/index.php?rest_route=\/wp\/v2\/media\/144238"}],"wp:attachment":[{"href":"https:\/\/ovelanalista.com\/index.php?rest_route=%2Fwp%2Fv2%2Fmedia&parent=144237"}],"wp:term":[{"taxonomy":"category","embeddable":true,"href":"https:\/\/ovelanalista.com\/index.php?rest_route=%2Fwp%2Fv2%2Fcategories&post=144237"},{"taxonomy":"post_tag","embeddable":true,"href":"https:\/\/ovelanalista.com\/index.php?rest_route=%2Fwp%2Fv2%2Ftags&post=144237"}],"curies":[{"name":"wp","href":"https:\/\/api.w.org\/{rel}","templated":true}]}}