{"id":144242,"date":"2026-04-08T18:30:19","date_gmt":"2026-04-09T01:30:19","guid":{"rendered":"https:\/\/ovelanalista.com\/?p=144242"},"modified":"2026-04-08T15:42:24","modified_gmt":"2026-04-08T22:42:24","slug":"quedo-atrapado-14-dias-y-sobrevivio-al-derrumbe-en-una-mina-de-sinaloa","status":"publish","type":"post","link":"https:\/\/ovelanalista.com\/?p=144242","title":{"rendered":"Qued\u00f3 atrapado 14 d\u00edas y sobrevivi\u00f3 al derrumbe en una mina de Sinaloa"},"content":{"rendered":"<p>Al salir de la mina, Rafael Francisco Zapata N\u00e1jera recibi\u00f3 los primeros auxilios y fue trasladado v\u00eda a\u00e9rea al Hospital General de Mazatl\u00e1n.<\/p>\n<p>Autoridades federales lograron el\u00a0<strong>rescate<\/strong>\u00a0del\u00a0<strong>minero<\/strong>\u00a0<strong>Rafael Francisco Zapata N\u00e1jera<\/strong>, a 14 d\u00edas del derrumbe en la\u00a0<strong>mina Santa Fe<\/strong>\u00a0de El Rosario,\u00a0<strong>Sinaloa<\/strong>.<\/p>\n<div class=\"twitter-tweet twitter-tweet-rendered\"><iframe id=\"twitter-widget-0\" class=\"\" title=\"X Post\" src=\"https:\/\/platform.twitter.com\/embed\/Tweet.html?creatorScreenName=lopezdoriga&amp;dnt=false&amp;embedId=twitter-widget-0&amp;features=eyJ0ZndfdGltZWxpbmVfbGlzdCI6eyJidWNrZXQiOltdLCJ2ZXJzaW9uIjpudWxsfSwidGZ3X2ZvbGxvd2VyX2NvdW50X3N1bnNldCI6eyJidWNrZXQiOnRydWUsInZlcnNpb24iOm51bGx9LCJ0ZndfdHdlZXRfZWRpdF9iYWNrZW5kIjp7ImJ1Y2tldCI6Im9uIiwidmVyc2lvbiI6bnVsbH0sInRmd19yZWZzcmNfc2Vzc2lvbiI6eyJidWNrZXQiOiJvbiIsInZlcnNpb24iOm51bGx9LCJ0ZndfZm9zbnJfc29mdF9pbnRlcnZlbnRpb25zX2VuYWJsZWQiOnsiYnVja2V0Ijoib24iLCJ2ZXJzaW9uIjpudWxsfSwidGZ3X21peGVkX21lZGlhXzE1ODk3Ijp7ImJ1Y2tldCI6InRyZWF0bWVudCIsInZlcnNpb24iOm51bGx9LCJ0ZndfZXhwZXJpbWVudHNfY29va2llX2V4cGlyYXRpb24iOnsiYnVja2V0IjoxMjA5NjAwLCJ2ZXJzaW9uIjpudWxsfSwidGZ3X3Nob3dfYmlyZHdhdGNoX3Bpdm90c19lbmFibGVkIjp7ImJ1Y2tldCI6Im9uIiwidmVyc2lvbiI6bnVsbH0sInRmd19kdXBsaWNhdGVfc2NyaWJlc190b19zZXR0aW5ncyI6eyJidWNrZXQiOiJvbiIsInZlcnNpb24iOm51bGx9LCJ0ZndfdXNlX3Byb2ZpbGVfaW1hZ2Vfc2hhcGVfZW5hYmxlZCI6eyJidWNrZXQiOiJvbiIsInZlcnNpb24iOm51bGx9LCJ0ZndfdmlkZW9faGxzX2R5bmFtaWNfbWFuaWZlc3RzXzE1MDgyIjp7ImJ1Y2tldCI6InRydWVfYml0cmF0ZSIsInZlcnNpb24iOm51bGx9LCJ0ZndfbGVnYWN5X3RpbWVsaW5lX3N1bnNldCI6eyJidWNrZXQiOnRydWUsInZlcnNpb24iOm51bGx9LCJ0ZndfdHdlZXRfZWRpdF9mcm9udGVuZCI6eyJidWNrZXQiOiJvbiIsInZlcnNpb24iOm51bGx9fQ%3D%3D&amp;frame=false&amp;hideCard=false&amp;hideThread=false&amp;id=2041940286989914306&amp;lang=es&amp;maxWidth=560px&amp;origin=https%3A%2F%2Flopezdoriga.com%2Fnacional%2Frescatan-minero-rafael-francisco-zapata-localizado-con-vida-14-dias-derrumbe-sonora%2F&amp;sessionId=71984467f12b948fab641e4fcb999f9ac5fe54a6&amp;siteScreenName=lopezdoriga&amp;theme=light&amp;widgetsVersion=2615f7e52b7e0%3A1702314776716&amp;width=550px\" frameborder=\"0\" scrolling=\"no\" allowfullscreen=\"allowfullscreen\" data-tweet-id=\"2041940286989914306\" data-mce-fragment=\"1\"><\/iframe><\/div>\n<div>\n<p>La Coordinaci\u00f3n Nacional de Protecci\u00f3n Civil\u00a0<a href=\"https:\/\/x.com\/CNPC_MX\/status\/2041934374279463232\" target=\"_blank\" rel=\"noopener noreferrer\">inform\u00f3<\/a>\u00a0que el\u00a0<strong>minero<\/strong>\u00a0hab\u00eda sido\u00a0<strong>localizado con vida<\/strong>\u00a0la tarde del\u00a0<a href=\"https:\/\/lopezdoriga.com\/nacional\/localizan-con-vida-a-segundo-trabajador-de-la-mina-santa-fe-en-sinaloa\/\" target=\"_blank\" rel=\"noopener\">7 de abril<\/a>.<\/p>\n<p>Una vez que se tuvo conocimiento de la ubicaci\u00f3n del trabajador dentro de la mina, se reforzaron las labores para su\u00a0<strong>rescate<\/strong>, acci\u00f3n que se concret\u00f3 a las 10:36 h de este mi\u00e9rcoles 8 de abril.<\/p>\n<p>Al salir de la mina,\u00a0<strong>Rafael Francisco Zapata N\u00e1jera<\/strong>\u00a0recibi\u00f3 los primeros auxilios y fue trasladado v\u00eda a\u00e9rea al\u00a0<strong>Hospital General de Mazatl\u00e1n<\/strong>\u00a0para su completa evaluaci\u00f3n y debida atenci\u00f3n m\u00e9dica.<\/p>\n<p>Se trata del segundo minero rescatado con vida, desde el derrumbe en la mina Santa Fe ocurrido a finales de marzo.<\/p>\n<p>El primer trabajador rescatado con vida fue\u00a0<strong>Jos\u00e9 C\u00e1stulo<\/strong>, en tanto que se hall\u00f3 muerto a un tercer minero, cuya identidad no ha sido revelada.<\/p>\n<p>De esta forma, autoridades laboran en el hallazgo y rescate de un cuarto minero.<\/p>\n<p>En dicha labor trabajan de manera coordinada la Secretar\u00eda de la Defensa Nacional, la Secretar\u00eda de Marina, la Comisi\u00f3n Federal de Electricidad, brigadas de rescate de Protecci\u00f3n Civil de Jalisco y autoridades de Sinaloa.<\/p>\n<p>Con informaci\u00f3n de L\u00f3pez-D\u00f3riga Digital<\/p>\n<\/div>\n","protected":false},"excerpt":{"rendered":"<p>Al salir de la mina, Rafael Francisco Zapata N\u00e1jera recibi\u00f3 los primeros auxilios y fue trasladado v\u00eda a\u00e9rea al Hospital General de Mazatl\u00e1n. Autoridades federales lograron el\u00a0rescate\u00a0del\u00a0minero\u00a0Rafael Francisco Zapata N\u00e1jera, a 14 d\u00edas del derrumbe en la\u00a0mina Santa Fe\u00a0de El Rosario,\u00a0Sinaloa. La Coordinaci\u00f3n Nacional de Protecci\u00f3n Civil\u00a0inform\u00f3\u00a0que el\u00a0minero\u00a0hab\u00eda sido\u00a0localizado con vida\u00a0la tarde del\u00a07 de abril. Una vez que se tuvo conocimiento de la ubicaci\u00f3n del trabajador dentro de la mina, se reforzaron las labores para su\u00a0rescate, acci\u00f3n que se concret\u00f3 a las 10:36 h de este mi\u00e9rcoles 8 de abril. Al salir de la mina,\u00a0Rafael Francisco Zapata N\u00e1jera\u00a0recibi\u00f3 los primeros [&hellip;]<\/p>\n","protected":false},"author":3,"featured_media":144249,"comment_status":"open","ping_status":"open","sticky":false,"template":"","format":"standard","meta":{"_jetpack_newsletter_access":"","_jetpack_dont_email_post_to_subs":false,"_jetpack_newsletter_tier_id":0,"_jetpack_memberships_contains_paywalled_content":false,"_jetpack_feature_clip_id":0,"_jetpack_memberships_contains_paid_content":false,"footnotes":"","jetpack_publicize_message":"","jetpack_publicize_feature_enabled":true,"jetpack_social_post_already_shared":true,"jetpack_social_options":{"image_generator_settings":{"template":"highway","default_image_id":0,"font":"","enabled":false},"version":2},"jetpack_post_was_ever_published":false},"categories":[90,75,72],"tags":[],"class_list":["post-144242","post","type-post","status-publish","format-standard","has-post-thumbnail","hentry","category-estatal","category-nacional","category-portada","post--single"],"jetpack_publicize_connections":[],"jetpack_featured_media_url":"https:\/\/ovelanalista.com\/wp-content\/uploads\/2026\/04\/rescate-con-vida-del-minero-rafael-francisco-zapata-najera.jpg","jetpack_sharing_enabled":true,"_links":{"self":[{"href":"https:\/\/ovelanalista.com\/index.php?rest_route=\/wp\/v2\/posts\/144242","targetHints":{"allow":["GET"]}}],"collection":[{"href":"https:\/\/ovelanalista.com\/index.php?rest_route=\/wp\/v2\/posts"}],"about":[{"href":"https:\/\/ovelanalista.com\/index.php?rest_route=\/wp\/v2\/types\/post"}],"author":[{"embeddable":true,"href":"https:\/\/ovelanalista.com\/index.php?rest_route=\/wp\/v2\/users\/3"}],"replies":[{"embeddable":true,"href":"https:\/\/ovelanalista.com\/index.php?rest_route=%2Fwp%2Fv2%2Fcomments&post=144242"}],"version-history":[{"count":1,"href":"https:\/\/ovelanalista.com\/index.php?rest_route=\/wp\/v2\/posts\/144242\/revisions"}],"predecessor-version":[{"id":144250,"href":"https:\/\/ovelanalista.com\/index.php?rest_route=\/wp\/v2\/posts\/144242\/revisions\/144250"}],"wp:featuredmedia":[{"embeddable":true,"href":"https:\/\/ovelanalista.com\/index.php?rest_route=\/wp\/v2\/media\/144249"}],"wp:attachment":[{"href":"https:\/\/ovelanalista.com\/index.php?rest_route=%2Fwp%2Fv2%2Fmedia&parent=144242"}],"wp:term":[{"taxonomy":"category","embeddable":true,"href":"https:\/\/ovelanalista.com\/index.php?rest_route=%2Fwp%2Fv2%2Fcategories&post=144242"},{"taxonomy":"post_tag","embeddable":true,"href":"https:\/\/ovelanalista.com\/index.php?rest_route=%2Fwp%2Fv2%2Ftags&post=144242"}],"curies":[{"name":"wp","href":"https:\/\/api.w.org\/{rel}","templated":true}]}}