{"id":144244,"date":"2026-04-08T18:00:50","date_gmt":"2026-04-09T01:00:50","guid":{"rendered":"https:\/\/ovelanalista.com\/?p=144244"},"modified":"2026-04-08T15:39:09","modified_gmt":"2026-04-08T22:39:09","slug":"roberto-velasco-toma-protesta-como-nuevo-titular-de-sre","status":"publish","type":"post","link":"https:\/\/ovelanalista.com\/?p=144244","title":{"rendered":"Roberto Velasco toma protesta como nuevo titular de SRE"},"content":{"rendered":"<p>El Senado de la Rep\u00fablica aprob\u00f3 el nombramiento de Roberto Velasco como nuevo titular de Relaciones Exteriores (SRE).<\/p>\n<p><strong><a href=\"https:\/\/x.com\/r_velascoa\" target=\"_blank\" rel=\"noopener noreferrer\">Roberto<\/a>\u00a0Velasco \u00c1lvarez\u00a0<\/strong>rindi\u00f3 protesta como nuevo titular de la\u00a0<strong>Secretar\u00eda de Relaciones Exteriores<\/strong>\u00a0(<strong>SRE<\/strong>), tras ser ratificado en el Pleno del\u00a0<strong>Senado de la Rep\u00fablica<\/strong>.<\/p>\n<p>https:\/\/twitter.com\/i\/broadcasts\/1NGarawarZgJj<\/p>\n<p><img decoding=\"async\" src=\"https:\/\/pbs.twimg.com\/media\/HFaB6blXUAAm_3B?format=jpg&amp;name=large\" alt=\"Imagen\" \/><\/p>\n<p>Dicho nombramiento fue avalado en la C\u00e1mara Alta con un total de 81 votos a favor y 30 m\u00e1s en contra.<\/p>\n<p>Tras la votaci\u00f3n, la presidenta de la Mesa Directiva del Senado,<strong>\u00a0Laura Itzel Castillo<\/strong>, tom\u00f3 la protesta correspondiente al nuevo canciller.<\/p>\n<p>En la previa, Velasco \u00c1lvarez tuvo una reuni\u00f3n privada con la Junta de Coordinaci\u00f3n Pol\u00edtica (Jucopo) de la C\u00e1mara Alta, encabezada por el coordinador de los senadores de Morena, Ignacio Mier.<\/p>\n<p>En ese encuentro, los grupos parlamentarios plantearon temas prioritarios en la agenda exterior del pa\u00eds, como la migraci\u00f3n, el Tratado entre M\u00e9xico, Estados Unidos y Canad\u00e1 (T-MEC), la relaci\u00f3n bilateral con Washington y la geopol\u00edtica latinoamericana.<\/p>\n<div data-ad-type=\"inreadbox\" data-slot=\"inread-multiple\" data-ad-loaded=\"1\" data-ad-setup=\"{&quot;postID&quot;:1777992,&quot;canRefresh&quot;:false,&quot;infinitescroll&quot;:false}\" data-google-query-id=\"CP2ToeCo35MDFXSJOgUdrrA9Lg\">\n<p>El pasado 1 de abril, la presidenta\u00a0<strong>Claudia Sheinbaum<\/strong>\u00a0confirm\u00f3 la renuncia de Juan Ram\u00f3n de la Fuente, de 75 a\u00f1os, a la titularidad de la SRE debido a motivos de salud.<\/p>\n<p>En su lugar, fue nombrado Roberto Velasco \u00c1lvarez, quien hasta entonces se desempe\u00f1aba como subsecretario de Am\u00e9rica del Norte de la SRE, y que es reconocido por el manejo de la agenda diplom\u00e1tica en la regi\u00f3n.<\/p>\n<p>Con informaci\u00f3n de L\u00f3pez-D\u00f3riga Digital<\/p>\n<\/div>\n","protected":false},"excerpt":{"rendered":"<p>El Senado de la Rep\u00fablica aprob\u00f3 el nombramiento de Roberto Velasco como nuevo titular de Relaciones Exteriores (SRE). Roberto\u00a0Velasco \u00c1lvarez\u00a0rindi\u00f3 protesta como nuevo titular de la\u00a0Secretar\u00eda de Relaciones Exteriores\u00a0(SRE), tras ser ratificado en el Pleno del\u00a0Senado de la Rep\u00fablica. https:\/\/twitter.com\/i\/broadcasts\/1NGarawarZgJj Dicho nombramiento fue avalado en la C\u00e1mara Alta con un total de 81 votos a favor y 30 m\u00e1s en contra. Tras la votaci\u00f3n, la presidenta de la Mesa Directiva del Senado,\u00a0Laura Itzel Castillo, tom\u00f3 la protesta correspondiente al nuevo canciller. En la previa, Velasco \u00c1lvarez tuvo una reuni\u00f3n privada con la Junta de Coordinaci\u00f3n Pol\u00edtica (Jucopo) de la C\u00e1mara [&hellip;]<\/p>\n","protected":false},"author":3,"featured_media":144247,"comment_status":"open","ping_status":"open","sticky":false,"template":"","format":"standard","meta":{"_jetpack_newsletter_access":"","_jetpack_dont_email_post_to_subs":false,"_jetpack_newsletter_tier_id":0,"_jetpack_memberships_contains_paywalled_content":false,"_jetpack_feature_clip_id":0,"_jetpack_memberships_contains_paid_content":false,"footnotes":"","jetpack_publicize_message":"","jetpack_publicize_feature_enabled":true,"jetpack_social_post_already_shared":true,"jetpack_social_options":{"image_generator_settings":{"template":"highway","default_image_id":0,"font":"","enabled":false},"version":2},"jetpack_post_was_ever_published":false},"categories":[75],"tags":[],"class_list":["post-144244","post","type-post","status-publish","format-standard","has-post-thumbnail","hentry","category-nacional","post--single"],"jetpack_publicize_connections":[],"jetpack_featured_media_url":"https:\/\/ovelanalista.com\/wp-content\/uploads\/2026\/04\/roberto-velasco-protesta-sre.jpg","jetpack_sharing_enabled":true,"_links":{"self":[{"href":"https:\/\/ovelanalista.com\/index.php?rest_route=\/wp\/v2\/posts\/144244","targetHints":{"allow":["GET"]}}],"collection":[{"href":"https:\/\/ovelanalista.com\/index.php?rest_route=\/wp\/v2\/posts"}],"about":[{"href":"https:\/\/ovelanalista.com\/index.php?rest_route=\/wp\/v2\/types\/post"}],"author":[{"embeddable":true,"href":"https:\/\/ovelanalista.com\/index.php?rest_route=\/wp\/v2\/users\/3"}],"replies":[{"embeddable":true,"href":"https:\/\/ovelanalista.com\/index.php?rest_route=%2Fwp%2Fv2%2Fcomments&post=144244"}],"version-history":[{"count":1,"href":"https:\/\/ovelanalista.com\/index.php?rest_route=\/wp\/v2\/posts\/144244\/revisions"}],"predecessor-version":[{"id":144248,"href":"https:\/\/ovelanalista.com\/index.php?rest_route=\/wp\/v2\/posts\/144244\/revisions\/144248"}],"wp:featuredmedia":[{"embeddable":true,"href":"https:\/\/ovelanalista.com\/index.php?rest_route=\/wp\/v2\/media\/144247"}],"wp:attachment":[{"href":"https:\/\/ovelanalista.com\/index.php?rest_route=%2Fwp%2Fv2%2Fmedia&parent=144244"}],"wp:term":[{"taxonomy":"category","embeddable":true,"href":"https:\/\/ovelanalista.com\/index.php?rest_route=%2Fwp%2Fv2%2Fcategories&post=144244"},{"taxonomy":"post_tag","embeddable":true,"href":"https:\/\/ovelanalista.com\/index.php?rest_route=%2Fwp%2Fv2%2Ftags&post=144244"}],"curies":[{"name":"wp","href":"https:\/\/api.w.org\/{rel}","templated":true}]}}