{"id":144263,"date":"2026-04-09T10:30:22","date_gmt":"2026-04-09T17:30:22","guid":{"rendered":"https:\/\/ovelanalista.com\/?p=144263"},"modified":"2026-04-09T09:36:25","modified_gmt":"2026-04-09T16:36:25","slug":"procesan-a-13-militares-por-ataque-armado-contra-una-familia-en-sinaloa","status":"publish","type":"post","link":"https:\/\/ovelanalista.com\/?p=144263","title":{"rendered":"Procesan a 13 militares por ataque armado contra una familia en Sinaloa"},"content":{"rendered":"<p>Militares a juicio por homicidio de dos menores en Sinaloa. CNDH y Fiscal\u00eda confirman uso ileg\u00edtimo de la fuerza letal.<\/p>\n<p><strong>CDMX.-<\/strong>\u00a0Un juez inici\u00f3 el\u00a0<strong>proceso<\/strong>\u00a0<strong>penal<\/strong>\u00a0contra\u00a0<strong>13 militares<\/strong>\u00a0acusados del\u00a0<a href=\"https:\/\/www.am.com.mx\/guanajuato\/2026\/03\/10\/guanajuato-concentra-tres-de-cada-diez-asesinatos-de-ninos-en-mexico-advierte-redim-1761909.html\" target=\"_blank\" rel=\"noreferrer noopener\"><strong>homicidio<\/strong>\u00a0de dos\u00a0<strong>ni\u00f1as<\/strong><\/a>\u00a0de\u00a0<strong>11<\/strong>\u00a0y\u00a0<strong>7 a\u00f1os<\/strong>, as\u00ed como de la\u00a0<strong>tentativa<\/strong>\u00a0de homicidio de otros\u00a0<strong>dos menores y dos adultos<\/strong>, todos ellos integrantes de una misma familia atacada a tiros hace casi un a\u00f1o por\u00a0<a href=\"https:\/\/www.am.com.mx\/nacional\/2025\/11\/11\/seis-militares-presos-asesinato-leidy-alexa-sinaloa-1695591.html\" target=\"_blank\" rel=\"noreferrer noopener\">miembros del Ej\u00e9rcito<\/a>\u00a0en una carretera del noroccidental estado de Sinaloa, informaron el mi\u00e9rcoles abogados de las v\u00edctimas.<\/p>\n<aside class=\"scaip scaip-1    \"><\/aside>\n<p>El 6 de mayo de 2025 los militares\u00a0<strong>atacaron<\/strong>\u00a0la\u00a0<strong>camioneta<\/strong>\u00a0de la\u00a0<strong>familia<\/strong>\u00a0que se dirig\u00eda a la\u00a0<strong>escuela<\/strong>. El veh\u00edculo dio la vuelta en una carretera al ver que el camino estaba bloqueado.<\/p>\n<p>Las autoridades informaron que se trat\u00f3 de un\u00a0<strong>enfrentamiento.<\/strong>\u00a0Pero la Comisi\u00f3n Nacional de Derechos Humanos asegur\u00f3 despu\u00e9s de una investigaci\u00f3n que hubo un \u201c<strong>uso ileg\u00edtimo de la fuerza<\/strong>\u201d por parte de los militares y la Fiscal\u00eda de M\u00e9xico logr\u00f3 acreditar que se us\u00f3 la fuerza letal de forma \u201cinjustificada\u201d.<\/p>\n<p>\u201cSin previo aviso o justificaci\u00f3n alguna, un convoy de tres veh\u00edculos del Ej\u00e9rcito mexicano que circulaba en el otro carril abri\u00f3 fuego en contra del veh\u00edculo\u201d de la familia, explic\u00f3 en un comunicado el\u00a0<strong>Centro de Derechos Humanos Agust\u00edn Pro Ju\u00e1rez<\/strong>\u00a0(Centro Prodh), que es acompa\u00f1ante legal de las v\u00edctimas.<\/p>\n<aside class=\"scaip scaip-2    \"><\/aside>\n<h2 id=\"h-ola-de-violencia-en-sinaloa\" class=\"wp-block-heading\"><strong>Ola de violencia en Sinaloa<\/strong><\/h2>\n<p>El estado de Sinaloa lleva a\u00f1o y medio inmerso en una fuerte ola de violencia por la lucha que mantienen dos facciones del c\u00e1rtel del mismo nombre que ha dejado centenares de muertos y desaparecidos.<\/p>\n<p>La defensa de los militares argument\u00f3 que debido a ese contexto, los uniformados actuaron bajo un estado de alerta y nerviosismo. Pero el juez determin\u00f3 que contaban con adiestramiento suficiente para saber que hab\u00eda una alta probabilidad de matar y, a\u00fan as\u00ed, dispararon.<\/p>\n<p>Para el Centro Prodh, el ataque en un ejemplo de las violaciones graves a los derechos humanos que se dan ante la profundizaci\u00f3n de la militarizaci\u00f3n \u201cque se ha perpetuado a lo largo de las diversas administraciones\u201d.<\/p>\n<aside class=\"scaip scaip-3    \"><\/aside>\n<p>\u201cEs un hecho intolerable que debe impulsar la adopci\u00f3n de medidas para evitar su repetici\u00f3n\u201d, afirm\u00f3.<\/p>\n<p>Pero en enero, Sinaloa volvi\u00f3 a vivir una situaci\u00f3n parecida con la muerte del universitario de 23 a\u00f1os\u00a0<strong>Fernando Alan Arce<\/strong>, en Culiac\u00e1n, capital del estado.<\/p>\n<h2 id=\"h-mas-militares-en-investigacion\" class=\"wp-block-heading\"><strong>M\u00e1s militares en investigaci\u00f3n<\/strong><\/h2>\n<p>El secretario de la Defensa,\u00a0<strong>Ricardo Trevilla Trejo<\/strong>, dijo que hab\u00eda militares bajo investigaci\u00f3n por esa muerte que, seg\u00fan explic\u00f3, ocurri\u00f3 cuando el Ej\u00e9rcito estaba persiguiendo a unos supuestos delincuentes que agredieron y, en medio del intercambio de disparos, \u201ces donde fallece uno de estos j\u00f3venes\u201d que se trasladaba en un veh\u00edculo.<\/p>\n<aside class=\"scaip scaip-4    \"><\/aside>\n<p>El caso de las dos\u00a0<a href=\"https:\/\/www.am.com.mx\/nacional\/2025\/10\/30\/asedia-la-mayiza-a-cuna-de-chapitos-apuntan-a-badiraguato-cuna-de-el-chapo-guzman-1679940.html\" target=\"_blank\" rel=\"noreferrer noopener\">ni\u00f1as muertas<\/a>, conmocion\u00f3 a Sinaloa que, en aquel momento ya llevaba casi 40 menores muertos por la violencia desatada en septiembre de 2024.<\/p>\n<p>En palabras del Centro Prodh, \u201cpone rostro a los efectos m\u00e1s lesivos y dolorosos de la pol\u00edtica de despliegue militar, sin controles efectivos, en contextos de alta vulnerabilidad y violencia\u201d.<\/p>\n<p>Con informaci\u00f3n de am<\/p>\n","protected":false},"excerpt":{"rendered":"<p>Militares a juicio por homicidio de dos menores en Sinaloa. CNDH y Fiscal\u00eda confirman uso ileg\u00edtimo de la fuerza letal. CDMX.-\u00a0Un juez inici\u00f3 el\u00a0proceso\u00a0penal\u00a0contra\u00a013 militares\u00a0acusados del\u00a0homicidio\u00a0de dos\u00a0ni\u00f1as\u00a0de\u00a011\u00a0y\u00a07 a\u00f1os, as\u00ed como de la\u00a0tentativa\u00a0de homicidio de otros\u00a0dos menores y dos adultos, todos ellos integrantes de una misma familia atacada a tiros hace casi un a\u00f1o por\u00a0miembros del Ej\u00e9rcito\u00a0en una carretera del noroccidental estado de Sinaloa, informaron el mi\u00e9rcoles abogados de las v\u00edctimas. El 6 de mayo de 2025 los militares\u00a0atacaron\u00a0la\u00a0camioneta\u00a0de la\u00a0familia\u00a0que se dirig\u00eda a la\u00a0escuela. El veh\u00edculo dio la vuelta en una carretera al ver que el camino estaba bloqueado. Las autoridades [&hellip;]<\/p>\n","protected":false},"author":3,"featured_media":144277,"comment_status":"open","ping_status":"open","sticky":false,"template":"","format":"standard","meta":{"_jetpack_newsletter_access":"","_jetpack_dont_email_post_to_subs":false,"_jetpack_newsletter_tier_id":0,"_jetpack_memberships_contains_paywalled_content":false,"_jetpack_feature_clip_id":0,"_jetpack_memberships_contains_paid_content":false,"footnotes":"","jetpack_publicize_message":"","jetpack_publicize_feature_enabled":true,"jetpack_social_post_already_shared":true,"jetpack_social_options":{"image_generator_settings":{"template":"highway","default_image_id":0,"font":"","enabled":false},"version":2},"jetpack_post_was_ever_published":false},"categories":[90,72],"tags":[],"class_list":["post-144263","post","type-post","status-publish","format-standard","has-post-thumbnail","hentry","category-estatal","category-portada","post--single"],"jetpack_publicize_connections":[],"jetpack_featured_media_url":"https:\/\/ovelanalista.com\/wp-content\/uploads\/2026\/04\/mexico-militares-homicidio-ninas.webp","jetpack_sharing_enabled":true,"_links":{"self":[{"href":"https:\/\/ovelanalista.com\/index.php?rest_route=\/wp\/v2\/posts\/144263","targetHints":{"allow":["GET"]}}],"collection":[{"href":"https:\/\/ovelanalista.com\/index.php?rest_route=\/wp\/v2\/posts"}],"about":[{"href":"https:\/\/ovelanalista.com\/index.php?rest_route=\/wp\/v2\/types\/post"}],"author":[{"embeddable":true,"href":"https:\/\/ovelanalista.com\/index.php?rest_route=\/wp\/v2\/users\/3"}],"replies":[{"embeddable":true,"href":"https:\/\/ovelanalista.com\/index.php?rest_route=%2Fwp%2Fv2%2Fcomments&post=144263"}],"version-history":[{"count":1,"href":"https:\/\/ovelanalista.com\/index.php?rest_route=\/wp\/v2\/posts\/144263\/revisions"}],"predecessor-version":[{"id":144278,"href":"https:\/\/ovelanalista.com\/index.php?rest_route=\/wp\/v2\/posts\/144263\/revisions\/144278"}],"wp:featuredmedia":[{"embeddable":true,"href":"https:\/\/ovelanalista.com\/index.php?rest_route=\/wp\/v2\/media\/144277"}],"wp:attachment":[{"href":"https:\/\/ovelanalista.com\/index.php?rest_route=%2Fwp%2Fv2%2Fmedia&parent=144263"}],"wp:term":[{"taxonomy":"category","embeddable":true,"href":"https:\/\/ovelanalista.com\/index.php?rest_route=%2Fwp%2Fv2%2Fcategories&post=144263"},{"taxonomy":"post_tag","embeddable":true,"href":"https:\/\/ovelanalista.com\/index.php?rest_route=%2Fwp%2Fv2%2Ftags&post=144263"}],"curies":[{"name":"wp","href":"https:\/\/api.w.org\/{rel}","templated":true}]}}