{"id":144265,"date":"2026-04-09T10:00:57","date_gmt":"2026-04-09T17:00:57","guid":{"rendered":"https:\/\/ovelanalista.com\/?p=144265"},"modified":"2026-04-09T09:29:43","modified_gmt":"2026-04-09T16:29:43","slug":"reportan-tres-fallecidos-tras-ataques-a-balazos-en-sinaloa","status":"publish","type":"post","link":"https:\/\/ovelanalista.com\/?p=144265","title":{"rendered":"Reportan tres fallecidos tras ataques a balazos en Sinaloa"},"content":{"rendered":"<div class=\"news-excerpt\">\n<p>En la capital del estado, en una serie de hechos de violencia, tres personas del sexo masculino fueron privadas de la vida con impactos de bala y cuatro m\u00e1s resultaron heridas.<\/p>\n<p>De nueva cuenta, una jornada violenta sacudi\u00f3 a Sinaloa y el saldo es rojo con tres hombres muertos y cuatro m\u00e1s heridos. Estos son todos los detalles:<\/p>\n<p><mark><strong>En la capital del estado, en una serie de hechos de violencia, tres personas del sexo masculino fueron privadas de la vida con impactos de bala y cuatro m\u00e1s resultaron heridas<\/strong><\/mark>; uno de ellos conduc\u00eda una camioneta de lujo Mercedes-Benz, cerca del sector de Ciudad Universitaria.<\/p>\n<div id=\"teads_ad\">\n<div id=\"div-gpt-ad-1548262875188-0\" data-google-query-id=\"CLSG8emW4ZMDFVfA_QUdjqYc1g\">\n<h3 id=\"google_ads_iframe_\/1001694\/INF_intext_1_0__container__\"><strong>Tres muertos en Sinaloa<\/strong><\/h3>\n<\/div>\n<\/div>\n<p>En un expendio de gasolina, fuera de servicio, ubicado por el bulevar Ej\u00e9rcito de Occidente, en el sector de Chula Vista,\u00a0<strong>una persona del sexo masculino fue auxiliada por socorristas de la Cruz Roja y llevada a un hospital, donde poco despu\u00e9s se notific\u00f3 que esta hab\u00eda fallecido<\/strong>.<\/p>\n<p><strong>La v\u00edctima, de complexi\u00f3n delgada y de apariencia joven, fue atacada a balazos por personas desconocidas<\/strong>\u00a0cuando esta se encontraba en unas instalaciones fuera de servicio en dicho sector, por lo que la Fiscal\u00eda General del Estado fue notificada sobre su muerte.<\/p>\n<p><strong>Un joven de nombre Jos\u00e9 Carlos &#8220;N&#8221;, de 29 a\u00f1os de edad, fue privado de la vida de varios disparos por personas desconocidas\u00a0<\/strong>que lo atacaron en su vivienda en el fraccionamiento Las Glorias, en la parte del sector de los \u00c1ngeles.<\/p>\n<p>En el exterior de una de las tiendas de conveniencia de la cadena Kiosko, en la colonia Aquiles Serd\u00e1n, de la ciudad,\u00a0<strong>un hombre a\u00fan no identificado fue atacado a balazos por personas que se presume viajaban en una motocicleta, las cuales lograron huir del lugar<\/strong>.<\/p>\n<h2>Los heridos<\/h2>\n<p><strong>Las autoridades de seguridad fueron notificadas de detonaciones de armas de fuego contra el conductor de una camioneta de lujo<\/strong>, sobre el bulevar Diego Valadez, mejor conocido como el malec\u00f3n nuevo. Al arribar al sitio, encontraron que el conductor de la unidad presentaba un impacto de bala en uno de sus brazos, por lo que fue trasladado a un hospital.<\/p>\n<p><strong>Una persona del sexo masculino, a\u00fan sin identificar, fue v\u00edctima de un atentado a balazos en el patio de su casa<\/strong>, en la colonia Siete Gotas, en la parte oriente de Culiac\u00e1n. La v\u00edctima fue auxiliada por param\u00e9dicos que la estabilizaron y llevaron a un hospital para su atenci\u00f3n m\u00e9dica.<\/p>\n<p><strong>Las autoridades de seguridad p\u00fablica y el Ej\u00e9rcito fueron alertados de un nuevo ataque a balazos contra dos hombres en la calle Maya<\/strong>, en la colonia Industrial El Palmito, en la parte norponiente de Culiac\u00e1n. En el lugar de los hechos, fueron auxiliadas las v\u00edctimas al presentar lesiones por armas de fuego.<\/p>\n<p>Con informaci\u00f3n de Infobae<\/p>\n<\/div>\n","protected":false},"excerpt":{"rendered":"<p>En la capital del estado, en una serie de hechos de violencia, tres personas del sexo masculino fueron privadas de la vida con impactos de bala y cuatro m\u00e1s resultaron heridas. De nueva cuenta, una jornada violenta sacudi\u00f3 a Sinaloa y el saldo es rojo con tres hombres muertos y cuatro m\u00e1s heridos. Estos son todos los detalles: En la capital del estado, en una serie de hechos de violencia, tres personas del sexo masculino fueron privadas de la vida con impactos de bala y cuatro m\u00e1s resultaron heridas; uno de ellos conduc\u00eda una camioneta de lujo Mercedes-Benz, cerca del [&hellip;]<\/p>\n","protected":false},"author":3,"featured_media":144274,"comment_status":"open","ping_status":"open","sticky":false,"template":"","format":"standard","meta":{"_jetpack_newsletter_access":"","_jetpack_dont_email_post_to_subs":false,"_jetpack_newsletter_tier_id":0,"_jetpack_memberships_contains_paywalled_content":false,"_jetpack_feature_clip_id":0,"_jetpack_memberships_contains_paid_content":false,"footnotes":"","jetpack_publicize_message":"","jetpack_publicize_feature_enabled":true,"jetpack_social_post_already_shared":true,"jetpack_social_options":{"image_generator_settings":{"template":"highway","default_image_id":0,"font":"","enabled":false},"version":2},"jetpack_post_was_ever_published":false},"categories":[90,72],"tags":[],"class_list":["post-144265","post","type-post","status-publish","format-standard","has-post-thumbnail","hentry","category-estatal","category-portada","post--single"],"jetpack_publicize_connections":[],"jetpack_featured_media_url":"https:\/\/ovelanalista.com\/wp-content\/uploads\/2026\/04\/sinaloa_version1775749532503.png_901352205.webp","jetpack_sharing_enabled":true,"_links":{"self":[{"href":"https:\/\/ovelanalista.com\/index.php?rest_route=\/wp\/v2\/posts\/144265","targetHints":{"allow":["GET"]}}],"collection":[{"href":"https:\/\/ovelanalista.com\/index.php?rest_route=\/wp\/v2\/posts"}],"about":[{"href":"https:\/\/ovelanalista.com\/index.php?rest_route=\/wp\/v2\/types\/post"}],"author":[{"embeddable":true,"href":"https:\/\/ovelanalista.com\/index.php?rest_route=\/wp\/v2\/users\/3"}],"replies":[{"embeddable":true,"href":"https:\/\/ovelanalista.com\/index.php?rest_route=%2Fwp%2Fv2%2Fcomments&post=144265"}],"version-history":[{"count":1,"href":"https:\/\/ovelanalista.com\/index.php?rest_route=\/wp\/v2\/posts\/144265\/revisions"}],"predecessor-version":[{"id":144275,"href":"https:\/\/ovelanalista.com\/index.php?rest_route=\/wp\/v2\/posts\/144265\/revisions\/144275"}],"wp:featuredmedia":[{"embeddable":true,"href":"https:\/\/ovelanalista.com\/index.php?rest_route=\/wp\/v2\/media\/144274"}],"wp:attachment":[{"href":"https:\/\/ovelanalista.com\/index.php?rest_route=%2Fwp%2Fv2%2Fmedia&parent=144265"}],"wp:term":[{"taxonomy":"category","embeddable":true,"href":"https:\/\/ovelanalista.com\/index.php?rest_route=%2Fwp%2Fv2%2Fcategories&post=144265"},{"taxonomy":"post_tag","embeddable":true,"href":"https:\/\/ovelanalista.com\/index.php?rest_route=%2Fwp%2Fv2%2Ftags&post=144265"}],"curies":[{"name":"wp","href":"https:\/\/api.w.org\/{rel}","templated":true}]}}