{"id":144270,"date":"2026-04-09T09:30:13","date_gmt":"2026-04-09T16:30:13","guid":{"rendered":"https:\/\/ovelanalista.com\/?p=144270"},"modified":"2026-04-09T09:24:05","modified_gmt":"2026-04-09T16:24:05","slug":"reconoce-sinaloa-apoyo-federal-en-emergencia-minera","status":"publish","type":"post","link":"https:\/\/ovelanalista.com\/?p=144270","title":{"rendered":"Reconoce Sinaloa apoyo federal en emergencia minera"},"content":{"rendered":"<p>La coordinaci\u00f3n entre gobierno estatal y federal busca salvar al \u00faltimo minero atrapado en Santa Fe.<\/p>\n<p data-start=\"208\" data-end=\"516\">El gobernador de Sinaloa,\u00a0<span class=\"hover:entity-accent entity-underline inline cursor-pointer align-baseline\"><span class=\"whitespace-normal\">Rub\u00e9n Rocha Moya<\/span><\/span>, expres\u00f3 su agradecimiento a la presidenta de M\u00e9xico,\u00a0<span class=\"hover:entity-accent entity-underline inline cursor-pointer align-baseline\"><span class=\"whitespace-normal\">Claudia Sheinbaum Pardo<\/span><\/span>, por el respaldo del gobierno federal en el operativo de rescate de los mineros afectados por el derrumbe en la mina Santa Fe.<\/p>\n<p data-start=\"518\" data-end=\"854\">Rocha Moya destac\u00f3 la labor de los equipos de rescate, se\u00f1alando que actualmente contin\u00faa la b\u00fasqueda de un trabajador que a\u00fan permanece atrapado. El gobernador subray\u00f3 la participaci\u00f3n constante de la coordinadora general de Protecci\u00f3n Civil,\u00a0<span class=\"hover:entity-accent entity-underline inline cursor-pointer align-baseline\"><span class=\"whitespace-normal\">Laura Vel\u00e1zquez<\/span><\/span>, quien ha acompa\u00f1ado todas las acciones en el sitio.<\/p>\n<p data-start=\"856\" data-end=\"1110\">\u201cAh\u00ed tenemos un equipo que merece todo nuestro reconocimiento, y el reconocimiento se lo hago a usted tambi\u00e9n porque aqu\u00ed ha estado la coordinadora general de Protecci\u00f3n Civil, que no se ha ido para nada, Laura Vel\u00e1zquez\u201d, afirm\u00f3 el mandatario estatal.<\/p>\n<p data-start=\"1112\" data-end=\"1319\" data-is-last-node=\"\" data-is-only-node=\"\">El gobierno estatal y federal reiteran su compromiso de continuar con las labores hasta lograr el rescate seguro del trabajador, asegurando la coordinaci\u00f3n y recursos necesarios para enfrentar la emergencia.<\/p>\n<p data-start=\"1112\" data-end=\"1319\" data-is-last-node=\"\" data-is-only-node=\"\">Con informaci\u00f3n de Hoy Tabasco<\/p>\n","protected":false},"excerpt":{"rendered":"<p>La coordinaci\u00f3n entre gobierno estatal y federal busca salvar al \u00faltimo minero atrapado en Santa Fe. El gobernador de Sinaloa,\u00a0Rub\u00e9n Rocha Moya, expres\u00f3 su agradecimiento a la presidenta de M\u00e9xico,\u00a0Claudia Sheinbaum Pardo, por el respaldo del gobierno federal en el operativo de rescate de los mineros afectados por el derrumbe en la mina Santa Fe. Rocha Moya destac\u00f3 la labor de los equipos de rescate, se\u00f1alando que actualmente contin\u00faa la b\u00fasqueda de un trabajador que a\u00fan permanece atrapado. El gobernador subray\u00f3 la participaci\u00f3n constante de la coordinadora general de Protecci\u00f3n Civil,\u00a0Laura Vel\u00e1zquez, quien ha acompa\u00f1ado todas las acciones en el [&hellip;]<\/p>\n","protected":false},"author":3,"featured_media":144271,"comment_status":"open","ping_status":"open","sticky":false,"template":"","format":"standard","meta":{"_jetpack_newsletter_access":"","_jetpack_dont_email_post_to_subs":false,"_jetpack_newsletter_tier_id":0,"_jetpack_memberships_contains_paywalled_content":false,"_jetpack_feature_clip_id":0,"_jetpack_memberships_contains_paid_content":false,"footnotes":"","jetpack_publicize_message":"","jetpack_publicize_feature_enabled":true,"jetpack_social_post_already_shared":true,"jetpack_social_options":{"image_generator_settings":{"template":"highway","default_image_id":0,"font":"","enabled":false},"version":2},"jetpack_post_was_ever_published":false},"categories":[90],"tags":[],"class_list":["post-144270","post","type-post","status-publish","format-standard","has-post-thumbnail","hentry","category-estatal","post--single"],"jetpack_publicize_connections":[],"jetpack_featured_media_url":"https:\/\/ovelanalista.com\/wp-content\/uploads\/2026\/04\/rescate-2-1024x574-1.jpg","jetpack_sharing_enabled":true,"_links":{"self":[{"href":"https:\/\/ovelanalista.com\/index.php?rest_route=\/wp\/v2\/posts\/144270","targetHints":{"allow":["GET"]}}],"collection":[{"href":"https:\/\/ovelanalista.com\/index.php?rest_route=\/wp\/v2\/posts"}],"about":[{"href":"https:\/\/ovelanalista.com\/index.php?rest_route=\/wp\/v2\/types\/post"}],"author":[{"embeddable":true,"href":"https:\/\/ovelanalista.com\/index.php?rest_route=\/wp\/v2\/users\/3"}],"replies":[{"embeddable":true,"href":"https:\/\/ovelanalista.com\/index.php?rest_route=%2Fwp%2Fv2%2Fcomments&post=144270"}],"version-history":[{"count":1,"href":"https:\/\/ovelanalista.com\/index.php?rest_route=\/wp\/v2\/posts\/144270\/revisions"}],"predecessor-version":[{"id":144272,"href":"https:\/\/ovelanalista.com\/index.php?rest_route=\/wp\/v2\/posts\/144270\/revisions\/144272"}],"wp:featuredmedia":[{"embeddable":true,"href":"https:\/\/ovelanalista.com\/index.php?rest_route=\/wp\/v2\/media\/144271"}],"wp:attachment":[{"href":"https:\/\/ovelanalista.com\/index.php?rest_route=%2Fwp%2Fv2%2Fmedia&parent=144270"}],"wp:term":[{"taxonomy":"category","embeddable":true,"href":"https:\/\/ovelanalista.com\/index.php?rest_route=%2Fwp%2Fv2%2Fcategories&post=144270"},{"taxonomy":"post_tag","embeddable":true,"href":"https:\/\/ovelanalista.com\/index.php?rest_route=%2Fwp%2Fv2%2Ftags&post=144270"}],"curies":[{"name":"wp","href":"https:\/\/api.w.org\/{rel}","templated":true}]}}