{"id":144273,"date":"2026-04-09T11:30:09","date_gmt":"2026-04-09T18:30:09","guid":{"rendered":"https:\/\/ovelanalista.com\/?p=144273"},"modified":"2026-04-09T09:41:38","modified_gmt":"2026-04-09T16:41:38","slug":"nauguran-gobierno-de-sheinbaum-y-de-sinaloa-unidad-de-trasplante-en-hospital-de-culiacan","status":"publish","type":"post","link":"https:\/\/ovelanalista.com\/?p=144273","title":{"rendered":"nauguran Gobierno de Sheinbaum y de Sinaloa unidad de trasplante en Hospital de Culiac\u00e1n"},"content":{"rendered":"<p class=\"article__header__subheadline\"><strong>En el marco del plan de fortalecimiento para la donaci\u00f3n de \u00f3rganos, este jueves fue inaugurada por autoridades federales y de Sinaloa, una nueva \u00e1rea de trasplantes, dentro del Hospital General de Culiac\u00e1n.<\/strong><\/p>\n<p><strong><a class=\"article-body__byline__author\" href=\"https:\/\/www.razon.com.mx\/autores\/yulia-bonilla\/\">Yulia Bonilla<\/a><\/strong><\/p>\n<p class=\"article-body__paragraph\">En el marco del plan de fortalecimiento para la<b>\u00a0donaci\u00f3n de \u00f3rganos<\/b>, este jueves fue inaugurada por autoridades federales y de Sinaloa, una nueva \u00e1rea de trasplantes, dentro del Hospital General de Culiac\u00e1n.<\/p>\n<p class=\"article-body__paragraph\">Durante la conferencia de prensa de la\u00a0<a title=\"https:\/\/www.razon.com.mx\/mexico\/2026\/04\/09\/mananera-de-sheinbaum-9-de-abril-del-2026\/\" href=\"https:\/\/www.razon.com.mx\/mexico\/2026\/04\/09\/mananera-de-sheinbaum-9-de-abril-del-2026\/\" target=\"_self\" rel=\"\"><b>Presidenta Claudia Sheinbaum<\/b><\/a>, el titular del IMSS Bienestar,\u00a0<b>Alejandro Svarch<\/b>, calific\u00f3 la unidad como un s\u00edmbolo para la gratuidad del servicio m\u00e9dico y precis\u00f3 que a tres meses de su inicio de operaciones ya se han realizado seis trasplantes.<\/p>\n<div class=\"ads-block\">\n<div class=\"ads-block__unit-wrapper m100 d250\" data-testid=\"ad-block-unit-wrapper\">\u201cEsta unidad es un s\u00edmbolo para el Bienestar, para la gratuidad de los servicios altamente especializados. Sepa usted que esta unidad ya funciona. Como dijo el gobernador, ya hemos hecho seis trasplantes exitosos en tan solo tres veces y estaremos abriendo la unidad para hacer m\u00e1s trasplantes. Trasplantes de coraz\u00f3n, trasplantes de h\u00edgado, trasplantes de pulm\u00f3n, por supuesto, trasplantes de c\u00f3rnea y trasplantes de ri\u00f1\u00f3n\u201d, dijo.<\/div>\n<\/div>\n<div data-testid=\"ad-block-unit-wrapper\"><\/div>\n<div data-testid=\"ad-block-unit-wrapper\">El gobernador,<b>\u00a0Rub\u00e9n Rocha Moya<\/b>\u00a0aprovech\u00f3 para externar un reconocimiento y a la Federaci\u00f3n por las labores hechas para rescatar a los mineros que quedaron atrapados tras el colapso de una mina.<\/div>\n<div data-testid=\"ad-block-unit-wrapper\"><\/div>\n<div data-testid=\"ad-block-unit-wrapper\">\n<p class=\"article-body__paragraph\">Tambi\u00e9n expres\u00f3 respaldo a la creaci\u00f3n del Sistema Universal de Salud para garantizar el acceso a servicios m\u00e9dicos a toda la poblaci\u00f3n.<\/p>\n<p class=\"article-body__paragraph\">Coment\u00f3 que en lo que va de su administraci\u00f3n se han realizado 162 trasplantes de ri\u00f1\u00f3n entre hospitales p\u00fablicos y privados.<\/p>\n<div class=\"atbs-responsive-video\"><iframe loading=\"lazy\" title=\"#Ma\u00f1aneraDelPueblo desde Palacio Nacional. Jueves 09 de abril 2026\" width=\"1200\" height=\"675\" src=\"https:\/\/www.youtube.com\/embed\/REM8HQKz6pw?feature=oembed\" frameborder=\"0\" allow=\"accelerometer; autoplay; clipboard-write; encrypted-media; gyroscope; picture-in-picture; web-share\" referrerpolicy=\"strict-origin-when-cross-origin\" allowfullscreen><\/iframe><\/div>\n<p>Con informaci\u00f3n de La Raz\u00f3n<\/p>\n<\/div>\n","protected":false},"excerpt":{"rendered":"<p>En el marco del plan de fortalecimiento para la donaci\u00f3n de \u00f3rganos, este jueves fue inaugurada por autoridades federales y de Sinaloa, una nueva \u00e1rea de trasplantes, dentro del Hospital General de Culiac\u00e1n. Yulia Bonilla En el marco del plan de fortalecimiento para la\u00a0donaci\u00f3n de \u00f3rganos, este jueves fue inaugurada por autoridades federales y de Sinaloa, una nueva \u00e1rea de trasplantes, dentro del Hospital General de Culiac\u00e1n. Durante la conferencia de prensa de la\u00a0Presidenta Claudia Sheinbaum, el titular del IMSS Bienestar,\u00a0Alejandro Svarch, calific\u00f3 la unidad como un s\u00edmbolo para la gratuidad del servicio m\u00e9dico y precis\u00f3 que a tres meses [&hellip;]<\/p>\n","protected":false},"author":3,"featured_media":144281,"comment_status":"open","ping_status":"open","sticky":false,"template":"","format":"standard","meta":{"_jetpack_newsletter_access":"","_jetpack_dont_email_post_to_subs":false,"_jetpack_newsletter_tier_id":0,"_jetpack_memberships_contains_paywalled_content":false,"_jetpack_feature_clip_id":0,"_jetpack_memberships_contains_paid_content":false,"footnotes":"","jetpack_publicize_message":"","jetpack_publicize_feature_enabled":true,"jetpack_social_post_already_shared":true,"jetpack_social_options":{"image_generator_settings":{"template":"highway","default_image_id":0,"font":"","enabled":false},"version":2},"jetpack_post_was_ever_published":false},"categories":[90,75,72],"tags":[],"class_list":["post-144273","post","type-post","status-publish","format-standard","has-post-thumbnail","hentry","category-estatal","category-nacional","category-portada","post--single"],"jetpack_publicize_connections":[],"jetpack_featured_media_url":"https:\/\/ovelanalista.com\/wp-content\/uploads\/2026\/04\/Captura-de-pantalla-2026-04-09-a-las-9.39.57-a.m.png","jetpack_sharing_enabled":true,"_links":{"self":[{"href":"https:\/\/ovelanalista.com\/index.php?rest_route=\/wp\/v2\/posts\/144273","targetHints":{"allow":["GET"]}}],"collection":[{"href":"https:\/\/ovelanalista.com\/index.php?rest_route=\/wp\/v2\/posts"}],"about":[{"href":"https:\/\/ovelanalista.com\/index.php?rest_route=\/wp\/v2\/types\/post"}],"author":[{"embeddable":true,"href":"https:\/\/ovelanalista.com\/index.php?rest_route=\/wp\/v2\/users\/3"}],"replies":[{"embeddable":true,"href":"https:\/\/ovelanalista.com\/index.php?rest_route=%2Fwp%2Fv2%2Fcomments&post=144273"}],"version-history":[{"count":1,"href":"https:\/\/ovelanalista.com\/index.php?rest_route=\/wp\/v2\/posts\/144273\/revisions"}],"predecessor-version":[{"id":144283,"href":"https:\/\/ovelanalista.com\/index.php?rest_route=\/wp\/v2\/posts\/144273\/revisions\/144283"}],"wp:featuredmedia":[{"embeddable":true,"href":"https:\/\/ovelanalista.com\/index.php?rest_route=\/wp\/v2\/media\/144281"}],"wp:attachment":[{"href":"https:\/\/ovelanalista.com\/index.php?rest_route=%2Fwp%2Fv2%2Fmedia&parent=144273"}],"wp:term":[{"taxonomy":"category","embeddable":true,"href":"https:\/\/ovelanalista.com\/index.php?rest_route=%2Fwp%2Fv2%2Fcategories&post=144273"},{"taxonomy":"post_tag","embeddable":true,"href":"https:\/\/ovelanalista.com\/index.php?rest_route=%2Fwp%2Fv2%2Ftags&post=144273"}],"curies":[{"name":"wp","href":"https:\/\/api.w.org\/{rel}","templated":true}]}}