{"id":144284,"date":"2026-04-09T12:00:05","date_gmt":"2026-04-09T19:00:05","guid":{"rendered":"https:\/\/ovelanalista.com\/?p=144284"},"modified":"2026-04-09T09:43:44","modified_gmt":"2026-04-09T16:43:44","slug":"inauguran-el-nuevo-hospital-general-de-culiacan-un-hito-en-la-medicina-especializada-de-sinaloa","status":"publish","type":"post","link":"https:\/\/ovelanalista.com\/?p=144284","title":{"rendered":"Inauguran el nuevo Hospital General de Culiac\u00e1n: Un hito en la medicina especializada de Sinaloa"},"content":{"rendered":"<p>El gobernador Rub\u00e9n Rocha Moya, en coordinaci\u00f3n con autoridades del sistema IMSS-Bienestar, encabez\u00f3 la inauguraci\u00f3n oficial del nuevo Hospital General de Culiac\u00e1n, una infraestructura de vanguardia dise\u00f1ada para consolidar el sistema universal de salud en la entidad.<\/p>\n<p>La unidad m\u00e9dica destaca por integrar tecnolog\u00eda de punta y servicios de alta especialidad que anteriormente eran de dif\u00edcil acceso. Durante el acto protocolario, el mandatario sinaloense resalt\u00f3 que el hospital ya cuenta con laboratorio de histocompatibilidad, una unidad de hemodi\u00e1lisis y quir\u00f3fanos equipados para procedimientos complejos.<\/p>\n<p>Rocha Moya subray\u00f3 que la operatividad de la instituci\u00f3n es una realidad tangible, informando que ya se han realizado con \u00e9xito los primeros seis trasplantes en estas instalaciones. &#8220;Estamos ante una gran unidad con especialistas e infraestructura especializada; esto marca el inicio de una nueva etapa en la atenci\u00f3n m\u00e9dica para los sinaloenses&#8221;, afirm\u00f3 el ejecutivo estatal.<\/p>\n<p>Con esta apertura, Sinaloa fortalece su capacidad de respuesta ante enfermedades cr\u00f3nicas y procedimientos de alta complejidad, garantizando que la poblaci\u00f3n sin seguridad social tenga acceso a medicina de primer nivel bajo el esquema federalizado de salud.<\/p>\n<p>Con informaci\u00f3n de Noroeste<\/p>\n","protected":false},"excerpt":{"rendered":"<p>El gobernador Rub\u00e9n Rocha Moya, en coordinaci\u00f3n con autoridades del sistema IMSS-Bienestar, encabez\u00f3 la inauguraci\u00f3n oficial del nuevo Hospital General de Culiac\u00e1n, una infraestructura de vanguardia dise\u00f1ada para consolidar el sistema universal de salud en la entidad. La unidad m\u00e9dica destaca por integrar tecnolog\u00eda de punta y servicios de alta especialidad que anteriormente eran de dif\u00edcil acceso. Durante el acto protocolario, el mandatario sinaloense resalt\u00f3 que el hospital ya cuenta con laboratorio de histocompatibilidad, una unidad de hemodi\u00e1lisis y quir\u00f3fanos equipados para procedimientos complejos. Rocha Moya subray\u00f3 que la operatividad de la instituci\u00f3n es una realidad tangible, informando que ya [&hellip;]<\/p>\n","protected":false},"author":3,"featured_media":144288,"comment_status":"open","ping_status":"open","sticky":false,"template":"","format":"standard","meta":{"_jetpack_newsletter_access":"","_jetpack_dont_email_post_to_subs":false,"_jetpack_newsletter_tier_id":0,"_jetpack_memberships_contains_paywalled_content":false,"_jetpack_feature_clip_id":0,"_jetpack_memberships_contains_paid_content":false,"footnotes":"","jetpack_publicize_message":"","jetpack_publicize_feature_enabled":true,"jetpack_social_post_already_shared":true,"jetpack_social_options":{"image_generator_settings":{"template":"highway","default_image_id":0,"font":"","enabled":false},"version":2},"jetpack_post_was_ever_published":false},"categories":[84],"tags":[],"class_list":["post-144284","post","type-post","status-publish","format-standard","has-post-thumbnail","hentry","category-sinaloa-centro","post--single"],"jetpack_publicize_connections":[],"jetpack_featured_media_url":"https:\/\/ovelanalista.com\/wp-content\/uploads\/2026\/04\/82109_8.jpg","jetpack_sharing_enabled":true,"_links":{"self":[{"href":"https:\/\/ovelanalista.com\/index.php?rest_route=\/wp\/v2\/posts\/144284","targetHints":{"allow":["GET"]}}],"collection":[{"href":"https:\/\/ovelanalista.com\/index.php?rest_route=\/wp\/v2\/posts"}],"about":[{"href":"https:\/\/ovelanalista.com\/index.php?rest_route=\/wp\/v2\/types\/post"}],"author":[{"embeddable":true,"href":"https:\/\/ovelanalista.com\/index.php?rest_route=\/wp\/v2\/users\/3"}],"replies":[{"embeddable":true,"href":"https:\/\/ovelanalista.com\/index.php?rest_route=%2Fwp%2Fv2%2Fcomments&post=144284"}],"version-history":[{"count":1,"href":"https:\/\/ovelanalista.com\/index.php?rest_route=\/wp\/v2\/posts\/144284\/revisions"}],"predecessor-version":[{"id":144289,"href":"https:\/\/ovelanalista.com\/index.php?rest_route=\/wp\/v2\/posts\/144284\/revisions\/144289"}],"wp:featuredmedia":[{"embeddable":true,"href":"https:\/\/ovelanalista.com\/index.php?rest_route=\/wp\/v2\/media\/144288"}],"wp:attachment":[{"href":"https:\/\/ovelanalista.com\/index.php?rest_route=%2Fwp%2Fv2%2Fmedia&parent=144284"}],"wp:term":[{"taxonomy":"category","embeddable":true,"href":"https:\/\/ovelanalista.com\/index.php?rest_route=%2Fwp%2Fv2%2Fcategories&post=144284"},{"taxonomy":"post_tag","embeddable":true,"href":"https:\/\/ovelanalista.com\/index.php?rest_route=%2Fwp%2Fv2%2Ftags&post=144284"}],"curies":[{"name":"wp","href":"https:\/\/api.w.org\/{rel}","templated":true}]}}