{"id":144286,"date":"2026-04-09T13:00:41","date_gmt":"2026-04-09T20:00:41","guid":{"rendered":"https:\/\/ovelanalista.com\/?p=144286"},"modified":"2026-04-09T09:50:13","modified_gmt":"2026-04-09T16:50:13","slug":"video-momento-del-rescate-del-minero-atrapado-14-dias-en-mina-de-sinaloa","status":"publish","type":"post","link":"https:\/\/ovelanalista.com\/?p=144286","title":{"rendered":"VIDEO: Momento del rescate del minero atrapado 14 d\u00edas en mina de Sinaloa"},"content":{"rendered":"<p>Francisco Zapata sobrevivi\u00f3 a 300 metros de profundidad y fue trasladado de emergencia tras ser localizado por buzos del Ej\u00e9rcito.<\/p>\n<p>Despu\u00e9s de dos semanas de angustia, finalmente lleg\u00f3 el rescate.\u00a0<strong>Francisco Zapata N\u00e1jera<\/strong>\u00a0fue localizado y extra\u00eddo con vida tras\u00a0<strong>permanecer 14 d\u00edas atrapado a 300 metros de profundidad\u00a0<\/strong>en la mina Santa Fe, en El Rosario, Sinaloa.<\/p>\n<p>La\u00a0<strong>Secretar\u00eda de la Defensa Nacional\u00a0<\/strong>difundi\u00f3 el video del momento en que el trabajador es rescatado por un equipo especializado del Ej\u00e9rcito.<\/p>\n<p><img decoding=\"async\" src=\"https:\/\/sportal365images.com\/process\/smp-images-production\/record.mx\/09042026\/87b13a01-aea4-4f9d-b3cd-923df3a85e56.jpg?operations=autocrop(700:395)\" \/><\/p>\n<div class=\"mx-auto w-full\">\n<h2><strong>As\u00ed fue el rescate<\/strong><\/h2>\n<\/div>\n<div class=\"mx-auto w-full font-default text-lg font-normal leading-7 text-neutral-800 sm:text-xl [&amp;_a:hover]:text-primary-700 [&amp;_a]:text-primary-500 [&amp;_a]:transition [&amp;_h2]:font-accent [&amp;_h2]:text-xl [&amp;_h2]:font-extrabold [&amp;_h2]:leading-7 sm:[&amp;_h2]:text-2xl sm:[&amp;_h2]:leading-8 [&amp;_h3]:font-accent [&amp;_h3]:text-lg [&amp;_h3]:font-extrabold [&amp;_h3]:leading-7 [&amp;_h4]:font-accent [&amp;_h4]:text-base [&amp;_h4]:font-extrabold [&amp;_h4]:leading-6 [&amp;_h5]:font-accent [&amp;_h5]:text-base [&amp;_h5]:font-bold [&amp;_h5]:leading-6 [&amp;_h6]:font-accent [&amp;_h6]:text-base [&amp;_h6]:font-normal [&amp;_h6]:leading-6 [&amp;_li]:mb-2 [&amp;_ol]:my-4 [&amp;_ol]:list-decimal [&amp;_ol]:pl-6 [&amp;_ul]:my-4 [&amp;_ul]:list-disc [&amp;_ul]:pl-6\">\n<p>El operativo estuvo a cargo de buzos del\u00a0<strong>Batall\u00f3n de Atenci\u00f3n a Emergencias,<\/strong>\u00a0quienes lograron ubicar al minero tras el derrumbe ocurrido el pasado 25 de marzo en la\u00a0<strong>mina \u201cMinerales de Sinaloa\u201d.<\/strong><\/p>\n<\/div>\n<div class=\"max-w-175 mx-auto hidden items-center justify-center sm:flex\">\n<div class=\"ad lazyAd\" data-slot-name=\"DesktopInText2\" data-google-query-id=\"CM-v3J6c4ZMDFes1RAgdzM0Yyw\">\n<div class=\"mx-auto w-full font-default text-lg font-normal leading-7 text-neutral-800 sm:text-xl [&amp;_a:hover]:text-primary-700 [&amp;_a]:text-primary-500 [&amp;_a]:transition [&amp;_h2]:font-accent [&amp;_h2]:text-xl [&amp;_h2]:font-extrabold [&amp;_h2]:leading-7 sm:[&amp;_h2]:text-2xl sm:[&amp;_h2]:leading-8 [&amp;_h3]:font-accent [&amp;_h3]:text-lg [&amp;_h3]:font-extrabold [&amp;_h3]:leading-7 [&amp;_h4]:font-accent [&amp;_h4]:text-base [&amp;_h4]:font-extrabold [&amp;_h4]:leading-6 [&amp;_h5]:font-accent [&amp;_h5]:text-base [&amp;_h5]:font-bold [&amp;_h5]:leading-6 [&amp;_h6]:font-accent [&amp;_h6]:text-base [&amp;_h6]:font-normal [&amp;_h6]:leading-6 [&amp;_li]:mb-2 [&amp;_ol]:my-4 [&amp;_ol]:list-decimal [&amp;_ol]:pl-6 [&amp;_ul]:my-4 [&amp;_ul]:list-disc [&amp;_ul]:pl-6\">\n<p>Durante los trabajos,\u00a0<strong>los rescatistas realizaron inmersiones para explorar la zona\u00a0<\/strong>y suministrar alimentos, agua y ox\u00edgeno al trabajador antes de su extracci\u00f3n.<\/p>\n<\/div>\n<div class=\"mx-auto w-full font-default text-lg font-normal leading-7 text-neutral-800 sm:text-xl [&amp;_a:hover]:text-primary-700 [&amp;_a]:text-primary-500 [&amp;_a]:transition [&amp;_h2]:font-accent [&amp;_h2]:text-xl [&amp;_h2]:font-extrabold [&amp;_h2]:leading-7 sm:[&amp;_h2]:text-2xl sm:[&amp;_h2]:leading-8 [&amp;_h3]:font-accent [&amp;_h3]:text-lg [&amp;_h3]:font-extrabold [&amp;_h3]:leading-7 [&amp;_h4]:font-accent [&amp;_h4]:text-base [&amp;_h4]:font-extrabold [&amp;_h4]:leading-6 [&amp;_h5]:font-accent [&amp;_h5]:text-base [&amp;_h5]:font-bold [&amp;_h5]:leading-6 [&amp;_h6]:font-accent [&amp;_h6]:text-base [&amp;_h6]:font-normal [&amp;_h6]:leading-6 [&amp;_li]:mb-2 [&amp;_ol]:my-4 [&amp;_ol]:list-decimal [&amp;_ol]:pl-6 [&amp;_ul]:my-4 [&amp;_ul]:list-disc [&amp;_ul]:pl-6\">\n<p>Al salir, Francisco Zapata lanz\u00f3 una frase que resume su lucha por sobrevivir: \u201c<strong>no perd\u00ed la fe<\/strong>\u201d.<\/p>\n<p><img decoding=\"async\" src=\"https:\/\/sportal365images.com\/process\/smp-images-production\/record.mx\/09042026\/fede39eb-ca5a-43a3-939c-4bb31fd2e86e.jpg?operations=autocrop(700:395)\" \/><\/p>\n<div class=\"mx-auto w-full\">\n<h2><strong>Atenci\u00f3n m\u00e9dica y traslado<\/strong><\/h2>\n<\/div>\n<div class=\"mx-auto w-full font-default text-lg font-normal leading-7 text-neutral-800 sm:text-xl [&amp;_a:hover]:text-primary-700 [&amp;_a]:text-primary-500 [&amp;_a]:transition [&amp;_h2]:font-accent [&amp;_h2]:text-xl [&amp;_h2]:font-extrabold [&amp;_h2]:leading-7 sm:[&amp;_h2]:text-2xl sm:[&amp;_h2]:leading-8 [&amp;_h3]:font-accent [&amp;_h3]:text-lg [&amp;_h3]:font-extrabold [&amp;_h3]:leading-7 [&amp;_h4]:font-accent [&amp;_h4]:text-base [&amp;_h4]:font-extrabold [&amp;_h4]:leading-6 [&amp;_h5]:font-accent [&amp;_h5]:text-base [&amp;_h5]:font-bold [&amp;_h5]:leading-6 [&amp;_h6]:font-accent [&amp;_h6]:text-base [&amp;_h6]:font-normal [&amp;_h6]:leading-6 [&amp;_li]:mb-2 [&amp;_ol]:my-4 [&amp;_ol]:list-decimal [&amp;_ol]:pl-6 [&amp;_ul]:my-4 [&amp;_ul]:list-disc [&amp;_ul]:pl-6\">\n<p>Tras ser rescatado, el\u00a0<strong>minero present\u00f3 signos de deshidrataci\u00f3n<\/strong>, por lo que recibi\u00f3 atenci\u00f3n m\u00e9dica inmediata.<\/p>\n<div class=\"mx-auto w-full font-default text-lg font-normal leading-7 text-neutral-800 sm:text-xl [&amp;_a:hover]:text-primary-700 [&amp;_a]:text-primary-500 [&amp;_a]:transition [&amp;_h2]:font-accent [&amp;_h2]:text-xl [&amp;_h2]:font-extrabold [&amp;_h2]:leading-7 sm:[&amp;_h2]:text-2xl sm:[&amp;_h2]:leading-8 [&amp;_h3]:font-accent [&amp;_h3]:text-lg [&amp;_h3]:font-extrabold [&amp;_h3]:leading-7 [&amp;_h4]:font-accent [&amp;_h4]:text-base [&amp;_h4]:font-extrabold [&amp;_h4]:leading-6 [&amp;_h5]:font-accent [&amp;_h5]:text-base [&amp;_h5]:font-bold [&amp;_h5]:leading-6 [&amp;_h6]:font-accent [&amp;_h6]:text-base [&amp;_h6]:font-normal [&amp;_h6]:leading-6 [&amp;_li]:mb-2 [&amp;_ol]:my-4 [&amp;_ol]:list-decimal [&amp;_ol]:pl-6 [&amp;_ul]:my-4 [&amp;_ul]:list-disc [&amp;_ul]:pl-6\">\n<p>Posteriormente, fue trasladado en un<strong>\u00a0helic\u00f3ptero UH-60<\/strong>\u00a0(Black Hawk) de la Fuerza A\u00e9rea Mexicana al Hospital General de Mazatl\u00e1n para su recuperaci\u00f3n.<\/p>\n<\/div>\n<div class=\"relative mx-auto w-full\"><picture><source srcset=\"https:\/\/sportal365images.com\/process\/smp-images-production\/record.mx\/09042026\/98f134e6-2e8c-434c-ab43-ff0d6790bc6e.jpg?operations=autocrop(700:395)&amp;format=webp\" type=\"image\/webp\" \/><\/picture>\n<div id=\"standard_4\" class=\"st-placement standard_4 inImage\">\n<div class=\"st-adunit st-adunit-tagged st-reset st-show\"><\/div>\n<\/div>\n<div style=\"width: 710px\" class=\"wp-caption alignnone\"><img loading=\"lazy\" decoding=\"async\" class=\"aspect-video w-full object-cover\" src=\"https:\/\/sportal365images.com\/process\/smp-images-production\/record.mx\/09042026\/98f134e6-2e8c-434c-ab43-ff0d6790bc6e.jpg?operations=autocrop(700:395)\" alt=\"\" width=\"700\" height=\"395\" \/><p class=\"wp-caption-text\">El minero narr\u00f3 que nunca perdi\u00f3 la fe y sab\u00eda que lo rescatar\u00edan en cualquier momento \/ FB: @SEDENAmxOficial<\/p><\/div>\n<div class=\"absolute bottom-0 w-full px-4 py-2 sm:px-5 sm:py-1\"><\/div>\n<\/div>\n<div class=\"mx-auto w-full\">\n<h2><strong>Contin\u00faa la b\u00fasqueda<\/strong><\/h2>\n<\/div>\n<div class=\"mx-auto w-full font-default text-lg font-normal leading-7 text-neutral-800 sm:text-xl [&amp;_a:hover]:text-primary-700 [&amp;_a]:text-primary-500 [&amp;_a]:transition [&amp;_h2]:font-accent [&amp;_h2]:text-xl [&amp;_h2]:font-extrabold [&amp;_h2]:leading-7 sm:[&amp;_h2]:text-2xl sm:[&amp;_h2]:leading-8 [&amp;_h3]:font-accent [&amp;_h3]:text-lg [&amp;_h3]:font-extrabold [&amp;_h3]:leading-7 [&amp;_h4]:font-accent [&amp;_h4]:text-base [&amp;_h4]:font-extrabold [&amp;_h4]:leading-6 [&amp;_h5]:font-accent [&amp;_h5]:text-base [&amp;_h5]:font-bold [&amp;_h5]:leading-6 [&amp;_h6]:font-accent [&amp;_h6]:text-base [&amp;_h6]:font-normal [&amp;_h6]:leading-6 [&amp;_li]:mb-2 [&amp;_ol]:my-4 [&amp;_ol]:list-decimal [&amp;_ol]:pl-6 [&amp;_ul]:my-4 [&amp;_ul]:list-disc [&amp;_ul]:pl-6\">\n<p>Aunque el rescate representa una esperanza, la tragedia a\u00fan no termina. Autoridades confirmaron el hallazgo de otro minero sin vida.<\/p>\n<\/div>\n<div class=\"mx-auto w-full font-default text-lg font-normal leading-7 text-neutral-800 sm:text-xl [&amp;_a:hover]:text-primary-700 [&amp;_a]:text-primary-500 [&amp;_a]:transition [&amp;_h2]:font-accent [&amp;_h2]:text-xl [&amp;_h2]:font-extrabold [&amp;_h2]:leading-7 sm:[&amp;_h2]:text-2xl sm:[&amp;_h2]:leading-8 [&amp;_h3]:font-accent [&amp;_h3]:text-lg [&amp;_h3]:font-extrabold [&amp;_h3]:leading-7 [&amp;_h4]:font-accent [&amp;_h4]:text-base [&amp;_h4]:font-extrabold [&amp;_h4]:leading-6 [&amp;_h5]:font-accent [&amp;_h5]:text-base [&amp;_h5]:font-bold [&amp;_h5]:leading-6 [&amp;_h6]:font-accent [&amp;_h6]:text-base [&amp;_h6]:font-normal [&amp;_h6]:leading-6 [&amp;_li]:mb-2 [&amp;_ol]:my-4 [&amp;_ol]:list-decimal [&amp;_ol]:pl-6 [&amp;_ul]:my-4 [&amp;_ul]:list-disc [&amp;_ul]:pl-6\">\n<p>La\u00a0<strong>Fiscal\u00eda General del Estado de Sinaloa<\/strong>\u00a0ya inici\u00f3 las diligencias correspondientes para su identificaci\u00f3n. Mientras tanto, los trabajos siguen en la zona para localizar al \u00faltimo trabajador que permanece desaparecido.<\/p>\n<p><img decoding=\"async\" src=\"https:\/\/sportal365images.com\/process\/smp-images-production\/record.mx\/09042026\/e8f4a37d-7fff-4b56-b787-7b53dffcda1f.png?operations=autocrop(700:395)\" \/><\/p>\n<div class=\"mx-auto w-full\">\n<h2><strong>Una historia de resistencia<\/strong><\/h2>\n<\/div>\n<div class=\"mx-auto w-full font-default text-lg font-normal leading-7 text-neutral-800 sm:text-xl [&amp;_a:hover]:text-primary-700 [&amp;_a]:text-primary-500 [&amp;_a]:transition [&amp;_h2]:font-accent [&amp;_h2]:text-xl [&amp;_h2]:font-extrabold [&amp;_h2]:leading-7 sm:[&amp;_h2]:text-2xl sm:[&amp;_h2]:leading-8 [&amp;_h3]:font-accent [&amp;_h3]:text-lg [&amp;_h3]:font-extrabold [&amp;_h3]:leading-7 [&amp;_h4]:font-accent [&amp;_h4]:text-base [&amp;_h4]:font-extrabold [&amp;_h4]:leading-6 [&amp;_h5]:font-accent [&amp;_h5]:text-base [&amp;_h5]:font-bold [&amp;_h5]:leading-6 [&amp;_h6]:font-accent [&amp;_h6]:text-base [&amp;_h6]:font-normal [&amp;_h6]:leading-6 [&amp;_li]:mb-2 [&amp;_ol]:my-4 [&amp;_ol]:list-decimal [&amp;_ol]:pl-6 [&amp;_ul]:my-4 [&amp;_ul]:list-disc [&amp;_ul]:pl-6\">\n<p>El caso ha generado conmoci\u00f3n por la resistencia del minero, quien logr\u00f3\u00a0<strong>sobrevivir durante 14 d\u00edas en condiciones extremas.<\/strong>\u00a0Las autoridades mantienen comunicaci\u00f3n con las familias mientras contin\u00faan las labores en el lugar.<\/p>\n<\/div>\n<div class=\"mx-auto w-full\">\n<h4>El momento del rescate<\/h4>\n<\/div>\n<\/div>\n<\/div>\n<\/div>\n<\/div>\n<\/div>\n<div class=\"fb-video\" data-allowfullscreen=\"true\" data-href=\"https:\/\/www.facebook.com\/watch\/?v=4207336616245730\" style=\"background-color: #fff; display: inline-block;\"><\/div>\n<p>Con informaci\u00f3n de R\u00e9cord<\/p>\n","protected":false},"excerpt":{"rendered":"<p>Francisco Zapata sobrevivi\u00f3 a 300 metros de profundidad y fue trasladado de emergencia tras ser localizado por buzos del Ej\u00e9rcito. Despu\u00e9s de dos semanas de angustia, finalmente lleg\u00f3 el rescate.\u00a0Francisco Zapata N\u00e1jera\u00a0fue localizado y extra\u00eddo con vida tras\u00a0permanecer 14 d\u00edas atrapado a 300 metros de profundidad\u00a0en la mina Santa Fe, en El Rosario, Sinaloa. La\u00a0Secretar\u00eda de la Defensa Nacional\u00a0difundi\u00f3 el video del momento en que el trabajador es rescatado por un equipo especializado del Ej\u00e9rcito. As\u00ed fue el rescate El operativo estuvo a cargo de buzos del\u00a0Batall\u00f3n de Atenci\u00f3n a Emergencias,\u00a0quienes lograron ubicar al minero tras el derrumbe ocurrido el [&hellip;]<\/p>\n","protected":false},"author":3,"featured_media":144294,"comment_status":"open","ping_status":"open","sticky":false,"template":"","format":"standard","meta":{"_jetpack_newsletter_access":"","_jetpack_dont_email_post_to_subs":false,"_jetpack_newsletter_tier_id":0,"_jetpack_memberships_contains_paywalled_content":false,"_jetpack_feature_clip_id":0,"_jetpack_memberships_contains_paid_content":false,"footnotes":"","jetpack_publicize_message":"","jetpack_publicize_feature_enabled":true,"jetpack_social_post_already_shared":true,"jetpack_social_options":{"image_generator_settings":{"template":"highway","default_image_id":0,"font":"","enabled":false},"version":2},"jetpack_post_was_ever_published":false},"categories":[90,72],"tags":[],"class_list":["post-144286","post","type-post","status-publish","format-standard","has-post-thumbnail","hentry","category-estatal","category-portada","post--single"],"jetpack_publicize_connections":[],"jetpack_featured_media_url":"https:\/\/ovelanalista.com\/wp-content\/uploads\/2026\/04\/0eefb0c7-c7b9-43f3-8df4-4481e9d19d3d.webp","jetpack_sharing_enabled":true,"_links":{"self":[{"href":"https:\/\/ovelanalista.com\/index.php?rest_route=\/wp\/v2\/posts\/144286","targetHints":{"allow":["GET"]}}],"collection":[{"href":"https:\/\/ovelanalista.com\/index.php?rest_route=\/wp\/v2\/posts"}],"about":[{"href":"https:\/\/ovelanalista.com\/index.php?rest_route=\/wp\/v2\/types\/post"}],"author":[{"embeddable":true,"href":"https:\/\/ovelanalista.com\/index.php?rest_route=\/wp\/v2\/users\/3"}],"replies":[{"embeddable":true,"href":"https:\/\/ovelanalista.com\/index.php?rest_route=%2Fwp%2Fv2%2Fcomments&post=144286"}],"version-history":[{"count":1,"href":"https:\/\/ovelanalista.com\/index.php?rest_route=\/wp\/v2\/posts\/144286\/revisions"}],"predecessor-version":[{"id":144295,"href":"https:\/\/ovelanalista.com\/index.php?rest_route=\/wp\/v2\/posts\/144286\/revisions\/144295"}],"wp:featuredmedia":[{"embeddable":true,"href":"https:\/\/ovelanalista.com\/index.php?rest_route=\/wp\/v2\/media\/144294"}],"wp:attachment":[{"href":"https:\/\/ovelanalista.com\/index.php?rest_route=%2Fwp%2Fv2%2Fmedia&parent=144286"}],"wp:term":[{"taxonomy":"category","embeddable":true,"href":"https:\/\/ovelanalista.com\/index.php?rest_route=%2Fwp%2Fv2%2Fcategories&post=144286"},{"taxonomy":"post_tag","embeddable":true,"href":"https:\/\/ovelanalista.com\/index.php?rest_route=%2Fwp%2Fv2%2Ftags&post=144286"}],"curies":[{"name":"wp","href":"https:\/\/api.w.org\/{rel}","templated":true}]}}