{"id":144287,"date":"2026-04-09T13:30:58","date_gmt":"2026-04-09T20:30:58","guid":{"rendered":"https:\/\/ovelanalista.com\/?p=144287"},"modified":"2026-04-09T09:53:11","modified_gmt":"2026-04-09T16:53:11","slug":"localizan-sin-vida-a-menor-arrastrado-por-corriente-en-mazatlan-sinaloa","status":"publish","type":"post","link":"https:\/\/ovelanalista.com\/?p=144287","title":{"rendered":"Localizan Sin Vida a Menor Arrastrado por Corriente en Mazatl\u00e1n, Sinaloa"},"content":{"rendered":"<header class=\"StoryPageHeadline_spHeadline__wrapper__DbYQt\">\n<p class=\"StoryPageHeadline_spHeadline__summary__4ryUr\">Autoridades localizaron a un menor de 15 a\u00f1os que hab\u00eda sido reportado como desaparecido en el mar desde el pasado 5 de abril en Mazatl\u00e1n.<\/p>\n<p>Autoridades confirmaron la\u00a0<strong>localizaci\u00f3n<\/strong>\u00a0del curpo del\u00a0<strong>menor<\/strong>\u00a0de 15 a\u00f1os que hab\u00eda sido reportado como\u00a0<strong>desaparecido<\/strong>\u00a0en el\u00a0<strong>mar<\/strong>\u00a0desde el pasado 5 de abril en\u00a0<strong>playas de la Isla de la Piedra<\/strong>, al sur de\u00a0<strong>Mazatl\u00e1n<\/strong>,\u00a0<strong>Sinaloa.<\/strong><\/p>\n<p>El adolescente, identificado como\u00a0<strong>Jes\u00fas \u201cN\u201d<\/strong>, fue visto por \u00faltima vez luego de\u00a0<strong>ingresar al mar<\/strong>, donde presuntamente fue arrastrado por una corriente de resaca, lo que activ\u00f3 un operativo de emergencia.<\/p>\n<h2>Operativo de b\u00fasqueda<\/h2>\n<p>Desde el reporte, diversas corporaciones implementaron un despliegue coordinado que incluy\u00f3 recorridos por aire, mar y tierra, con apoyo de motos acu\u00e1ticas, cuatrimotos y vigilancia a\u00e9rea.<\/p>\n<div class=\"\n            Advertising_advertising__DivAds__RTWcy\n\n          \" data-ad-type=\"combo\" data-google-query-id=\"CNn084ud4ZMDFeGROgUdeUk5sA\"><\/p>\n<p>Las labores se mantuvieron durante varios d\u00edas, extendiendo la b\u00fasqueda hacia playas cercanas, incluyendo zonas del\u00a0<strong>municipio de Rosario<\/strong>, ante el desplazamiento por corrientes.<\/p>\n<h2>Localizaci\u00f3n del menor<\/h2>\n<p>Finalmente, autoridades confirmaron que el\u00a0<strong>menor<\/strong>\u00a0fue\u00a0<strong>localizado sin vida<\/strong>\u00a0en las inmediaciones de la\u00a0<strong>Isla de la Piedra<\/strong>, concluyendo as\u00ed el operativo que permanec\u00eda activo desde el fin de semana.<\/p>\n<p>El caso gener\u00f3 alerta entre la poblaci\u00f3n y autoridades reiteraron la importancia de atender recomendaciones de seguridad en playas, especialmente ante corrientes peligrosas.<\/p>\n<p>Con informaci\u00f3n de N+<\/p>\n<\/div>\n<\/header>\n","protected":false},"excerpt":{"rendered":"<p>Autoridades localizaron a un menor de 15 a\u00f1os que hab\u00eda sido reportado como desaparecido en el mar desde el pasado 5 de abril en Mazatl\u00e1n. Autoridades confirmaron la\u00a0localizaci\u00f3n\u00a0del curpo del\u00a0menor\u00a0de 15 a\u00f1os que hab\u00eda sido reportado como\u00a0desaparecido\u00a0en el\u00a0mar\u00a0desde el pasado 5 de abril en\u00a0playas de la Isla de la Piedra, al sur de\u00a0Mazatl\u00e1n,\u00a0Sinaloa. El adolescente, identificado como\u00a0Jes\u00fas \u201cN\u201d, fue visto por \u00faltima vez luego de\u00a0ingresar al mar, donde presuntamente fue arrastrado por una corriente de resaca, lo que activ\u00f3 un operativo de emergencia. Operativo de b\u00fasqueda Desde el reporte, diversas corporaciones implementaron un despliegue coordinado que incluy\u00f3 recorridos por aire, [&hellip;]<\/p>\n","protected":false},"author":3,"featured_media":144297,"comment_status":"open","ping_status":"open","sticky":false,"template":"","format":"standard","meta":{"_jetpack_newsletter_access":"","_jetpack_dont_email_post_to_subs":false,"_jetpack_newsletter_tier_id":0,"_jetpack_memberships_contains_paywalled_content":false,"_jetpack_feature_clip_id":0,"_jetpack_memberships_contains_paid_content":false,"footnotes":"","jetpack_publicize_message":"","jetpack_publicize_feature_enabled":true,"jetpack_social_post_already_shared":true,"jetpack_social_options":{"image_generator_settings":{"template":"highway","default_image_id":0,"font":"","enabled":false},"version":2},"jetpack_post_was_ever_published":false},"categories":[88],"tags":[],"class_list":["post-144287","post","type-post","status-publish","format-standard","has-post-thumbnail","hentry","category-sinaloa-sur","post--single"],"jetpack_publicize_connections":[],"jetpack_featured_media_url":"https:\/\/ovelanalista.com\/wp-content\/uploads\/2026\/04\/localizan-menor-desaparecido-playa-sinaloa.webp","jetpack_sharing_enabled":true,"_links":{"self":[{"href":"https:\/\/ovelanalista.com\/index.php?rest_route=\/wp\/v2\/posts\/144287","targetHints":{"allow":["GET"]}}],"collection":[{"href":"https:\/\/ovelanalista.com\/index.php?rest_route=\/wp\/v2\/posts"}],"about":[{"href":"https:\/\/ovelanalista.com\/index.php?rest_route=\/wp\/v2\/types\/post"}],"author":[{"embeddable":true,"href":"https:\/\/ovelanalista.com\/index.php?rest_route=\/wp\/v2\/users\/3"}],"replies":[{"embeddable":true,"href":"https:\/\/ovelanalista.com\/index.php?rest_route=%2Fwp%2Fv2%2Fcomments&post=144287"}],"version-history":[{"count":1,"href":"https:\/\/ovelanalista.com\/index.php?rest_route=\/wp\/v2\/posts\/144287\/revisions"}],"predecessor-version":[{"id":144298,"href":"https:\/\/ovelanalista.com\/index.php?rest_route=\/wp\/v2\/posts\/144287\/revisions\/144298"}],"wp:featuredmedia":[{"embeddable":true,"href":"https:\/\/ovelanalista.com\/index.php?rest_route=\/wp\/v2\/media\/144297"}],"wp:attachment":[{"href":"https:\/\/ovelanalista.com\/index.php?rest_route=%2Fwp%2Fv2%2Fmedia&parent=144287"}],"wp:term":[{"taxonomy":"category","embeddable":true,"href":"https:\/\/ovelanalista.com\/index.php?rest_route=%2Fwp%2Fv2%2Fcategories&post=144287"},{"taxonomy":"post_tag","embeddable":true,"href":"https:\/\/ovelanalista.com\/index.php?rest_route=%2Fwp%2Fv2%2Ftags&post=144287"}],"curies":[{"name":"wp","href":"https:\/\/api.w.org\/{rel}","templated":true}]}}