{"id":144300,"date":"2026-04-09T14:30:30","date_gmt":"2026-04-09T21:30:30","guid":{"rendered":"https:\/\/ovelanalista.com\/?p=144300"},"modified":"2026-04-09T10:02:48","modified_gmt":"2026-04-09T17:02:48","slug":"detienen-a-los-asesinos-del-estilista-miguel-de-la-mora","status":"publish","type":"post","link":"https:\/\/ovelanalista.com\/?p=144300","title":{"rendered":"Detienen a los asesinos del estilista Miguel de la Mora"},"content":{"rendered":"<p>La SSC capitalina inform\u00f3 la detenci\u00f3n de los dos presuntos autores materiales del asesinato del estilista Miguel de la Mora.<\/p>\n<p>Autoridades capitalinas\u00a0<strong>detuvieron<\/strong>\u00a0a\u00a0<strong>dos j\u00f3venes<\/strong>, presuntos\u00a0<b>asesinos\u00a0<\/b>del\u00a0<strong>estilista Miguel de la Mora<\/strong>.<\/p>\n<p>La noche del\u00a0<a href=\"https:\/\/lopezdoriga.com\/sin-categoria\/matan-a-hombre-en-polanco-agresion-se-registro-entre-moliere-y-masaryk\/\" target=\"_blank\" rel=\"noopener\">lunes 29 de septiembre de 2025<\/a>\u00a0el estilista fue asesinado a disparos sobre la\u00a0<strong>avenida Presidente Masaryk<\/strong>\u00a0de\u00a0<strong>Polanco<\/strong>.<\/p>\n<p><img decoding=\"async\" src=\"https:\/\/lopezdoriga.com\/wp-content\/uploads\/2025\/09\/miguel-de-la-mora.jpg\" alt=\"Detienen a los asesinos del estilista Miguel de la Mora - miguel-de-la-mora\" \/><\/p>\n<p>En diciembre fue\u00a0<strong>detenido<\/strong>\u00a0<strong>Jos\u00e9 Eduardo N.<\/strong>, de 29 a\u00f1os de edad, quien habr\u00eda vigilado el domicilio del estilista previo a su asesinato, y conduc\u00eda el autom\u00f3vil particular utilizado como muro para permitir la huida de los autores materiales.<\/p>\n<p>Este abril, la Secretar\u00eda de Seguridad Ciudadana (SSC) inform\u00f3 la\u00a0<strong>detenci\u00f3n<\/strong>\u00a0de los\u00a0<strong>dos asesinos<\/strong>\u00a0de\u00a0<strong>Miguel de la Mora<\/strong>.<\/p>\n<div id=\"standard_4\" class=\"st-placement standard_4 inArticle\">\n<div class=\"st-adunit-inarticle st-inarticle-slot\">\n<div class=\"st-adunit st-adunit-tagged st-reset st-show\">\n<div class=\"st-adunit-ad st-reset\">\n<div class=\"st-canvas st-reset full-responsive\"><img decoding=\"async\" src=\"https:\/\/lopezdoriga.com\/wp-content\/uploads\/2025\/12\/jose-eduardo-n-asesinato-estilista-miguel-de-la-mora.jpg\" alt=\"Detienen a los asesinos del estilista Miguel de la Mora - jose-eduardo-n-asesinato-estilista-miguel-de-la-mora\" \/><\/div>\n<\/div>\n<\/div>\n<\/div>\n<\/div>\n<div><\/div>\n<div><strong>\u00c1ngel Jorel<\/strong>\u00a0D. R., de 19 a\u00f1os, fue asegurado en la alcald\u00eda Cuauht\u00e9moc, en tanto que\u00a0<strong>Kevin Anthony<\/strong>\u00a0H. R., de 24 a\u00f1os,\u00a0fue detenido en Nezahualc\u00f3yotl, Estado de M\u00e9xico.<\/div>\n<div><\/div>\n<div>\n<p>Ambos son se\u00f1alados de\u00a0<strong>homicidio calificado<\/strong>\u00a0y fueron trasladados a diversos centros penitenciarios de la CDMX.<\/p>\n<p>La SSC capitalina asegur\u00f3 que continuar\u00e1 con la investigaci\u00f3n \u201cpara detener a todos los involucrados\u201d y que el asesinato del estilista no quede impune.<\/p>\n<h2>\u00a0\u00bfQui\u00e9n era Miguel de la Mora, el estilista asesinado en Polanco?<\/h2>\n<p><strong>Miguel de la Mora<\/strong>\u00a0era un reconocido\u00a0<strong>estilista<\/strong>, con dos afamados salones de belleza en Polanco y la ciudad de Guadalajara.<\/p>\n<p><strong>Micky\u2019s Hair Salon<\/strong>\u00a0ofrece servicios de belleza, cosm\u00e9tica y cuidado personal.<\/p>\n<p><img decoding=\"async\" src=\"https:\/\/lopezdoriga.com\/wp-content\/uploads\/2025\/09\/miguel-de-la-mora-estilista-polanco.jpg\" alt=\"Detienen a los asesinos del estilista Miguel de la Mora - miguel-de-la-mora-estilista-polanco\" \/><\/p>\n<p>En redes sociales, el estilista presum\u00eda el trabajo hecho a celebridades como la Miss Universo M\u00e9xico 2024, Mar\u00eda Fernanda Beltr\u00e1n Figueroa; la cantante Kenia Os; la\u00a0<em>influencer<\/em>\u00a0Priscila Escoto; la cantante \u00c1ngela Aguilar; y las actrices Natasha Dupeyron y Altair Jarabo.<\/p>\n<div class=\"col-12 col-lg-8\">\n<div class=\"article-content\">\n<p>Con informaci\u00f3n de L\u00f3pez-D\u00f3riga Digital<\/p>\n<\/div>\n<\/div>\n<\/div>\n<div class=\"teads-inread sm-screen\">\n<div class=\"teads-ui-components-adchoices\"><\/div>\n<\/div>\n","protected":false},"excerpt":{"rendered":"<p>La SSC capitalina inform\u00f3 la detenci\u00f3n de los dos presuntos autores materiales del asesinato del estilista Miguel de la Mora. Autoridades capitalinas\u00a0detuvieron\u00a0a\u00a0dos j\u00f3venes, presuntos\u00a0asesinos\u00a0del\u00a0estilista Miguel de la Mora. La noche del\u00a0lunes 29 de septiembre de 2025\u00a0el estilista fue asesinado a disparos sobre la\u00a0avenida Presidente Masaryk\u00a0de\u00a0Polanco. En diciembre fue\u00a0detenido\u00a0Jos\u00e9 Eduardo N., de 29 a\u00f1os de edad, quien habr\u00eda vigilado el domicilio del estilista previo a su asesinato, y conduc\u00eda el autom\u00f3vil particular utilizado como muro para permitir la huida de los autores materiales. Este abril, la Secretar\u00eda de Seguridad Ciudadana (SSC) inform\u00f3 la\u00a0detenci\u00f3n\u00a0de los\u00a0dos asesinos\u00a0de\u00a0Miguel de la Mora. \u00c1ngel Jorel\u00a0D. R., [&hellip;]<\/p>\n","protected":false},"author":3,"featured_media":144306,"comment_status":"open","ping_status":"open","sticky":false,"template":"","format":"standard","meta":{"_jetpack_newsletter_access":"","_jetpack_dont_email_post_to_subs":false,"_jetpack_newsletter_tier_id":0,"_jetpack_memberships_contains_paywalled_content":false,"_jetpack_feature_clip_id":0,"_jetpack_memberships_contains_paid_content":false,"footnotes":"","jetpack_publicize_message":"","jetpack_publicize_feature_enabled":true,"jetpack_social_post_already_shared":true,"jetpack_social_options":{"image_generator_settings":{"template":"highway","default_image_id":0,"font":"","enabled":false},"version":2},"jetpack_post_was_ever_published":false},"categories":[75],"tags":[],"class_list":["post-144300","post","type-post","status-publish","format-standard","has-post-thumbnail","hentry","category-nacional","post--single"],"jetpack_publicize_connections":[],"jetpack_featured_media_url":"https:\/\/ovelanalista.com\/wp-content\/uploads\/2026\/04\/asesinos-del-estilista-miguel-de-la-mora.jpg","jetpack_sharing_enabled":true,"_links":{"self":[{"href":"https:\/\/ovelanalista.com\/index.php?rest_route=\/wp\/v2\/posts\/144300","targetHints":{"allow":["GET"]}}],"collection":[{"href":"https:\/\/ovelanalista.com\/index.php?rest_route=\/wp\/v2\/posts"}],"about":[{"href":"https:\/\/ovelanalista.com\/index.php?rest_route=\/wp\/v2\/types\/post"}],"author":[{"embeddable":true,"href":"https:\/\/ovelanalista.com\/index.php?rest_route=\/wp\/v2\/users\/3"}],"replies":[{"embeddable":true,"href":"https:\/\/ovelanalista.com\/index.php?rest_route=%2Fwp%2Fv2%2Fcomments&post=144300"}],"version-history":[{"count":1,"href":"https:\/\/ovelanalista.com\/index.php?rest_route=\/wp\/v2\/posts\/144300\/revisions"}],"predecessor-version":[{"id":144307,"href":"https:\/\/ovelanalista.com\/index.php?rest_route=\/wp\/v2\/posts\/144300\/revisions\/144307"}],"wp:featuredmedia":[{"embeddable":true,"href":"https:\/\/ovelanalista.com\/index.php?rest_route=\/wp\/v2\/media\/144306"}],"wp:attachment":[{"href":"https:\/\/ovelanalista.com\/index.php?rest_route=%2Fwp%2Fv2%2Fmedia&parent=144300"}],"wp:term":[{"taxonomy":"category","embeddable":true,"href":"https:\/\/ovelanalista.com\/index.php?rest_route=%2Fwp%2Fv2%2Fcategories&post=144300"},{"taxonomy":"post_tag","embeddable":true,"href":"https:\/\/ovelanalista.com\/index.php?rest_route=%2Fwp%2Fv2%2Ftags&post=144300"}],"curies":[{"name":"wp","href":"https:\/\/api.w.org\/{rel}","templated":true}]}}