{"id":144305,"date":"2026-04-09T15:00:41","date_gmt":"2026-04-09T22:00:41","guid":{"rendered":"https:\/\/ovelanalista.com\/?p=144305"},"modified":"2026-04-09T10:04:31","modified_gmt":"2026-04-09T17:04:31","slug":"sheinbaum-dice-estar-orgullosa-de-apoyar-a-cuba-y-niega-opacidad-en-envio-de-ayuda","status":"publish","type":"post","link":"https:\/\/ovelanalista.com\/?p=144305","title":{"rendered":"Sheinbaum dice estar \u201corgullosa\u201d de apoyar a Cuba y niega opacidad en env\u00edo de ayuda"},"content":{"rendered":"<p>La presidenta Sheinbaum rechaz\u00f3 las versiones sobre el supuesto ocultamiento de informaci\u00f3n sobre el env\u00edo de ayuda humanitaria a Cuba.<\/p>\n<div class=\"entry-grid__content-area entry-main-text\">\n<header class=\"entry-header mb-4\">\n<div class=\"entry-info entry-info-header mb-0 mb-lg-2\">\n<div class=\"entry-excerpt px-0 pb-3\">\n<div class=\"article-item__date mb-auto align-self-center pb-2\"><strong>abril 9, 2026<\/strong><\/div>\n<\/div>\n<\/div>\n<\/header>\n<\/div>\n<div class=\"entry-grid__content-area2 entry-main-text\">\n<div class=\"row\">\n<div class=\"col-12 col-lg-8\">\n<div class=\"article-content\">\n<p class=\"p1\">La presidenta\u00a0<a href=\"https:\/\/x.com\/Claudiashein\" target=\"_blank\" rel=\"noreferrer noopener\"><span class=\"s1\"><b>Claudia<\/b><\/span><\/a><b>\u00a0Sheinbaum Pardo<\/b>\u00a0se mostr\u00f3 \u201c<strong>orgullosa<\/strong>\u00a0de\u00a0<strong>apoyar a Cuba<\/strong>\u201d con el env\u00edo de\u00a0<strong>ayuda humanitaria<\/strong>, y rechaz\u00f3 las versiones sobre el supuesto ocultamiento de informaci\u00f3n sobre el respaldo mexicano a la isla caribe\u00f1a.<\/p>\n<blockquote>\n<p class=\"p1\">Nosotros no tenemos nada que esconder con Cuba. Al rev\u00e9s, estamos orgullosos de apoyar al pueblo cubano. Orgullosa estoy de apoyar al pueblo de Cuba porque es la mejor tradici\u00f3n diplom\u00e1tica que ha tenido nuestro pa\u00eds\u201d, afirm\u00f3 en la conferencia matutina de Palacio Nacional<\/p>\n<\/blockquote>\n<p>La mandataria mexicana rechaz\u00f3 que su gobierno haya reservado informaci\u00f3n sobre los env\u00edos de ayuda a petici\u00f3n de La Habana, seg\u00fan public\u00f3 este d\u00eda el diario El Universal, que cita a la Agencia Mexicana de Cooperaci\u00f3n Internacional para el Desarrollo.<\/p>\n<div id=\"ros-inread-u2zuu3\" class=\"ad-container dfp-ad-unit ad-inread ad-main-inread ad-slot\" data-ad-type=\"inread\" data-slot=\"inread\" data-ad-loaded=\"1\" data-ad-setup=\"{&quot;postID&quot;:1778149,&quot;canRefresh&quot;:false,&quot;infinitescroll&quot;:false}\" data-google-query-id=\"CPn82-2f4ZMDFUFZCAQdMBEVNw\">\n<p>\u201cNunca ha pedido Cuba a M\u00e9xico que reserve informaci\u00f3n\u201d, enfatiz\u00f3 Sheinbaum, quien calific\u00f3 como \u201cfalsa\u201d la versi\u00f3n de que La Habana haya solicitado esa cuesti\u00f3n.<\/p>\n<\/div>\n<\/div>\n<\/div>\n<\/div>\n<\/div>\n<p>Sheinbaum Pardo afirm\u00f3 que su Administraci\u00f3n cuenta con registros sobre las exportaciones y que estas se han realizado bajo esquemas comerciales, adem\u00e1s de la ayuda humanitaria que M\u00e9xico ha decidido enviar a Cuba.<\/p>\n<blockquote><p>\u201cNo tenemos nada que esconder\u201d, reiter\u00f3.<\/p><\/blockquote>\n<p>La presidenta ha reiterado en varias ocasiones que su Gobierno seguir\u00e1 proporcionando ayuda humanitaria a Cuba e indicado que -tanto en materia de combustibles como en asistencia social- la cooperaci\u00f3n se mantiene bajo criterios de soberan\u00eda y sin afectar los intereses nacionales.<\/p>\n<p>Sheinbaum pardo anunci\u00f3 tambi\u00e9n el pasado 30 de marzo que su Gobierno trabaja con autoridades cubanas para reactivar el suministro de petr\u00f3leo a la isla, despu\u00e9s de que el presidente de\u00a0<strong>Estados Unidos, Donald Trump<\/strong>, se\u00f1alara que no ten\u00eda \u201cning\u00fan problema\u201d con que Cuba recibiera un buque ruso con petr\u00f3leo pese al bloqueo energ\u00e9tico decretado por Washington a la isla.<\/p>\n<p>Cuba vive desde mediados de 2024 una grave crisis energ\u00e9tica, por la conjunci\u00f3n de un factor estructural, un sistema el\u00e9ctrico obsoleto y con d\u00e9ficit cr\u00f3nico de inversiones, agravado por los \u00faltimos tres meses de bloqueo petrolero de EE.UU.<\/p>\n<p class=\"p1\">Con informaci\u00f3n de EFE<\/p>\n<p>&nbsp;<\/p>\n","protected":false},"excerpt":{"rendered":"<p>La presidenta Sheinbaum rechaz\u00f3 las versiones sobre el supuesto ocultamiento de informaci\u00f3n sobre el env\u00edo de ayuda humanitaria a Cuba. abril 9, 2026 La presidenta\u00a0Claudia\u00a0Sheinbaum Pardo\u00a0se mostr\u00f3 \u201corgullosa\u00a0de\u00a0apoyar a Cuba\u201d con el env\u00edo de\u00a0ayuda humanitaria, y rechaz\u00f3 las versiones sobre el supuesto ocultamiento de informaci\u00f3n sobre el respaldo mexicano a la isla caribe\u00f1a. Nosotros no tenemos nada que esconder con Cuba. Al rev\u00e9s, estamos orgullosos de apoyar al pueblo cubano. Orgullosa estoy de apoyar al pueblo de Cuba porque es la mejor tradici\u00f3n diplom\u00e1tica que ha tenido nuestro pa\u00eds\u201d, afirm\u00f3 en la conferencia matutina de Palacio Nacional La mandataria mexicana [&hellip;]<\/p>\n","protected":false},"author":3,"featured_media":144308,"comment_status":"open","ping_status":"open","sticky":false,"template":"","format":"standard","meta":{"_jetpack_newsletter_access":"","_jetpack_dont_email_post_to_subs":false,"_jetpack_newsletter_tier_id":0,"_jetpack_memberships_contains_paywalled_content":false,"_jetpack_feature_clip_id":0,"_jetpack_memberships_contains_paid_content":false,"footnotes":"","jetpack_publicize_message":"","jetpack_publicize_feature_enabled":true,"jetpack_social_post_already_shared":true,"jetpack_social_options":{"image_generator_settings":{"template":"highway","default_image_id":0,"font":"","enabled":false},"version":2},"jetpack_post_was_ever_published":false},"categories":[75],"tags":[],"class_list":["post-144305","post","type-post","status-publish","format-standard","has-post-thumbnail","hentry","category-nacional","post--single"],"jetpack_publicize_connections":[],"jetpack_featured_media_url":"https:\/\/ovelanalista.com\/wp-content\/uploads\/2026\/04\/mexico-ayuda-humanitaria-cuba-12feb26.jpg","jetpack_sharing_enabled":true,"_links":{"self":[{"href":"https:\/\/ovelanalista.com\/index.php?rest_route=\/wp\/v2\/posts\/144305","targetHints":{"allow":["GET"]}}],"collection":[{"href":"https:\/\/ovelanalista.com\/index.php?rest_route=\/wp\/v2\/posts"}],"about":[{"href":"https:\/\/ovelanalista.com\/index.php?rest_route=\/wp\/v2\/types\/post"}],"author":[{"embeddable":true,"href":"https:\/\/ovelanalista.com\/index.php?rest_route=\/wp\/v2\/users\/3"}],"replies":[{"embeddable":true,"href":"https:\/\/ovelanalista.com\/index.php?rest_route=%2Fwp%2Fv2%2Fcomments&post=144305"}],"version-history":[{"count":1,"href":"https:\/\/ovelanalista.com\/index.php?rest_route=\/wp\/v2\/posts\/144305\/revisions"}],"predecessor-version":[{"id":144309,"href":"https:\/\/ovelanalista.com\/index.php?rest_route=\/wp\/v2\/posts\/144305\/revisions\/144309"}],"wp:featuredmedia":[{"embeddable":true,"href":"https:\/\/ovelanalista.com\/index.php?rest_route=\/wp\/v2\/media\/144308"}],"wp:attachment":[{"href":"https:\/\/ovelanalista.com\/index.php?rest_route=%2Fwp%2Fv2%2Fmedia&parent=144305"}],"wp:term":[{"taxonomy":"category","embeddable":true,"href":"https:\/\/ovelanalista.com\/index.php?rest_route=%2Fwp%2Fv2%2Fcategories&post=144305"},{"taxonomy":"post_tag","embeddable":true,"href":"https:\/\/ovelanalista.com\/index.php?rest_route=%2Fwp%2Fv2%2Ftags&post=144305"}],"curies":[{"name":"wp","href":"https:\/\/api.w.org\/{rel}","templated":true}]}}