{"id":144314,"date":"2026-04-09T16:30:34","date_gmt":"2026-04-09T23:30:34","guid":{"rendered":"https:\/\/ovelanalista.com\/?p=144314"},"modified":"2026-04-09T10:13:47","modified_gmt":"2026-04-09T17:13:47","slug":"diputados-aprueban-en-lo-general-y-en-lo-particular-el-plan-b-de-reforma-electoral","status":"publish","type":"post","link":"https:\/\/ovelanalista.com\/?p=144314","title":{"rendered":"Diputados aprueban, en lo general y en lo particular, el Plan B de Reforma Electoral"},"content":{"rendered":"<p>Diputados avalaron el Plan B de Reforma Electoral propuesta por la presidenta Claudia Sheinbaum; fue turnado a los Congreso estatales.<\/p>\n<p>La\u00a0<a href=\"https:\/\/x.com\/Mx_Diputados\" target=\"_blank\" rel=\"noopener noreferrer\"><strong>C\u00e1mara de Diputados<\/strong><\/a>\u00a0aprob\u00f3, en lo general y en lo particular, el\u00a0<strong>Plan B de Reforma Electoral<\/strong>\u00a0impulsado por la presidenta\u00a0<strong>Claudia Sheinbaum Pardo<\/strong>.<\/p>\n<p><img decoding=\"async\" src=\"https:\/\/pbs.twimg.com\/media\/HFc3RmYWQAAs6wP?format=jpg&amp;name=large\" alt=\"Imagen\" \/><\/p>\n<p>Dicho plan reforma los art\u00edculos constitucionales 115, 116 y 134, para hacer ajustes en la integraci\u00f3n y funcionamiento de Ayuntamientos y congresos locales, adem\u00e1s de establecer l\u00edmites presupuestarios a las remuneraciones de funcionarios electorales.<\/p>\n<p align=\"justify\">Fue avalado en lo particular, en t\u00e9rminos del dictamen y con la mayor\u00eda calificada de 343 votos a favor, 124 en contra y una abstenci\u00f3n.<\/p>\n<p align=\"justify\">El Plan B de Reforma Electoral se remiti\u00f3 a las legislaturas de los estados para sus efectos constitucionales.<\/p>\n<div data-ad-type=\"inreadbox\" data-slot=\"inread-multiple\" data-ad-loaded=\"1\" data-ad-setup=\"{&quot;postID&quot;:1778124,&quot;canRefresh&quot;:false,&quot;infinitescroll&quot;:false}\" data-google-query-id=\"CMH0t_Kh4ZMDFTlWCAQdSg0U-w\">\n<p>Prev\u00e9 disposiciones transitorias para la implementaci\u00f3n progresiva de dichas medidas, as\u00ed como la reasignaci\u00f3n de los recursos p\u00fablicos generados por los ahorros hacia fines de inter\u00e9s social.<\/p>\n<p>Su objetivo es fortalecer los principios de austeridad republicana, reducir privilegios en el ejercicio del poder p\u00fablico y reforzar mecanismos de control democr\u00e1tico.<\/p>\n<p>En el art\u00edculo 115 se precisa que cada municipio ser\u00e1 gobernado por un ayuntamiento de elecci\u00f3n popular directa, integrado por un presidente o presidenta municipal, una sindicatura y hasta quince regidur\u00edas, de conformidad con los principios de paridad de g\u00e9nero vertical y horizontal, perspectiva de g\u00e9nero e igualdad sustantiva en el acceso, integraci\u00f3n y ejercicio del poder p\u00fablico municipal.<\/p>\n<p>Mientras que en el art\u00edculo 116 se\u00f1ala que las constituciones estatales deber\u00e1n establecer que el presupuesto anual de las legislaturas locales no exceda del cero punto setenta por ciento del presupuesto de egresos de la entidad federativa correspondiente. Asimismo, garantizar los principios de paridad, igualdad sustantiva y perspectiva de g\u00e9nero, en la integraci\u00f3n y funcionamiento de los \u00f3rganos legislativos locales.<\/p>\n<p>En tanto que en el art\u00edculo 134 subraya que las remuneraciones de las personas consejeras electorales, las magistradas y magistrados electorales, titulares de las secretar\u00edas de \u00f3rganos administrativos y titulares de \u00e1reas ejecutivas y t\u00e9cnicas u hom\u00f3logos del Instituto Nacional Electoral, los organismos p\u00fablicos locales electorales y los tribunales electorales de las entidades federativas, no exceder\u00e1n el l\u00edmite establecido en el art\u00edculo 127 de esta Constituci\u00f3n.<\/p>\n<\/div>\n<div class=\"ad-container dfp-ad-unit ad-inread ad-slot\" data-ad-type=\"inreadbox\" data-slot=\"inread-multiple\" data-ad-loaded=\"1\" data-ad-setup=\"{&quot;postID&quot;:1778124,&quot;canRefresh&quot;:false,&quot;infinitescroll&quot;:false}\" data-google-query-id=\"CLeTx_Wh4ZMDFXZZCAQdxpweKA\">\n<p>Al respecto, no podr\u00e1n adquirir o contratar con recursos p\u00fablicos seguros de gastos m\u00e9dicos, de vida o de pensiones privadas, seguros de separaci\u00f3n individualizados, cajas de ahorro especiales, reg\u00edmenes especiales de retiro u otras prestaciones que no est\u00e9n previstas por la ley, decreto, disposici\u00f3n general, contrato colectivo o condiciones generales de trabajo.<\/p>\n<p>En la discusi\u00f3n en lo particular, diputadas y diputados de Morena, PAN, PVEM, PT, PRI y MC presentaron diversas reservas, las cuales fueron retiradas, se pidi\u00f3 publicar en el Diario de los Debates, o bien no se admitieron a discusi\u00f3n y, por lo tanto, se desecharon<\/p>\n<p>Con informaci\u00f3n de L\u00f3pez Doriga<\/p>\n<\/div>\n","protected":false},"excerpt":{"rendered":"<p>Diputados avalaron el Plan B de Reforma Electoral propuesta por la presidenta Claudia Sheinbaum; fue turnado a los Congreso estatales. La\u00a0C\u00e1mara de Diputados\u00a0aprob\u00f3, en lo general y en lo particular, el\u00a0Plan B de Reforma Electoral\u00a0impulsado por la presidenta\u00a0Claudia Sheinbaum Pardo. Dicho plan reforma los art\u00edculos constitucionales 115, 116 y 134, para hacer ajustes en la integraci\u00f3n y funcionamiento de Ayuntamientos y congresos locales, adem\u00e1s de establecer l\u00edmites presupuestarios a las remuneraciones de funcionarios electorales. Fue avalado en lo particular, en t\u00e9rminos del dictamen y con la mayor\u00eda calificada de 343 votos a favor, 124 en contra y una abstenci\u00f3n. El [&hellip;]<\/p>\n","protected":false},"author":3,"featured_media":144318,"comment_status":"open","ping_status":"open","sticky":false,"template":"","format":"standard","meta":{"_jetpack_newsletter_access":"","_jetpack_dont_email_post_to_subs":false,"_jetpack_newsletter_tier_id":0,"_jetpack_memberships_contains_paywalled_content":false,"_jetpack_feature_clip_id":0,"_jetpack_memberships_contains_paid_content":false,"footnotes":"","jetpack_publicize_message":"","jetpack_publicize_feature_enabled":true,"jetpack_social_post_already_shared":true,"jetpack_social_options":{"image_generator_settings":{"template":"highway","default_image_id":0,"font":"","enabled":false},"version":2},"jetpack_post_was_ever_published":false},"categories":[75],"tags":[],"class_list":["post-144314","post","type-post","status-publish","format-standard","has-post-thumbnail","hentry","category-nacional","post--single"],"jetpack_publicize_connections":[],"jetpack_featured_media_url":"https:\/\/ovelanalista.com\/wp-content\/uploads\/2026\/04\/camara-de-diputados-plan-b-de-reforma-electoral.jpg","jetpack_sharing_enabled":true,"_links":{"self":[{"href":"https:\/\/ovelanalista.com\/index.php?rest_route=\/wp\/v2\/posts\/144314","targetHints":{"allow":["GET"]}}],"collection":[{"href":"https:\/\/ovelanalista.com\/index.php?rest_route=\/wp\/v2\/posts"}],"about":[{"href":"https:\/\/ovelanalista.com\/index.php?rest_route=\/wp\/v2\/types\/post"}],"author":[{"embeddable":true,"href":"https:\/\/ovelanalista.com\/index.php?rest_route=\/wp\/v2\/users\/3"}],"replies":[{"embeddable":true,"href":"https:\/\/ovelanalista.com\/index.php?rest_route=%2Fwp%2Fv2%2Fcomments&post=144314"}],"version-history":[{"count":1,"href":"https:\/\/ovelanalista.com\/index.php?rest_route=\/wp\/v2\/posts\/144314\/revisions"}],"predecessor-version":[{"id":144319,"href":"https:\/\/ovelanalista.com\/index.php?rest_route=\/wp\/v2\/posts\/144314\/revisions\/144319"}],"wp:featuredmedia":[{"embeddable":true,"href":"https:\/\/ovelanalista.com\/index.php?rest_route=\/wp\/v2\/media\/144318"}],"wp:attachment":[{"href":"https:\/\/ovelanalista.com\/index.php?rest_route=%2Fwp%2Fv2%2Fmedia&parent=144314"}],"wp:term":[{"taxonomy":"category","embeddable":true,"href":"https:\/\/ovelanalista.com\/index.php?rest_route=%2Fwp%2Fv2%2Fcategories&post=144314"},{"taxonomy":"post_tag","embeddable":true,"href":"https:\/\/ovelanalista.com\/index.php?rest_route=%2Fwp%2Fv2%2Ftags&post=144314"}],"curies":[{"name":"wp","href":"https:\/\/api.w.org\/{rel}","templated":true}]}}