{"id":144315,"date":"2026-04-09T17:00:52","date_gmt":"2026-04-10T00:00:52","guid":{"rendered":"https:\/\/ovelanalista.com\/?p=144315"},"modified":"2026-04-09T10:16:19","modified_gmt":"2026-04-09T17:16:19","slug":"senado-aprueba-reforma-para-reducir-la-jornada-laboral","status":"publish","type":"post","link":"https:\/\/ovelanalista.com\/?p=144315","title":{"rendered":"Senado aprueba reforma para reducir la jornada laboral"},"content":{"rendered":"<p>La iniciativa plantea una reducci\u00f3n progresiva de la jornada laboral, de tal manera que para 2030 se alcancen las 40 horas semanales.<\/p>\n<div class=\"entry-grid__content-area entry-main-text\">\n<header class=\"entry-header mb-4\">\n<div class=\"entry-info entry-info-header mb-0 mb-lg-2\">\n<div class=\"entry-excerpt px-0 pb-3\">\n<div class=\"article-item__date mb-auto align-self-center pb-2\">abril 8, 2026<\/div>\n<\/div>\n<\/div>\n<\/header>\n<\/div>\n<div class=\"entry-grid__content-area2 entry-main-text\">\n<div class=\"row\">\n<div class=\"col-12 col-lg-8\">\n<div class=\"article-content\">\n<p>El\u00a0<strong>Senado de la Rep\u00fablica<\/strong>\u00a0aprob\u00f3 en lo general y lo particular el dictamen que reforma la\u00a0<strong>Ley Federal del Trabajo<\/strong>\u00a0para reducir la jornada laboral en M\u00e9xico a 40 horas semanales.<\/p>\n<div class=\"twitter-tweet twitter-tweet-rendered\"><iframe id=\"twitter-widget-0\" class=\"\" title=\"X Post\" src=\"https:\/\/platform.twitter.com\/embed\/Tweet.html?creatorScreenName=lopezdoriga&amp;dnt=false&amp;embedId=twitter-widget-0&amp;features=eyJ0ZndfdGltZWxpbmVfbGlzdCI6eyJidWNrZXQiOltdLCJ2ZXJzaW9uIjpudWxsfSwidGZ3X2ZvbGxvd2VyX2NvdW50X3N1bnNldCI6eyJidWNrZXQiOnRydWUsInZlcnNpb24iOm51bGx9LCJ0ZndfdHdlZXRfZWRpdF9iYWNrZW5kIjp7ImJ1Y2tldCI6Im9uIiwidmVyc2lvbiI6bnVsbH0sInRmd19yZWZzcmNfc2Vzc2lvbiI6eyJidWNrZXQiOiJvbiIsInZlcnNpb24iOm51bGx9LCJ0ZndfZm9zbnJfc29mdF9pbnRlcnZlbnRpb25zX2VuYWJsZWQiOnsiYnVja2V0Ijoib24iLCJ2ZXJzaW9uIjpudWxsfSwidGZ3X21peGVkX21lZGlhXzE1ODk3Ijp7ImJ1Y2tldCI6InRyZWF0bWVudCIsInZlcnNpb24iOm51bGx9LCJ0ZndfZXhwZXJpbWVudHNfY29va2llX2V4cGlyYXRpb24iOnsiYnVja2V0IjoxMjA5NjAwLCJ2ZXJzaW9uIjpudWxsfSwidGZ3X3Nob3dfYmlyZHdhdGNoX3Bpdm90c19lbmFibGVkIjp7ImJ1Y2tldCI6Im9uIiwidmVyc2lvbiI6bnVsbH0sInRmd19kdXBsaWNhdGVfc2NyaWJlc190b19zZXR0aW5ncyI6eyJidWNrZXQiOiJvbiIsInZlcnNpb24iOm51bGx9LCJ0ZndfdXNlX3Byb2ZpbGVfaW1hZ2Vfc2hhcGVfZW5hYmxlZCI6eyJidWNrZXQiOiJvbiIsInZlcnNpb24iOm51bGx9LCJ0ZndfdmlkZW9faGxzX2R5bmFtaWNfbWFuaWZlc3RzXzE1MDgyIjp7ImJ1Y2tldCI6InRydWVfYml0cmF0ZSIsInZlcnNpb24iOm51bGx9LCJ0ZndfbGVnYWN5X3RpbWVsaW5lX3N1bnNldCI6eyJidWNrZXQiOnRydWUsInZlcnNpb24iOm51bGx9LCJ0ZndfdHdlZXRfZWRpdF9mcm9udGVuZCI6eyJidWNrZXQiOiJvbiIsInZlcnNpb24iOm51bGx9fQ%3D%3D&amp;frame=false&amp;hideCard=false&amp;hideThread=false&amp;id=2042014495002837101&amp;lang=es&amp;origin=https%3A%2F%2Flopezdoriga.com%2Fnacional%2Fsenado-aprueba-reforma-para-reducir-la-jornada-laboral%2F&amp;sessionId=6507ec3d0e3b2e0980e693415f0c576e75e5f427&amp;siteScreenName=lopezdoriga&amp;theme=light&amp;widgetsVersion=2615f7e52b7e0%3A1702314776716&amp;width=550px\" frameborder=\"0\" scrolling=\"no\" allowfullscreen=\"allowfullscreen\" data-tweet-id=\"2042014495002837101\" data-mce-fragment=\"1\"><\/iframe><\/div>\n<div>\n<p>La minuta se aprob\u00f3 en lo general por unanimidad con 104 votos a favor; en lo particular se presentaron 87 votos a favor y 18 en contra.<\/p>\n<p>La iniciativa plantea una reducci\u00f3n progresiva de la jornada laboral, de tal manera que para 2030 se alcancen las 40 horas semanales.<\/p>\n<p>No obstante, en la reforma se dej\u00f3 de lado la propuesta de hacer obligatorios al menos dos d\u00edas de descanso obligatorios por semana laboral.<\/p>\n<h2>\u00bfC\u00f3mo se implementar\u00e1 la reducci\u00f3n de la jornada laboral?<\/h2>\n<p>Cada a\u00f1o se reducir\u00e1n dos horas a la jornada laboral semanal, partiendo del esquema actual de 48 horas.<\/p>\n<ul>\n<li>2027: 46 horas.<\/li>\n<li>2028: 44 horas.<\/li>\n<li>2029: 42 horas.<\/li>\n<li>2030: 40 horas.<\/li>\n<\/ul>\n<p>El objetivo de esta reducci\u00f3n gradual ser\u00e1 que empresas y sectores productivos se adapten al cambio sin afectar sus operaciones.<\/p>\n<p>Con informaci\u00f3n de L\u00f3pez-D\u00f3riga Digital<\/p>\n<\/div>\n<div><\/div>\n<\/div>\n<\/div>\n<\/div>\n<\/div>\n<p>&nbsp;<\/p>\n","protected":false},"excerpt":{"rendered":"<p>La iniciativa plantea una reducci\u00f3n progresiva de la jornada laboral, de tal manera que para 2030 se alcancen las 40 horas semanales. abril 8, 2026 El\u00a0Senado de la Rep\u00fablica\u00a0aprob\u00f3 en lo general y lo particular el dictamen que reforma la\u00a0Ley Federal del Trabajo\u00a0para reducir la jornada laboral en M\u00e9xico a 40 horas semanales. La minuta se aprob\u00f3 en lo general por unanimidad con 104 votos a favor; en lo particular se presentaron 87 votos a favor y 18 en contra. La iniciativa plantea una reducci\u00f3n progresiva de la jornada laboral, de tal manera que para 2030 se alcancen las 40 [&hellip;]<\/p>\n","protected":false},"author":3,"featured_media":144321,"comment_status":"open","ping_status":"open","sticky":false,"template":"","format":"standard","meta":{"_jetpack_newsletter_access":"","_jetpack_dont_email_post_to_subs":false,"_jetpack_newsletter_tier_id":0,"_jetpack_memberships_contains_paywalled_content":false,"_jetpack_feature_clip_id":0,"_jetpack_memberships_contains_paid_content":false,"footnotes":"","jetpack_publicize_message":"","jetpack_publicize_feature_enabled":true,"jetpack_social_post_already_shared":true,"jetpack_social_options":{"image_generator_settings":{"template":"highway","default_image_id":0,"font":"","enabled":false},"version":2},"jetpack_post_was_ever_published":false},"categories":[75],"tags":[],"class_list":["post-144315","post","type-post","status-publish","format-standard","has-post-thumbnail","hentry","category-nacional","post--single"],"jetpack_publicize_connections":[],"jetpack_featured_media_url":"https:\/\/ovelanalista.com\/wp-content\/uploads\/2026\/04\/ciudad-juarez-fabrica-jornada-laboral.jpg","jetpack_sharing_enabled":true,"_links":{"self":[{"href":"https:\/\/ovelanalista.com\/index.php?rest_route=\/wp\/v2\/posts\/144315","targetHints":{"allow":["GET"]}}],"collection":[{"href":"https:\/\/ovelanalista.com\/index.php?rest_route=\/wp\/v2\/posts"}],"about":[{"href":"https:\/\/ovelanalista.com\/index.php?rest_route=\/wp\/v2\/types\/post"}],"author":[{"embeddable":true,"href":"https:\/\/ovelanalista.com\/index.php?rest_route=\/wp\/v2\/users\/3"}],"replies":[{"embeddable":true,"href":"https:\/\/ovelanalista.com\/index.php?rest_route=%2Fwp%2Fv2%2Fcomments&post=144315"}],"version-history":[{"count":1,"href":"https:\/\/ovelanalista.com\/index.php?rest_route=\/wp\/v2\/posts\/144315\/revisions"}],"predecessor-version":[{"id":144322,"href":"https:\/\/ovelanalista.com\/index.php?rest_route=\/wp\/v2\/posts\/144315\/revisions\/144322"}],"wp:featuredmedia":[{"embeddable":true,"href":"https:\/\/ovelanalista.com\/index.php?rest_route=\/wp\/v2\/media\/144321"}],"wp:attachment":[{"href":"https:\/\/ovelanalista.com\/index.php?rest_route=%2Fwp%2Fv2%2Fmedia&parent=144315"}],"wp:term":[{"taxonomy":"category","embeddable":true,"href":"https:\/\/ovelanalista.com\/index.php?rest_route=%2Fwp%2Fv2%2Fcategories&post=144315"},{"taxonomy":"post_tag","embeddable":true,"href":"https:\/\/ovelanalista.com\/index.php?rest_route=%2Fwp%2Fv2%2Ftags&post=144315"}],"curies":[{"name":"wp","href":"https:\/\/api.w.org\/{rel}","templated":true}]}}