{"id":144316,"date":"2026-04-09T17:30:09","date_gmt":"2026-04-10T00:30:09","guid":{"rendered":"https:\/\/ovelanalista.com\/?p=144316"},"modified":"2026-04-09T10:19:25","modified_gmt":"2026-04-09T17:19:25","slug":"gobierno-federal-concluye-proceso-de-reparacion-integral-por-descarrilamiento-del-tren-interoceanico","status":"publish","type":"post","link":"https:\/\/ovelanalista.com\/?p=144316","title":{"rendered":"Gobierno federal concluye proceso de reparaci\u00f3n integral por descarrilamiento del Tren Interoce\u00e1nico"},"content":{"rendered":"<p>La Segob asegur\u00f3 que la \u201creparaci\u00f3n integral no se limit\u00f3 a una compensaci\u00f3n econ\u00f3mica\u201d.<\/p>\n<div class=\"entry-grid__content-area2 entry-main-text\">\n<div class=\"row\">\n<div class=\"col-12 col-lg-8\">\n<div class=\"article-content\">\n<p>La\u00a0<strong>Secretar\u00eda de Gobernaci\u00f3n<\/strong>\u00a0(<strong>Segob<\/strong>) confirm\u00f3 que el gobierno mexicano concluy\u00f3 el proceso de\u00a0<strong>reparaci\u00f3n integral<\/strong>\u00a0derivado del accidente ocurrido en la\u00a0<strong>L\u00ednea Z<\/strong>\u00a0del\u00a0<strong>Tren Interoce\u00e1nico<\/strong>, a la altura de Salina Cruz, Oaxaca.<\/p>\n<div class=\"twitter-tweet twitter-tweet-rendered\"><iframe id=\"twitter-widget-0\" class=\"\" title=\"X Post\" src=\"https:\/\/platform.twitter.com\/embed\/Tweet.html?creatorScreenName=lopezdoriga&amp;dnt=false&amp;embedId=twitter-widget-0&amp;features=eyJ0ZndfdGltZWxpbmVfbGlzdCI6eyJidWNrZXQiOltdLCJ2ZXJzaW9uIjpudWxsfSwidGZ3X2ZvbGxvd2VyX2NvdW50X3N1bnNldCI6eyJidWNrZXQiOnRydWUsInZlcnNpb24iOm51bGx9LCJ0ZndfdHdlZXRfZWRpdF9iYWNrZW5kIjp7ImJ1Y2tldCI6Im9uIiwidmVyc2lvbiI6bnVsbH0sInRmd19yZWZzcmNfc2Vzc2lvbiI6eyJidWNrZXQiOiJvbiIsInZlcnNpb24iOm51bGx9LCJ0ZndfZm9zbnJfc29mdF9pbnRlcnZlbnRpb25zX2VuYWJsZWQiOnsiYnVja2V0Ijoib24iLCJ2ZXJzaW9uIjpudWxsfSwidGZ3X21peGVkX21lZGlhXzE1ODk3Ijp7ImJ1Y2tldCI6InRyZWF0bWVudCIsInZlcnNpb24iOm51bGx9LCJ0ZndfZXhwZXJpbWVudHNfY29va2llX2V4cGlyYXRpb24iOnsiYnVja2V0IjoxMjA5NjAwLCJ2ZXJzaW9uIjpudWxsfSwidGZ3X3Nob3dfYmlyZHdhdGNoX3Bpdm90c19lbmFibGVkIjp7ImJ1Y2tldCI6Im9uIiwidmVyc2lvbiI6bnVsbH0sInRmd19kdXBsaWNhdGVfc2NyaWJlc190b19zZXR0aW5ncyI6eyJidWNrZXQiOiJvbiIsInZlcnNpb24iOm51bGx9LCJ0ZndfdXNlX3Byb2ZpbGVfaW1hZ2Vfc2hhcGVfZW5hYmxlZCI6eyJidWNrZXQiOiJvbiIsInZlcnNpb24iOm51bGx9LCJ0ZndfdmlkZW9faGxzX2R5bmFtaWNfbWFuaWZlc3RzXzE1MDgyIjp7ImJ1Y2tldCI6InRydWVfYml0cmF0ZSIsInZlcnNpb24iOm51bGx9LCJ0ZndfbGVnYWN5X3RpbWVsaW5lX3N1bnNldCI6eyJidWNrZXQiOnRydWUsInZlcnNpb24iOm51bGx9LCJ0ZndfdHdlZXRfZWRpdF9mcm9udGVuZCI6eyJidWNrZXQiOiJvbiIsInZlcnNpb24iOm51bGx9fQ%3D%3D&amp;frame=false&amp;hideCard=false&amp;hideThread=false&amp;id=2042011590015242488&amp;lang=es&amp;origin=https%3A%2F%2Flopezdoriga.com%2Fnacional%2Fgobierno-federal-concluye-proceso-de-reparacion-integral-por-descarrilamiento-del-tren-interoceanico%2F&amp;sessionId=127e7049209549db4d6493877d25abffebd9d605&amp;siteScreenName=lopezdoriga&amp;theme=light&amp;widgetsVersion=2615f7e52b7e0%3A1702314776716&amp;width=550px\" frameborder=\"0\" scrolling=\"no\" allowfullscreen=\"allowfullscreen\" data-tweet-id=\"2042011590015242488\" data-mce-fragment=\"1\"><\/iframe><\/div>\n<div>\n<p>De acuerdo con la dependencia federal, desde el primer momento el Estado mexicano asumi\u00f3 este hecho \u201ccon\u00a0<strong>absoluta responsabilidad<\/strong>\u201d, mediante la coordinaci\u00f3n de un esfuerzo interinstitucional para atender las consecuencias del percance.<\/p>\n<p>Segob detall\u00f3 que en este proceso participaron la\u00a0<strong>Comisi\u00f3n Ejecutiva de Atenci\u00f3n a V\u00edctimas<\/strong>, la\u00a0<strong>Fiscal\u00eda General de la Rep\u00fablica<\/strong>\u00a0(<strong>FGR<\/strong>), la\u00a0<strong>Secretar\u00eda de Marina<\/strong>\u00a0(<strong>Semar<\/strong>), el\u00a0<strong>Corredor Interoce\u00e1nico del Istmo de Tehuantepec<\/strong>, el\u00a0<strong>Ferrocarril del Istmo de Tehuantepec<\/strong>, la Consejer\u00eda Jur\u00eddica del Ejecutivo Federal, diversas instituciones de salud federales y el Gobierno de Oaxaca.<\/p>\n<blockquote><p>La reparaci\u00f3n integral no se limit\u00f3 a una\u00a0<strong>compensaci\u00f3n econ\u00f3mica<\/strong>: implic\u00f3 atenci\u00f3n m\u00e9dica continua, apoyo psicol\u00f3gico,\u00a0<strong>acompa\u00f1amiento jur\u00eddico<\/strong>\u00a0y un\u00a0<strong>trato humano<\/strong>\u00a0y cercano, reconociendo que detr\u00e1s de cada n\u00famero hay historias, familias y proyectos de vida que merecen respeto\u201d, asegur\u00f3 la dependencia.<\/p><\/blockquote>\n<p>Con informaci\u00f3n de Enrique Hern\u00e1ndez y L\u00f3pez-D\u00f3riga Digital<\/p>\n<\/div>\n<\/div>\n<\/div>\n<\/div>\n<\/div>\n","protected":false},"excerpt":{"rendered":"<p>La Segob asegur\u00f3 que la \u201creparaci\u00f3n integral no se limit\u00f3 a una compensaci\u00f3n econ\u00f3mica\u201d. La\u00a0Secretar\u00eda de Gobernaci\u00f3n\u00a0(Segob) confirm\u00f3 que el gobierno mexicano concluy\u00f3 el proceso de\u00a0reparaci\u00f3n integral\u00a0derivado del accidente ocurrido en la\u00a0L\u00ednea Z\u00a0del\u00a0Tren Interoce\u00e1nico, a la altura de Salina Cruz, Oaxaca. De acuerdo con la dependencia federal, desde el primer momento el Estado mexicano asumi\u00f3 este hecho \u201ccon\u00a0absoluta responsabilidad\u201d, mediante la coordinaci\u00f3n de un esfuerzo interinstitucional para atender las consecuencias del percance. Segob detall\u00f3 que en este proceso participaron la\u00a0Comisi\u00f3n Ejecutiva de Atenci\u00f3n a V\u00edctimas, la\u00a0Fiscal\u00eda General de la Rep\u00fablica\u00a0(FGR), la\u00a0Secretar\u00eda de Marina\u00a0(Semar), el\u00a0Corredor Interoce\u00e1nico del Istmo de Tehuantepec, el\u00a0Ferrocarril [&hellip;]<\/p>\n","protected":false},"author":3,"featured_media":144323,"comment_status":"open","ping_status":"open","sticky":false,"template":"","format":"standard","meta":{"_jetpack_newsletter_access":"","_jetpack_dont_email_post_to_subs":false,"_jetpack_newsletter_tier_id":0,"_jetpack_memberships_contains_paywalled_content":false,"_jetpack_feature_clip_id":0,"_jetpack_memberships_contains_paid_content":false,"footnotes":"","jetpack_publicize_message":"","jetpack_publicize_feature_enabled":true,"jetpack_social_post_already_shared":true,"jetpack_social_options":{"image_generator_settings":{"template":"highway","default_image_id":0,"font":"","enabled":false},"version":2},"jetpack_post_was_ever_published":false},"categories":[75],"tags":[],"class_list":["post-144316","post","type-post","status-publish","format-standard","has-post-thumbnail","hentry","category-nacional","post--single"],"jetpack_publicize_connections":[],"jetpack_featured_media_url":"https:\/\/ovelanalista.com\/wp-content\/uploads\/2026\/04\/tren-interoceanico-descarrilado-en-oaxaca.jpg","jetpack_sharing_enabled":true,"_links":{"self":[{"href":"https:\/\/ovelanalista.com\/index.php?rest_route=\/wp\/v2\/posts\/144316","targetHints":{"allow":["GET"]}}],"collection":[{"href":"https:\/\/ovelanalista.com\/index.php?rest_route=\/wp\/v2\/posts"}],"about":[{"href":"https:\/\/ovelanalista.com\/index.php?rest_route=\/wp\/v2\/types\/post"}],"author":[{"embeddable":true,"href":"https:\/\/ovelanalista.com\/index.php?rest_route=\/wp\/v2\/users\/3"}],"replies":[{"embeddable":true,"href":"https:\/\/ovelanalista.com\/index.php?rest_route=%2Fwp%2Fv2%2Fcomments&post=144316"}],"version-history":[{"count":1,"href":"https:\/\/ovelanalista.com\/index.php?rest_route=\/wp\/v2\/posts\/144316\/revisions"}],"predecessor-version":[{"id":144324,"href":"https:\/\/ovelanalista.com\/index.php?rest_route=\/wp\/v2\/posts\/144316\/revisions\/144324"}],"wp:featuredmedia":[{"embeddable":true,"href":"https:\/\/ovelanalista.com\/index.php?rest_route=\/wp\/v2\/media\/144323"}],"wp:attachment":[{"href":"https:\/\/ovelanalista.com\/index.php?rest_route=%2Fwp%2Fv2%2Fmedia&parent=144316"}],"wp:term":[{"taxonomy":"category","embeddable":true,"href":"https:\/\/ovelanalista.com\/index.php?rest_route=%2Fwp%2Fv2%2Fcategories&post=144316"},{"taxonomy":"post_tag","embeddable":true,"href":"https:\/\/ovelanalista.com\/index.php?rest_route=%2Fwp%2Fv2%2Ftags&post=144316"}],"curies":[{"name":"wp","href":"https:\/\/api.w.org\/{rel}","templated":true}]}}