{"id":144317,"date":"2026-04-09T18:30:27","date_gmt":"2026-04-10T01:30:27","guid":{"rendered":"https:\/\/ovelanalista.com\/?p=144317"},"modified":"2026-04-09T10:21:48","modified_gmt":"2026-04-09T17:21:48","slug":"banxico-valorara-recortes-adicionales-a-la-tasa-de-interes-en-2026","status":"publish","type":"post","link":"https:\/\/ovelanalista.com\/?p=144317","title":{"rendered":"Banxico valorar\u00e1 \u201crecortes adicionales\u201d a la tasa de inter\u00e9s en 2026"},"content":{"rendered":"<p>Banxico expuso que si la evoluci\u00f3n de las condiciones macroecon\u00f3micas y financieras lo ameritan se valorar\u00e1 un recorte adicional a la tasa de referencia.<\/p>\n<p>El\u00a0<strong>Banco de M\u00e9xico<\/strong>\u00a0(Banxico) anticip\u00f3 que en sus pr\u00f3ximas reuniones\u00a0<strong>valorar\u00e1<\/strong>\u00a0realizar \u201c<strong>recortes<\/strong>\u00a0<strong>adicionales<\/strong>\u201d a la\u00a0<strong>tasa de inter\u00e9s<\/strong>, en las que tomar\u00e1 en cuenta los efectos de todos los determinantes de la inflaci\u00f3n dentro del objetivo general de 3 por ciento y se mantendr\u00e1 atenta a la evoluci\u00f3n de las condiciones externas.<\/p>\n<p>El pasado\u00a0<a href=\"https:\/\/lopezdoriga.com\/economia-y-finanzas\/banxico-recorta-tasa-de-interes-un-cuarto-punto-26-marzo-2026\/\" target=\"_blank\" rel=\"noopener\">26 de marzo<\/a>, Banxico, de manera sorpresiva, recort\u00f3 25 puntos base a su tasa de inter\u00e9s, con lo que retom\u00f3 el ciclo de recortes tras haber hecho una pausa en febrero, y la dej\u00f3 en 6.75 por ciento, en medio de la previsi\u00f3n de una inflaci\u00f3n al alza y la incertidumbre por cambios de pol\u00edtica econ\u00f3mica de EE.UU. y los conflictos geopol\u00edticos.<\/p>\n<p>El Banco Central expuso en\u00a0<a href=\"https:\/\/www.banxico.org.mx\/publicaciones-y-prensa\/minutas-de-las-decisiones-de-politica-monetaria\/%7BFAC24258-9128-F1BD-D497-6225C392ED52%7D.pdf\" target=\"_blank\" rel=\"noopener noreferrer\">una minuta<\/a>\u00a0que si la evoluci\u00f3n de las condiciones macroecon\u00f3micas y financieras lo ameritan, la\u00a0<strong>Junta de Gobierno<\/strong>\u00a0valorar\u00e1 la pertinencia y el momento de realizar un\u00a0<strong>recorte adicional<\/strong>\u00a0a la tasa de referencia.<\/p>\n<div id=\"ros-inread-khsv2y\" class=\"ad-container dfp-ad-unit ad-inread ad-main-inread ad-slot\" data-ad-type=\"inread\" data-slot=\"inread\" data-ad-loaded=\"1\" data-ad-setup=\"{&quot;postID&quot;:1778185,&quot;canRefresh&quot;:false,&quot;infinitescroll&quot;:false}\" data-google-query-id=\"CMW9wMWj4ZMDFTGFOgUdgjgb6w\"><\/div>\n<div data-ad-type=\"inread\" data-slot=\"inread\" data-ad-loaded=\"1\" data-ad-setup=\"{&quot;postID&quot;:1778185,&quot;canRefresh&quot;:false,&quot;infinitescroll&quot;:false}\" data-google-query-id=\"CMW9wMWj4ZMDFTGFOgUdgjgb6w\">\n<p>Para ello, dijo, tomar\u00e1 en cuenta los efectos de todos los determinantes de la\u00a0<strong>inflaci\u00f3n<\/strong>\u00a0y se mantendr\u00e1 atenta a la evoluci\u00f3n de las\u00a0<strong>condiciones externas<\/strong>, pero adelant\u00f3 que las acciones que se implementen ser\u00e1n tales que la tasa de referencia \u201csea congruente, en todo momento\u201d a su meta del 3 por ciento.<\/p>\n<div id=\"standard_4\" class=\"st-placement standard_4 inArticle\">\n<div class=\"st-adunit-inarticle st-inarticle-slot\">\n<div class=\"st-adunit st-adunit-tagged st-reset st-show\">\n<div class=\"st-adunit-ad st-reset\">\n<div class=\"st-display-render st-reset open 970x250\">\n<div class=\"x-to-close st-reset\">\n<p>\u201cLa mayor\u00eda prev\u00e9 que hacia delante la debilidad en la actividad econ\u00f3mica y las condiciones de holgura en el horizonte de pron\u00f3stico incidir\u00e1n a la baja sobre la inflaci\u00f3n\u201d, explic\u00f3 el organismo aut\u00f3nomo.<\/p>\n<p>Los especialistas destacaron como riesgos al alza para la\u00a0<strong>inflaci\u00f3n<\/strong>\u00a0en M\u00e9xico los efectos \u201cdirectos e indirectos\u201d del conflicto en Medio Oriente, al citar como efecto directo el incremento en los precios internacionales de energ\u00e9ticos y anticiparon que su impacto sobre la inflaci\u00f3n estar\u00eda acotado.<\/p>\n<p>\u201cTodos indicaron que, en parte, ello ser\u00eda consecuencia de la pol\u00edtica de precios m\u00e1ximos implementada por el gobierno federal, la cual reduce el traspaso de los choques en las referencias internacionales de los combustibles a los precios dom\u00e9sticos\u201d, se\u00f1al\u00f3 el documento.<\/p>\n<\/div>\n<div class=\"ad-container dfp-ad-unit ad-inread ad-slot\" data-ad-type=\"inreadbox\" data-slot=\"inread-multiple\" data-ad-loaded=\"1\" data-ad-setup=\"{&quot;postID&quot;:1778185,&quot;canRefresh&quot;:false,&quot;infinitescroll&quot;:false}\" data-google-query-id=\"CP69p82j4ZMDFTh0CAQd7YQN8Q\">\n<p>En la minuta, la Junta de Gobierno del Banco Central mencion\u00f3 que la actividad econ\u00f3mica ha venido mostrando un menor dinamismo, aunque algunos destacaron que para 2026 se espera que la econom\u00eda nacional crezca a una tasa mayor que la de 2025, \u201csi bien seguir\u00e1 mostrando debilidad\u201d.<\/p>\n<p>El documento corresponde a la reuni\u00f3n del 25 de marzo, fecha de su m\u00e1s reciente decisi\u00f3n monetaria.<\/p>\n<p>El texto se difunde tras revelarse hoy que la inflaci\u00f3n general repunt\u00f3 al 4.59 por ciento en marzo, tras haber descendido al 3.69 por ciento al final de 2025 y contin\u00faa por encima de las expectativas del mercado.<\/p>\n<p>La del pasado 25 de marzo fue la segunda decisi\u00f3n de pol\u00edtica monetaria de ocho programadas en el a\u00f1o, el mercado estima que la tasa se estacione en 6.5 por ciento al cierre del a\u00f1o, lo que dar\u00eda margen a un recorte m\u00e1s de 25 puntos base en el 2026.<\/p>\n<p>Con informaci\u00f3n de EFE<\/p>\n<p>&nbsp;<\/p>\n<\/div>\n<\/div>\n<\/div>\n<\/div>\n<\/div>\n<\/div>\n<\/div>\n","protected":false},"excerpt":{"rendered":"<p>Banxico expuso que si la evoluci\u00f3n de las condiciones macroecon\u00f3micas y financieras lo ameritan se valorar\u00e1 un recorte adicional a la tasa de referencia. El\u00a0Banco de M\u00e9xico\u00a0(Banxico) anticip\u00f3 que en sus pr\u00f3ximas reuniones\u00a0valorar\u00e1\u00a0realizar \u201crecortes\u00a0adicionales\u201d a la\u00a0tasa de inter\u00e9s, en las que tomar\u00e1 en cuenta los efectos de todos los determinantes de la inflaci\u00f3n dentro del objetivo general de 3 por ciento y se mantendr\u00e1 atenta a la evoluci\u00f3n de las condiciones externas. El pasado\u00a026 de marzo, Banxico, de manera sorpresiva, recort\u00f3 25 puntos base a su tasa de inter\u00e9s, con lo que retom\u00f3 el ciclo de recortes tras haber hecho [&hellip;]<\/p>\n","protected":false},"author":3,"featured_media":144325,"comment_status":"open","ping_status":"open","sticky":false,"template":"","format":"standard","meta":{"_jetpack_newsletter_access":"","_jetpack_dont_email_post_to_subs":false,"_jetpack_newsletter_tier_id":0,"_jetpack_memberships_contains_paywalled_content":false,"_jetpack_feature_clip_id":0,"_jetpack_memberships_contains_paid_content":false,"footnotes":"","jetpack_publicize_message":"","jetpack_publicize_feature_enabled":true,"jetpack_social_post_already_shared":true,"jetpack_social_options":{"image_generator_settings":{"template":"highway","default_image_id":0,"font":"","enabled":false},"version":2},"jetpack_post_was_ever_published":false},"categories":[75],"tags":[],"class_list":["post-144317","post","type-post","status-publish","format-standard","has-post-thumbnail","hentry","category-nacional","post--single"],"jetpack_publicize_connections":[],"jetpack_featured_media_url":"https:\/\/ovelanalista.com\/wp-content\/uploads\/2026\/04\/sandra-gabriel-cwk6ei6jo0m-unsplash-scaled-1.jpg","jetpack_sharing_enabled":true,"_links":{"self":[{"href":"https:\/\/ovelanalista.com\/index.php?rest_route=\/wp\/v2\/posts\/144317","targetHints":{"allow":["GET"]}}],"collection":[{"href":"https:\/\/ovelanalista.com\/index.php?rest_route=\/wp\/v2\/posts"}],"about":[{"href":"https:\/\/ovelanalista.com\/index.php?rest_route=\/wp\/v2\/types\/post"}],"author":[{"embeddable":true,"href":"https:\/\/ovelanalista.com\/index.php?rest_route=\/wp\/v2\/users\/3"}],"replies":[{"embeddable":true,"href":"https:\/\/ovelanalista.com\/index.php?rest_route=%2Fwp%2Fv2%2Fcomments&post=144317"}],"version-history":[{"count":1,"href":"https:\/\/ovelanalista.com\/index.php?rest_route=\/wp\/v2\/posts\/144317\/revisions"}],"predecessor-version":[{"id":144326,"href":"https:\/\/ovelanalista.com\/index.php?rest_route=\/wp\/v2\/posts\/144317\/revisions\/144326"}],"wp:featuredmedia":[{"embeddable":true,"href":"https:\/\/ovelanalista.com\/index.php?rest_route=\/wp\/v2\/media\/144325"}],"wp:attachment":[{"href":"https:\/\/ovelanalista.com\/index.php?rest_route=%2Fwp%2Fv2%2Fmedia&parent=144317"}],"wp:term":[{"taxonomy":"category","embeddable":true,"href":"https:\/\/ovelanalista.com\/index.php?rest_route=%2Fwp%2Fv2%2Fcategories&post=144317"},{"taxonomy":"post_tag","embeddable":true,"href":"https:\/\/ovelanalista.com\/index.php?rest_route=%2Fwp%2Fv2%2Ftags&post=144317"}],"curies":[{"name":"wp","href":"https:\/\/api.w.org\/{rel}","templated":true}]}}