{"id":144320,"date":"2026-04-09T19:00:16","date_gmt":"2026-04-10T02:00:16","guid":{"rendered":"https:\/\/ovelanalista.com\/?p=144320"},"modified":"2026-04-09T10:23:00","modified_gmt":"2026-04-09T17:23:00","slug":"inflacion-en-mexico-acelera-a-4-59-en-marzo-de-2026","status":"publish","type":"post","link":"https:\/\/ovelanalista.com\/?p=144320","title":{"rendered":"Inflaci\u00f3n en M\u00e9xico acelera a 4.59% en marzo de 2026"},"content":{"rendered":"<p>La inflaci\u00f3n en M\u00e9xico subi\u00f3 a 4.59 por ciento en marzo de 2026, seg\u00fan informaci\u00f3n proporcionada por el Inegi.<\/p>\n<p>El Instituto Nacional de Estad\u00edstica y Geograf\u00eda\u00a0(<strong>Inegi<\/strong>) revel\u00f3 que la\u00a0<strong>inflaci\u00f3n general anual\u00a0<\/strong>en\u00a0<strong>M\u00e9xico\u00a0<\/strong>se ubic\u00f3 en 4.59 por por ciento durante\u00a0<strong>marzo\u00a0<\/strong>de\u00a0<strong>2026<\/strong>.<\/p>\n<p><a href=\"https:\/\/www.inegi.org.mx\/contenidos\/saladeprensa\/boletines\/2026\/inpc\/inpc_2q2026_04.pdf\" target=\"_blank\" rel=\"noopener noreferrer\">En un comunicado<\/a>, el Inegi explic\u00f3 que el\u00a0<strong>\u00cdndice Nacional de Precios al Consumidor<\/strong>\u00a0(<strong>INPC<\/strong>) present\u00f3 un nivel de 145.544: aument\u00f3 0.86 por ciento respecto al mes anterior. En el mismo mes pero de 2025, la inflaci\u00f3n mensual fue de 0.31 % y la anual, de 3.80 por ciento.<\/p>\n<p>El\u00a0<strong>\u00edndice de precios subyacente<\/strong>, considerado un mejor par\u00e1metro para medir la carest\u00eda general porque elimina art\u00edculos de alta volatilidad, increment\u00f3 0.38 por ciento a tasa mensual. A\u2009su\u2009interior, los precios de las mercanc\u00edas subieron 0.29 % y los de servicios, 0.48 por ciento.<\/p>\n<div id=\"ros-inread-legftw\" class=\"ad-container dfp-ad-unit ad-inread ad-main-inread ad-slot\" data-ad-type=\"inread\" data-slot=\"inread\" data-ad-loaded=\"1\" data-ad-setup=\"{&quot;postID&quot;:1778118,&quot;canRefresh&quot;:false,&quot;infinitescroll&quot;:false}\" data-google-query-id=\"COOt9Yek4ZMDFVwuRAgdJtcyAg\"><\/div>\n<div data-ad-type=\"inread\" data-slot=\"inread\" data-ad-loaded=\"1\" data-ad-setup=\"{&quot;postID&quot;:1778118,&quot;canRefresh&quot;:false,&quot;infinitescroll&quot;:false}\" data-google-query-id=\"COOt9Yek4ZMDFVwuRAgdJtcyAg\">A tasa mensual, el\u00a0<strong>\u00edndice de precios no subyacente<\/strong>\u00a0creci\u00f3 2.46 por ciento. Dentro de este, los precios de frutas y verduras ascendieron 10.75\u2009% y los de energ\u00e9ticos y tarifas autorizadas por el gobierno, 0.85\u2009por ciento.<\/div>\n<div data-ad-type=\"inread\" data-slot=\"inread\" data-ad-loaded=\"1\" data-ad-setup=\"{&quot;postID&quot;:1778118,&quot;canRefresh&quot;:false,&quot;infinitescroll&quot;:false}\" data-google-query-id=\"COOt9Yek4ZMDFVwuRAgdJtcyAg\"><\/div>\n<div data-ad-type=\"inread\" data-slot=\"inread\" data-ad-loaded=\"1\" data-ad-setup=\"{&quot;postID&quot;:1778118,&quot;canRefresh&quot;:false,&quot;infinitescroll&quot;:false}\" data-google-query-id=\"COOt9Yek4ZMDFVwuRAgdJtcyAg\">\n<p>En marzo de 2026, los productos gen\u00e9ricos cuyas variaciones de precios, al alza y a la baja, destacaron por su incidencia sobre la inflaci\u00f3n general fueron los siguientes: jitomate, transporte a\u00e9reo, as\u00ed como loncher\u00edas, fondas, torter\u00edas y taquer\u00edas, con incrementos en sus precios. En contraste, los paquetes de internet, telefon\u00eda y televisi\u00f3n de paga; el huevo; y la carne de cerdo disminuyeron sus precios.<\/p>\n<p>En marzo de 2026, el\u00a0<strong>\u00cdndice de Precios al Consumidor de la Canasta de Consumo M\u00ednimo<\/strong>\u00a0(IPCCCM) tuvo un aumento mensual de 0.91 y de 4.56 por ciento a tasa anual. En el mismo periodo de 2025, ascendi\u00f3 0.21 y 3.60 %, en ese orden.<\/p>\n<p>La inflaci\u00f3n en M\u00e9xico cerr\u00f3 en 2025 con una subida de 3.69 por ciento, por debajo de las expectativas del mercado y de 4.21 por ciento del 2024, del 4.66 por ciento de 2023, del 7.82 por ciento de 2022 y del 7.36 por ciento de 2021, ambos a\u00f1os con el nivel m\u00e1s alto en las \u00faltimas dos d\u00e9cadas.<\/p>\n<\/div>\n<div class=\"ad-container dfp-ad-unit ad-inread ad-slot\" data-ad-type=\"inreadbox\" data-slot=\"inread-multiple\" data-ad-loaded=\"1\" data-ad-setup=\"{&quot;postID&quot;:1778118,&quot;canRefresh&quot;:false,&quot;infinitescroll&quot;:false}\" data-google-query-id=\"CO-Uz42k4ZMDFWoxRAgdilYjTQ\">Con informaci\u00f3n de L\u00f3pez-D\u00f3riga Digital<\/div>\n","protected":false},"excerpt":{"rendered":"<p>La inflaci\u00f3n en M\u00e9xico subi\u00f3 a 4.59 por ciento en marzo de 2026, seg\u00fan informaci\u00f3n proporcionada por el Inegi. El Instituto Nacional de Estad\u00edstica y Geograf\u00eda\u00a0(Inegi) revel\u00f3 que la\u00a0inflaci\u00f3n general anual\u00a0en\u00a0M\u00e9xico\u00a0se ubic\u00f3 en 4.59 por por ciento durante\u00a0marzo\u00a0de\u00a02026. En un comunicado, el Inegi explic\u00f3 que el\u00a0\u00cdndice Nacional de Precios al Consumidor\u00a0(INPC) present\u00f3 un nivel de 145.544: aument\u00f3 0.86 por ciento respecto al mes anterior. En el mismo mes pero de 2025, la inflaci\u00f3n mensual fue de 0.31 % y la anual, de 3.80 por ciento. El\u00a0\u00edndice de precios subyacente, considerado un mejor par\u00e1metro para medir la carest\u00eda general porque elimina [&hellip;]<\/p>\n","protected":false},"author":3,"featured_media":144327,"comment_status":"open","ping_status":"open","sticky":false,"template":"","format":"standard","meta":{"_jetpack_newsletter_access":"","_jetpack_dont_email_post_to_subs":false,"_jetpack_newsletter_tier_id":0,"_jetpack_memberships_contains_paywalled_content":false,"_jetpack_feature_clip_id":0,"_jetpack_memberships_contains_paid_content":false,"footnotes":"","jetpack_publicize_message":"","jetpack_publicize_feature_enabled":true,"jetpack_social_post_already_shared":true,"jetpack_social_options":{"image_generator_settings":{"template":"highway","default_image_id":0,"font":"","enabled":false},"version":2},"jetpack_post_was_ever_published":false},"categories":[75],"tags":[],"class_list":["post-144320","post","type-post","status-publish","format-standard","has-post-thumbnail","hentry","category-nacional","post--single"],"jetpack_publicize_connections":[],"jetpack_featured_media_url":"https:\/\/ovelanalista.com\/wp-content\/uploads\/2026\/04\/mexico-economia-mexicana-inflacion-mercado-de-jamaica.jpg","jetpack_sharing_enabled":true,"_links":{"self":[{"href":"https:\/\/ovelanalista.com\/index.php?rest_route=\/wp\/v2\/posts\/144320","targetHints":{"allow":["GET"]}}],"collection":[{"href":"https:\/\/ovelanalista.com\/index.php?rest_route=\/wp\/v2\/posts"}],"about":[{"href":"https:\/\/ovelanalista.com\/index.php?rest_route=\/wp\/v2\/types\/post"}],"author":[{"embeddable":true,"href":"https:\/\/ovelanalista.com\/index.php?rest_route=\/wp\/v2\/users\/3"}],"replies":[{"embeddable":true,"href":"https:\/\/ovelanalista.com\/index.php?rest_route=%2Fwp%2Fv2%2Fcomments&post=144320"}],"version-history":[{"count":1,"href":"https:\/\/ovelanalista.com\/index.php?rest_route=\/wp\/v2\/posts\/144320\/revisions"}],"predecessor-version":[{"id":144328,"href":"https:\/\/ovelanalista.com\/index.php?rest_route=\/wp\/v2\/posts\/144320\/revisions\/144328"}],"wp:featuredmedia":[{"embeddable":true,"href":"https:\/\/ovelanalista.com\/index.php?rest_route=\/wp\/v2\/media\/144327"}],"wp:attachment":[{"href":"https:\/\/ovelanalista.com\/index.php?rest_route=%2Fwp%2Fv2%2Fmedia&parent=144320"}],"wp:term":[{"taxonomy":"category","embeddable":true,"href":"https:\/\/ovelanalista.com\/index.php?rest_route=%2Fwp%2Fv2%2Fcategories&post=144320"},{"taxonomy":"post_tag","embeddable":true,"href":"https:\/\/ovelanalista.com\/index.php?rest_route=%2Fwp%2Fv2%2Ftags&post=144320"}],"curies":[{"name":"wp","href":"https:\/\/api.w.org\/{rel}","templated":true}]}}