{"id":144330,"date":"2026-04-09T12:29:44","date_gmt":"2026-04-09T19:29:44","guid":{"rendered":"https:\/\/ovelanalista.com\/?p=144330"},"modified":"2026-04-09T12:29:44","modified_gmt":"2026-04-09T19:29:44","slug":"desde-la-dirigencia-pio-esquer-proyecta-aspiraciones-al-gobierno-estatal","status":"publish","type":"post","link":"https:\/\/ovelanalista.com\/?p=144330","title":{"rendered":"Desde la dirigencia, P\u00edo Esquer proyecta aspiraciones al gobierno estatal"},"content":{"rendered":"\n<p class=\"wp-block-paragraph\"><\/p>\n\n\n\n<p class=\"wp-block-paragraph\">Sinaloa.\u2013 El reci\u00e9n nombrado dirigente estatal de Movimiento Ciudadano, Sergio \u201cP\u00edo\u201d Esquer, revel\u00f3 que no descarta contender por la gubernatura de Sinaloa en las elecciones de 2027.<\/p>\n\n\n\n<p class=\"wp-block-paragraph\">Durante una conferencia de prensa, Esquer asegur\u00f3 que su perfil y conocimiento de la realidad estatal lo colocan como una opci\u00f3n viable para encabezar el gobierno sinaloense. Se\u00f1al\u00f3 que cuenta con experiencia en temas clave como el desarrollo econ\u00f3mico y la problem\u00e1tica de inseguridad que enfrenta la entidad.<\/p>\n\n\n\n<p class=\"wp-block-paragraph\">\u201cNo la descarto. Conozco a mi estado, entiendo el desarrollo econ\u00f3mico y, sobre todo, la situaci\u00f3n de inseguridad que se vive\u201d, expres\u00f3 el dirigente.<\/p>\n\n\n\n<p class=\"wp-block-paragraph\">No obstante, aclar\u00f3 que a\u00fan no son los tiempos electorales y subray\u00f3 que su prioridad actual est\u00e1 centrada en consolidar y fortalecer la estructura de Movimiento Ciudadano de cara a los pr\u00f3ximos comicios.<\/p>\n\n\n\n<p class=\"wp-block-paragraph\">El l\u00edder estatal enfatiz\u00f3 que el partido trabajar\u00e1 en la construcci\u00f3n de una plataforma s\u00f3lida que permita competir con mayor fuerza en el escenario pol\u00edtico de Sinaloa, dejando abierta la posibilidad de definir candidaturas en una etapa posterior.<\/p>\n","protected":false},"excerpt":{"rendered":"<p>Sinaloa.\u2013 El reci\u00e9n nombrado dirigente estatal de Movimiento Ciudadano, Sergio \u201cP\u00edo\u201d Esquer, revel\u00f3 que no descarta contender por la gubernatura de Sinaloa en las elecciones de 2027. Durante una conferencia de prensa, Esquer asegur\u00f3 que su perfil y conocimiento de la realidad estatal lo colocan como una opci\u00f3n viable para encabezar el gobierno sinaloense. Se\u00f1al\u00f3 que cuenta con experiencia en temas clave como el desarrollo econ\u00f3mico y la problem\u00e1tica de inseguridad que enfrenta la entidad. \u201cNo la descarto. Conozco a mi estado, entiendo el desarrollo econ\u00f3mico y, sobre todo, la situaci\u00f3n de inseguridad que se vive\u201d, expres\u00f3 el dirigente. No [&hellip;]<\/p>\n","protected":false},"author":3,"featured_media":144329,"comment_status":"closed","ping_status":"open","sticky":false,"template":"","format":"standard","meta":{"_jetpack_newsletter_access":"","_jetpack_dont_email_post_to_subs":false,"_jetpack_newsletter_tier_id":0,"_jetpack_memberships_contains_paywalled_content":false,"_jetpack_feature_clip_id":0,"_jetpack_memberships_contains_paid_content":false,"footnotes":"","jetpack_publicize_message":"Desde la dirigencia, P\u00edo Esquer proyecta aspiraciones al gobierno estatal","jetpack_publicize_feature_enabled":true,"jetpack_social_post_already_shared":true,"jetpack_social_options":{"image_generator_settings":{"template":"highway","default_image_id":0,"font":"","enabled":false},"version":2},"jetpack_post_was_ever_published":false},"categories":[90,72],"tags":[],"class_list":["post-144330","post","type-post","status-publish","format-standard","has-post-thumbnail","hentry","category-estatal","category-portada","post--single"],"jetpack_publicize_connections":[],"jetpack_featured_media_url":"https:\/\/ovelanalista.com\/wp-content\/uploads\/2026\/04\/33e89cab-8394-442d-a94c-ab7abe5fd8f6.jpg","jetpack_sharing_enabled":true,"_links":{"self":[{"href":"https:\/\/ovelanalista.com\/index.php?rest_route=\/wp\/v2\/posts\/144330","targetHints":{"allow":["GET"]}}],"collection":[{"href":"https:\/\/ovelanalista.com\/index.php?rest_route=\/wp\/v2\/posts"}],"about":[{"href":"https:\/\/ovelanalista.com\/index.php?rest_route=\/wp\/v2\/types\/post"}],"author":[{"embeddable":true,"href":"https:\/\/ovelanalista.com\/index.php?rest_route=\/wp\/v2\/users\/3"}],"replies":[{"embeddable":true,"href":"https:\/\/ovelanalista.com\/index.php?rest_route=%2Fwp%2Fv2%2Fcomments&post=144330"}],"version-history":[{"count":1,"href":"https:\/\/ovelanalista.com\/index.php?rest_route=\/wp\/v2\/posts\/144330\/revisions"}],"predecessor-version":[{"id":144331,"href":"https:\/\/ovelanalista.com\/index.php?rest_route=\/wp\/v2\/posts\/144330\/revisions\/144331"}],"wp:featuredmedia":[{"embeddable":true,"href":"https:\/\/ovelanalista.com\/index.php?rest_route=\/wp\/v2\/media\/144329"}],"wp:attachment":[{"href":"https:\/\/ovelanalista.com\/index.php?rest_route=%2Fwp%2Fv2%2Fmedia&parent=144330"}],"wp:term":[{"taxonomy":"category","embeddable":true,"href":"https:\/\/ovelanalista.com\/index.php?rest_route=%2Fwp%2Fv2%2Fcategories&post=144330"},{"taxonomy":"post_tag","embeddable":true,"href":"https:\/\/ovelanalista.com\/index.php?rest_route=%2Fwp%2Fv2%2Ftags&post=144330"}],"curies":[{"name":"wp","href":"https:\/\/api.w.org\/{rel}","templated":true}]}}