{"id":144333,"date":"2026-04-09T21:14:43","date_gmt":"2026-04-10T04:14:43","guid":{"rendered":"https:\/\/ovelanalista.com\/?p=144333"},"modified":"2026-04-09T21:14:43","modified_gmt":"2026-04-10T04:14:43","slug":"serapio-vargas-encabeza-nueva-polemica-de-la-playa-nudista-al-encadenamiento-expres-en-el-congreso","status":"publish","type":"post","link":"https:\/\/ovelanalista.com\/?p=144333","title":{"rendered":"Serapio Vargas encabeza nueva pol\u00e9mica: de la playa nudista al encadenamiento expr\u00e9s en el Congreso"},"content":{"rendered":"\n<p class=\"wp-block-paragraph\"><\/p>\n\n\n\n<p class=\"wp-block-paragraph\">Sinaloa.- El reciente encadenamiento simb\u00f3lico del diputado Serapio Vargas por un lapso de apenas 10 minutos, con el fin de exigir la inclusi\u00f3n del t\u00e9rmino \u201cGobernadora\u201d en la Constituci\u00f3n, no solo gener\u00f3 cr\u00edticas por la forma, sino que reaviv\u00f3 el historial de pol\u00e9micas protagonizadas por el propio legislador.<\/p>\n\n\n\n<p class=\"wp-block-paragraph\">Diversos sectores han se\u00f1alado que, m\u00e1s all\u00e1 del fondo de la iniciativa relacionada con el lenguaje inclusivo en los cargos p\u00fablicos, la manera en que se llev\u00f3 a cabo la protesta proyecta una imagen de ligereza en el ejercicio legislativo, al reducir un debate complejo a un acto simb\u00f3lico de corta duraci\u00f3n.<\/p>\n\n\n\n<p class=\"wp-block-paragraph\">Sin embargo, este no es el primer episodio que coloca al diputado en el centro de la controversia. Hace m\u00e1s de un a\u00f1o, el mismo Serapio Vargas impuls\u00f3 y posicion\u00f3 en la agenda p\u00fablica la propuesta de habilitar una playa nudista en Sinaloa, tema que en su momento gener\u00f3 amplio debate medi\u00e1tico y social.<\/p>\n\n\n\n<p class=\"wp-block-paragraph\">Aunque dicha propuesta fue defendida como una estrategia para diversificar la oferta tur\u00edstica del estado, tambi\u00e9n fue ampliamente criticada por considerarse alejada de las prioridades m\u00e1s urgentes de la entidad. Hoy, ese antecedente vuelve a ser recordado como parte de un patr\u00f3n de iniciativas que, para algunos analistas, privilegian el impacto medi\u00e1tico sobre la construcci\u00f3n de soluciones estructurales.<\/p>\n\n\n\n<p class=\"wp-block-paragraph\">La reiteraci\u00f3n de este tipo de episodios ha encendido cuestionamientos sobre la seriedad y enfoque de la agenda legislativa. Especialistas advierten que cuando las acciones pol\u00edticas se perciben como espect\u00e1culos o gestos simb\u00f3licos sin continuidad, se corre el riesgo de debilitar la confianza ciudadana en las instituciones.<\/p>\n\n\n\n<p class=\"wp-block-paragraph\">En un contexto marcado por desaf\u00edos en seguridad, econom\u00eda y desarrollo social, voces cr\u00edticas insisten en la necesidad de que la clase pol\u00edtica centre sus esfuerzos en propuestas viables y sostenidas, evitando que la discusi\u00f3n p\u00fablica se diluya entre pol\u00e9micas recurrentes.<\/p>\n\n\n\n<p class=\"wp-block-paragraph\">As\u00ed, el encadenamiento reciente no solo se interpreta como un hecho aislado, sino como un nuevo cap\u00edtulo en una serie de controversias que, lejos de fortalecer el debate, profundizan la percepci\u00f3n de desconexi\u00f3n entre los representantes populares y las demandas reales de la ciudadan\u00eda.<\/p>\n","protected":false},"excerpt":{"rendered":"<p>Sinaloa.- El reciente encadenamiento simb\u00f3lico del diputado Serapio Vargas por un lapso de apenas 10 minutos, con el fin de exigir la inclusi\u00f3n del t\u00e9rmino \u201cGobernadora\u201d en la Constituci\u00f3n, no solo gener\u00f3 cr\u00edticas por la forma, sino que reaviv\u00f3 el historial de pol\u00e9micas protagonizadas por el propio legislador. Diversos sectores han se\u00f1alado que, m\u00e1s all\u00e1 del fondo de la iniciativa relacionada con el lenguaje inclusivo en los cargos p\u00fablicos, la manera en que se llev\u00f3 a cabo la protesta proyecta una imagen de ligereza en el ejercicio legislativo, al reducir un debate complejo a un acto simb\u00f3lico de corta duraci\u00f3n. [&hellip;]<\/p>\n","protected":false},"author":3,"featured_media":144332,"comment_status":"closed","ping_status":"open","sticky":false,"template":"","format":"standard","meta":{"_jetpack_newsletter_access":"","_jetpack_dont_email_post_to_subs":false,"_jetpack_newsletter_tier_id":0,"_jetpack_memberships_contains_paywalled_content":false,"_jetpack_feature_clip_id":0,"_jetpack_memberships_contains_paid_content":false,"footnotes":"","jetpack_publicize_message":"Serapio Vargas encabeza nueva pol\u00e9mica: de la playa nudista al encadenamiento expr\u00e9s en el Congreso","jetpack_publicize_feature_enabled":true,"jetpack_social_post_already_shared":true,"jetpack_social_options":{"image_generator_settings":{"template":"highway","default_image_id":0,"font":"","enabled":false},"version":2},"jetpack_post_was_ever_published":false},"categories":[90,72],"tags":[],"class_list":["post-144333","post","type-post","status-publish","format-standard","has-post-thumbnail","hentry","category-estatal","category-portada","post--single"],"jetpack_publicize_connections":[],"jetpack_featured_media_url":"https:\/\/ovelanalista.com\/wp-content\/uploads\/2026\/04\/be0a9b28-28ec-4ffb-ba68-60cc7cc7711e.jpg","jetpack_sharing_enabled":true,"_links":{"self":[{"href":"https:\/\/ovelanalista.com\/index.php?rest_route=\/wp\/v2\/posts\/144333","targetHints":{"allow":["GET"]}}],"collection":[{"href":"https:\/\/ovelanalista.com\/index.php?rest_route=\/wp\/v2\/posts"}],"about":[{"href":"https:\/\/ovelanalista.com\/index.php?rest_route=\/wp\/v2\/types\/post"}],"author":[{"embeddable":true,"href":"https:\/\/ovelanalista.com\/index.php?rest_route=\/wp\/v2\/users\/3"}],"replies":[{"embeddable":true,"href":"https:\/\/ovelanalista.com\/index.php?rest_route=%2Fwp%2Fv2%2Fcomments&post=144333"}],"version-history":[{"count":1,"href":"https:\/\/ovelanalista.com\/index.php?rest_route=\/wp\/v2\/posts\/144333\/revisions"}],"predecessor-version":[{"id":144334,"href":"https:\/\/ovelanalista.com\/index.php?rest_route=\/wp\/v2\/posts\/144333\/revisions\/144334"}],"wp:featuredmedia":[{"embeddable":true,"href":"https:\/\/ovelanalista.com\/index.php?rest_route=\/wp\/v2\/media\/144332"}],"wp:attachment":[{"href":"https:\/\/ovelanalista.com\/index.php?rest_route=%2Fwp%2Fv2%2Fmedia&parent=144333"}],"wp:term":[{"taxonomy":"category","embeddable":true,"href":"https:\/\/ovelanalista.com\/index.php?rest_route=%2Fwp%2Fv2%2Fcategories&post=144333"},{"taxonomy":"post_tag","embeddable":true,"href":"https:\/\/ovelanalista.com\/index.php?rest_route=%2Fwp%2Fv2%2Ftags&post=144333"}],"curies":[{"name":"wp","href":"https:\/\/api.w.org\/{rel}","templated":true}]}}