{"id":144338,"date":"2026-04-10T10:00:59","date_gmt":"2026-04-10T17:00:59","guid":{"rendered":"https:\/\/ovelanalista.com\/?p=144338"},"modified":"2026-04-10T09:51:39","modified_gmt":"2026-04-10T16:51:39","slug":"casos-de-sarampion-en-lo-que-va-de-2026-superan-los-de-todo-2025","status":"publish","type":"post","link":"https:\/\/ovelanalista.com\/?p=144338","title":{"rendered":"Casos de sarampi\u00f3n en lo que va de 2026 superan los de todo 2025"},"content":{"rendered":"<p>La tasa de incidencia del sarampi\u00f3n por cada 100 mil habitantes pas\u00f3 de 4.85 por ciento a 6.71 por ciento.<\/p>\n<p>Los\u00a0<strong>casos<\/strong>\u00a0de\u00a0<strong>sarampi\u00f3n<\/strong>\u00a0en M\u00e9xico aumentaron 139 por ciento en lo que va de 2026, en comparaci\u00f3n con los registrados en todo 2025.<\/p>\n<p>El Sistema Especial para la Vigilancia Epidemiol\u00f3gica de las Enfermedades Febriles Exantem\u00e1ticas\u00a0<a href=\"https:\/\/www.gob.mx\/cms\/uploads\/attachment\/file\/1070309\/INFORME_DIARIO_SARAMPION_20260409.pdf\" target=\"_blank\" rel=\"noopener noreferrer\">se\u00f1ala<\/a>\u00a0que el\u00a0<strong>a\u00f1o pasado<\/strong>\u00a0se confirmaron un total de\u00a0<strong>6 mil 464 casos<\/strong>\u00a0de\u00a0<strong>sarampi\u00f3n<\/strong>.<\/p>\n<p>Sin embargo, del 1 de enero al 9 de abril de este\u00a0<strong>2026<\/strong>\u00a0suman\u00a0<strong>9 mil 15 casos confirmados<\/strong>.<\/p>\n<p>As\u00ed, la\u00a0<strong>tasa de incidencia<\/strong>\u00a0de la enfermedad por cada 100 mil habitantes pas\u00f3 de 4.85 por ciento a<strong>\u00a06.71 por ciento<\/strong>.<\/p>\n<p>Por su parte, la tasa de letalidad se mantiene por debajo de la de 2025, al registrarse nueve\u00a0<strong>muertes<\/strong>\u00a0por\u00a0<strong>sarampi\u00f3n<\/strong>\u00a0en lo que va del a\u00f1o, contra 27 del a\u00f1o anterior.<\/p>\n<p>Por el momento, el grupo de edad m\u00e1s afectado por la enfermedad es el de menores de 1 a 4 a\u00f1os de edad, con 2 mil 6 casos; seguido de j\u00f3venes de 25 a 29 a\u00f1os, con mil 820 casos, y ni\u00f1os de 5 a 9 a\u00f1os de edad, con mil 764 casos confirmados.<\/p>\n<p>Este 2026, el estado m\u00e1s afectado por el brote de sarampi\u00f3n es\u00a0<strong>Jalisco<\/strong>, con\u00a0<strong>5 mil 197 casos confirmados<\/strong>\u00a0y\u00a0<strong>tres muertes<\/strong>.<\/p>\n<div id=\"ros-inread-multiple-vacmtp\" class=\"ad-container dfp-ad-unit ad-inread ad-slot\" data-ad-type=\"inreadbox\" data-slot=\"inread-multiple\" data-ad-loaded=\"1\" data-ad-setup=\"{&quot;postID&quot;:1778366,&quot;canRefresh&quot;:false,&quot;infinitescroll&quot;:false}\" data-google-query-id=\"CKKS5vXe45MDFUFZCAQdwesUBw\"><\/div>\n<div data-ad-type=\"inreadbox\" data-slot=\"inread-multiple\" data-ad-loaded=\"1\" data-ad-setup=\"{&quot;postID&quot;:1778366,&quot;canRefresh&quot;:false,&quot;infinitescroll&quot;:false}\" data-google-query-id=\"CKKS5vXe45MDFUFZCAQdwesUBw\">\n<p>En segundo lugar se posicionan\u00a0<strong>Chiapas<\/strong>\u00a0y\u00a0<strong>CDMX<\/strong>\u00a0con 735 casos. En el caso de la capital del pa\u00eds, se registra una muerte.<\/p>\n<h2>\u00a0Gobierno afirma que sarampi\u00f3n va a la baja<\/h2>\n<p>Por su parte, el Gobierno federal afirma que han\u00a0<strong>descendido<\/strong>\u00a0los\u00a0<strong>casos<\/strong>\u00a0de\u00a0<strong>sarampi\u00f3n<\/strong>, tras la campa\u00f1a de\u00a0<strong>vacunaci\u00f3n masiva<\/strong>.<\/p>\n<p>El subsecretario de Salud federal, Eduardo Clark, inform\u00f3 que desde febrero se han aplicado\u00a0<a href=\"https:\/\/lopezdoriga.com\/nacional\/gobierno-afirma-sarampion-sigue-baja-se-aplicado-18-3-millones-vacunas-febrero\/\" target=\"_blank\" rel=\"noopener\">18.3 millones vacunas<\/a>.<\/p>\n<blockquote><p>El sarampi\u00f3n sigue bajando en nuestro pa\u00eds. Llevamos ya pr\u00e1cticamente seis semanas de mejora continua. Es un hecho muy positivo, pero tenemos que seguir cerrando las brechas de vacunaci\u00f3n, seguir vacunando a las personas que no est\u00e1n vacunadas y hoy tenemos 20 mil puntos de vacunaci\u00f3n en todo el pa\u00eds para que estas personas se vacunen\u201d, declar\u00f3 Eduardo Clark en la Ma\u00f1anera del Pueblo.<\/p><\/blockquote>\n<p>El funcionario se\u00f1al\u00f3 que con la vacunaci\u00f3n se detectan menos de 70 casos de sarampi\u00f3n al d\u00eda.<\/p>\n<blockquote><p>En los \u00faltimos d\u00edas, de acuerdo a los reportes epidemiol\u00f3gicos, estamos detectando ya menos de 70 casos al d\u00eda. Es decir, es una reducci\u00f3n en t\u00e9rminos de n\u00famero diario de casos al d\u00eda de casi el 66 por ciento. Un avance que tiene que seguir bajando; todav\u00eda hay casos y por eso continuar con la estrategia de vacunaci\u00f3n\u201d, puntualiz\u00f3.<\/p><\/blockquote>\n<p>Con informaci\u00f3n de L\u00f3pez-D\u00f3riga Digital<\/p>\n<\/div>\n<div class=\"teads-inread sm-screen\">\n<div class=\"teads-ui-components-adchoices\"><\/div>\n<\/div>\n","protected":false},"excerpt":{"rendered":"<p>La tasa de incidencia del sarampi\u00f3n por cada 100 mil habitantes pas\u00f3 de 4.85 por ciento a 6.71 por ciento. Los\u00a0casos\u00a0de\u00a0sarampi\u00f3n\u00a0en M\u00e9xico aumentaron 139 por ciento en lo que va de 2026, en comparaci\u00f3n con los registrados en todo 2025. El Sistema Especial para la Vigilancia Epidemiol\u00f3gica de las Enfermedades Febriles Exantem\u00e1ticas\u00a0se\u00f1ala\u00a0que el\u00a0a\u00f1o pasado\u00a0se confirmaron un total de\u00a06 mil 464 casos\u00a0de\u00a0sarampi\u00f3n. Sin embargo, del 1 de enero al 9 de abril de este\u00a02026\u00a0suman\u00a09 mil 15 casos confirmados. As\u00ed, la\u00a0tasa de incidencia\u00a0de la enfermedad por cada 100 mil habitantes pas\u00f3 de 4.85 por ciento a\u00a06.71 por ciento. Por su parte, la [&hellip;]<\/p>\n","protected":false},"author":3,"featured_media":144344,"comment_status":"open","ping_status":"open","sticky":false,"template":"","format":"standard","meta":{"_jetpack_newsletter_access":"","_jetpack_dont_email_post_to_subs":false,"_jetpack_newsletter_tier_id":0,"_jetpack_memberships_contains_paywalled_content":false,"_jetpack_feature_clip_id":0,"_jetpack_memberships_contains_paid_content":false,"footnotes":"","jetpack_publicize_message":"","jetpack_publicize_feature_enabled":true,"jetpack_social_post_already_shared":true,"jetpack_social_options":{"image_generator_settings":{"template":"highway","default_image_id":0,"font":"","enabled":false},"version":2},"jetpack_post_was_ever_published":false},"categories":[75],"tags":[],"class_list":["post-144338","post","type-post","status-publish","format-standard","has-post-thumbnail","hentry","category-nacional","post--single"],"jetpack_publicize_connections":[],"jetpack_featured_media_url":"https:\/\/ovelanalista.com\/wp-content\/uploads\/2026\/04\/vacunas-vacunacion-sarampion.jpg","jetpack_sharing_enabled":true,"_links":{"self":[{"href":"https:\/\/ovelanalista.com\/index.php?rest_route=\/wp\/v2\/posts\/144338","targetHints":{"allow":["GET"]}}],"collection":[{"href":"https:\/\/ovelanalista.com\/index.php?rest_route=\/wp\/v2\/posts"}],"about":[{"href":"https:\/\/ovelanalista.com\/index.php?rest_route=\/wp\/v2\/types\/post"}],"author":[{"embeddable":true,"href":"https:\/\/ovelanalista.com\/index.php?rest_route=\/wp\/v2\/users\/3"}],"replies":[{"embeddable":true,"href":"https:\/\/ovelanalista.com\/index.php?rest_route=%2Fwp%2Fv2%2Fcomments&post=144338"}],"version-history":[{"count":1,"href":"https:\/\/ovelanalista.com\/index.php?rest_route=\/wp\/v2\/posts\/144338\/revisions"}],"predecessor-version":[{"id":144345,"href":"https:\/\/ovelanalista.com\/index.php?rest_route=\/wp\/v2\/posts\/144338\/revisions\/144345"}],"wp:featuredmedia":[{"embeddable":true,"href":"https:\/\/ovelanalista.com\/index.php?rest_route=\/wp\/v2\/media\/144344"}],"wp:attachment":[{"href":"https:\/\/ovelanalista.com\/index.php?rest_route=%2Fwp%2Fv2%2Fmedia&parent=144338"}],"wp:term":[{"taxonomy":"category","embeddable":true,"href":"https:\/\/ovelanalista.com\/index.php?rest_route=%2Fwp%2Fv2%2Fcategories&post=144338"},{"taxonomy":"post_tag","embeddable":true,"href":"https:\/\/ovelanalista.com\/index.php?rest_route=%2Fwp%2Fv2%2Ftags&post=144338"}],"curies":[{"name":"wp","href":"https:\/\/api.w.org\/{rel}","templated":true}]}}