{"id":144339,"date":"2026-04-10T09:36:41","date_gmt":"2026-04-10T16:36:41","guid":{"rendered":"https:\/\/ovelanalista.com\/?p=144339"},"modified":"2026-04-10T09:36:41","modified_gmt":"2026-04-10T16:36:41","slug":"sheinbaum-viajara-a-espana-a-reunion-de-gobiernos-progresistas","status":"publish","type":"post","link":"https:\/\/ovelanalista.com\/?p=144339","title":{"rendered":"Sheinbaum viajar\u00e1 a Espa\u00f1a a reuni\u00f3n de gobiernos progresistas"},"content":{"rendered":"<p style=\"text-align: left;\">La presidenta Sheinbaum confirm\u00f3 su asistencia a una reuni\u00f3n de gobiernos progresistas en Barcelona, Espa\u00f1a.<\/p>\n<p class=\"p1\">La presidenta\u00a0<a href=\"https:\/\/x.com\/Claudiashein\" target=\"_blank\" rel=\"noreferrer noopener\"><span class=\"s1\"><b>Claudia<\/b><\/span><\/a><b>\u00a0Sheinbaum Pardo<\/b>\u00a0anunci\u00f3 que el 18 de abril viajar\u00e1 a\u00a0<strong>Barcelona, Espa\u00f1a,<\/strong>\u00a0para asistir a una\u00a0<strong>reuni\u00f3n<\/strong>\u00a0de\u00a0<strong>gobiernos progresistas,\u00a0<\/strong>a la que acudir\u00e1n tambi\u00e9n los mandatarios de Colombia, Gustavo Petro; Brasil; Luiz In\u00e1cio Lula da Silva, y el anfitri\u00f3n, Pedro S\u00e1nchez, presidente del Gobierno de Espa\u00f1a.<\/p>\n<p>\u201cVoy a ir a Barcelona. El 18 (de abril), la pr\u00f3xima semana\u201d, anunci\u00f3 durante la conferencia matutina de Palacio Nacional de este viernes 10 de abril de 2026.<\/p>\n<p>La visita ocurre luego de que en meses recientes, M\u00e9xico y Espa\u00f1a han dado se\u00f1ales de distensi\u00f3n en sus relaciones bilaterales, tras tensiones por la solicitud del Gobierno mexicano de que la Corona espa\u00f1ola ofrezca una disculpa por los agravios de la conquista, con llamados a profundizar el di\u00e1logo hist\u00f3rico y pol\u00edtico entre ambas naciones.<\/p>\n<p>La mandataria mexicana se\u00f1al\u00f3 que la reuni\u00f3n fue una \u201cidea original\u201d del expresidente de Chile, Gabriel Boric, y revel\u00f3 que en ella estar\u00e1n presentes los l\u00edderes de Colombia, Brasil, Espa\u00f1a y el de Uruguay, Yamand\u00fa Orsi.<\/p>\n<p>\u201cFui invitada y ayer tom\u00e9 la decisi\u00f3n de que s\u00ed \u00edbamos a ir, o sea el 18 (de abril). En realidad, vamos un d\u00eda y venimos al otro para poder estar el 18 en Barcelona\u201d, precis\u00f3.<\/p>\n<p>Esta ser\u00e1 la primera vez que Sheinbaum visita Espa\u00f1a como presidenta de M\u00e9xico tras asumir el poder en octubre de 2024.<\/p>\n<p>La mandataria ha defendido en diversas ocasiones la solicitud de perd\u00f3n impulsada desde 2019 por el entonces presidente, Andr\u00e9s Manuel L\u00f3pez Obrador (2018-2024), recordando la tradici\u00f3n mexicana de solidaridad con Espa\u00f1a, especialmente durante la Rep\u00fablica y el exilio causado por el franquismo.<\/p>\n<p>Ante la falta de respuesta por Madrid, Sheinbaum Pardo no invit\u00f3 al rey Felipe VI a su investidura en 2024, lo que provoc\u00f3 que el Gobierno espa\u00f1ol de no enviara a ning\u00fan representante al acto en un hecho sin precedentes y gener\u00f3 una crisis diplom\u00e1tica entre ambos pa\u00edses.<\/p>\n<p>El mes pasado, el\u00a0<strong>rey Felipe VI<\/strong>\u00a0reconoci\u00f3 que en la conquista de Am\u00e9rica hubo \u201cmucho abuso\u201d, lo que Sheinbaum valor\u00f3 como un \u201cgesto de acercamiento\u201d del jefe de Estado espa\u00f1ol aunque a\u00f1adi\u00f3 que \u201chay que seguir trabajando\u201d en el proceso de reconocimiento hist\u00f3rico.<\/p>\n<p>Asimismo, la presidenta mexicana ha invitado al monarca espa\u00f1ol a asistir al\u00a0<strong>Mundial 2026<\/strong>, que se celebrar\u00e1 en M\u00e9xico, Estados Unidos y Canad\u00e1, del 11 de junio al 19 de julio.<\/p>\n<p class=\"p1\">Con informaci\u00f3n de EFE<\/p>\n","protected":false},"excerpt":{"rendered":"<p>La presidenta Sheinbaum confirm\u00f3 su asistencia a una reuni\u00f3n de gobiernos progresistas en Barcelona, Espa\u00f1a. La presidenta\u00a0Claudia\u00a0Sheinbaum Pardo\u00a0anunci\u00f3 que el 18 de abril viajar\u00e1 a\u00a0Barcelona, Espa\u00f1a,\u00a0para asistir a una\u00a0reuni\u00f3n\u00a0de\u00a0gobiernos progresistas,\u00a0a la que acudir\u00e1n tambi\u00e9n los mandatarios de Colombia, Gustavo Petro; Brasil; Luiz In\u00e1cio Lula da Silva, y el anfitri\u00f3n, Pedro S\u00e1nchez, presidente del Gobierno de Espa\u00f1a. \u201cVoy a ir a Barcelona. El 18 (de abril), la pr\u00f3xima semana\u201d, anunci\u00f3 durante la conferencia matutina de Palacio Nacional de este viernes 10 de abril de 2026. La visita ocurre luego de que en meses recientes, M\u00e9xico y Espa\u00f1a han dado se\u00f1ales de [&hellip;]<\/p>\n","protected":false},"author":3,"featured_media":144342,"comment_status":"open","ping_status":"open","sticky":false,"template":"","format":"standard","meta":{"_jetpack_newsletter_access":"","_jetpack_dont_email_post_to_subs":false,"_jetpack_newsletter_tier_id":0,"_jetpack_memberships_contains_paywalled_content":false,"_jetpack_feature_clip_id":0,"_jetpack_memberships_contains_paid_content":false,"footnotes":"","jetpack_publicize_message":"","jetpack_publicize_feature_enabled":true,"jetpack_social_post_already_shared":true,"jetpack_social_options":{"image_generator_settings":{"template":"highway","default_image_id":0,"font":"","enabled":false},"version":2},"jetpack_post_was_ever_published":false},"categories":[75],"tags":[],"class_list":["post-144339","post","type-post","status-publish","format-standard","has-post-thumbnail","hentry","category-nacional","post--single"],"jetpack_publicize_connections":[],"jetpack_featured_media_url":"https:\/\/ovelanalista.com\/wp-content\/uploads\/2026\/04\/sheinbaum-espana.jpg","jetpack_sharing_enabled":true,"_links":{"self":[{"href":"https:\/\/ovelanalista.com\/index.php?rest_route=\/wp\/v2\/posts\/144339","targetHints":{"allow":["GET"]}}],"collection":[{"href":"https:\/\/ovelanalista.com\/index.php?rest_route=\/wp\/v2\/posts"}],"about":[{"href":"https:\/\/ovelanalista.com\/index.php?rest_route=\/wp\/v2\/types\/post"}],"author":[{"embeddable":true,"href":"https:\/\/ovelanalista.com\/index.php?rest_route=\/wp\/v2\/users\/3"}],"replies":[{"embeddable":true,"href":"https:\/\/ovelanalista.com\/index.php?rest_route=%2Fwp%2Fv2%2Fcomments&post=144339"}],"version-history":[{"count":1,"href":"https:\/\/ovelanalista.com\/index.php?rest_route=\/wp\/v2\/posts\/144339\/revisions"}],"predecessor-version":[{"id":144343,"href":"https:\/\/ovelanalista.com\/index.php?rest_route=\/wp\/v2\/posts\/144339\/revisions\/144343"}],"wp:featuredmedia":[{"embeddable":true,"href":"https:\/\/ovelanalista.com\/index.php?rest_route=\/wp\/v2\/media\/144342"}],"wp:attachment":[{"href":"https:\/\/ovelanalista.com\/index.php?rest_route=%2Fwp%2Fv2%2Fmedia&parent=144339"}],"wp:term":[{"taxonomy":"category","embeddable":true,"href":"https:\/\/ovelanalista.com\/index.php?rest_route=%2Fwp%2Fv2%2Fcategories&post=144339"},{"taxonomy":"post_tag","embeddable":true,"href":"https:\/\/ovelanalista.com\/index.php?rest_route=%2Fwp%2Fv2%2Ftags&post=144339"}],"curies":[{"name":"wp","href":"https:\/\/api.w.org\/{rel}","templated":true}]}}