{"id":144350,"date":"2026-04-10T10:00:31","date_gmt":"2026-04-10T17:00:31","guid":{"rendered":"https:\/\/ovelanalista.com\/?p=144350"},"modified":"2026-04-10T10:00:31","modified_gmt":"2026-04-10T17:00:31","slug":"zapata-a-muerto","status":"publish","type":"post","link":"https:\/\/ovelanalista.com\/?p=144350","title":{"rendered":"Zapata a muerto"},"content":{"rendered":"<div><strong>TRANSICI\u00d3N<\/strong><\/div>\n<div><\/div>\n<div><\/div>\n<div>&#8220;La esperanza es lo \u00fanico m\u00e1s fuerte que el miedo.&#8221; \u2013 Presidente Snow (Los Juegos del Hambre).<\/div>\n<div><\/div>\n<div><strong>Oswaldo Villase\u00f1or<\/strong><\/div>\n<div><strong>@oswaldovillase<\/strong><\/div>\n<div><\/div>\n<div><\/div>\n<div>107 a\u00f1os despu\u00e9s del asesinato de Emiliano Zapata -10 de abril de 1919- hoy s\u00ed se puede decir. \u201cZapata ha muerto\u201d. Lo mat\u00f3 el gobierno. No el de Venustiano Carranza, sino el de la 4T.<\/div>\n<div><\/div>\n<div>El tiro de gracia, se lo dio la gente, el campesino por el que luch\u00f3 y por quien entreg\u00f3 su vida. Los nuevos liderazgos ya no conocen ni enarbolan los ideales de Zapata. Su legado dej\u00f3 de ser la bandera y el esp\u00edritu de lucha de los campesinos. Zapata ha muerto.<\/div>\n<div><\/div>\n<div>Primero el gobierno denigr\u00f3 su imagen al permitir la exhibici\u00f3n de un cuadro que lo retrata desnudo; montado en su caballo y con rasgos afeminados..Hoy ha culminado su obra. Ha matado su lucha y sus ideales.<\/div>\n<div><\/div>\n<div>Con su asesinato en 1919 se pretendi\u00f3 eliminar su influencia en el sector campesino. No se logr\u00f3. Lo convirtieron en un s\u00edmbolo inmortal para los mexicanos.<\/div>\n<div><\/div>\n<div>La frase pronunciada entre los generales que operaron su emboscada y asesinato -\u201cNosotros pensamos que matamos a Zapata y nada que lo hicimos vivir por siempre\u201d se mantuvo vigente hasta hoy.<\/div>\n<div><\/div>\n<div>Zapata ya es solo una simple leyenda. El s\u00edmbolo de la lucha agrarista por fin muri\u00f3. La \u00faltima estocada se la dio Andr\u00e9s Manuel L\u00f3pez Obrador y la hundi\u00f3 m\u00e1s, Claudia Sheinbaum. El campo est\u00e1 aniquilado y los nuevos l\u00edderes campesinos en nada se parecen a Zapata.<\/div>\n<div><\/div>\n<div>En el 2019 con la esperanza de la llegada de L\u00f3pez Obrador y su promesa de campa\u00f1a de hacerle justicia al campo y apoyar con un tanto igual o mayor al recibido por el pago de sus cosechas, la figura de Emiliano Zapata revivi\u00f3, pero como todo condenado a muerte, lo hizo para morir en forma definitiva.<\/div>\n<div><\/div>\n<div>Jorge Zapata, nieto de Emiliano Zapata dijo en Palacio Nacional tras decretar el 2019 como el a\u00f1o de Zapata.\u00a0 \u201cPor fin el pueblo ha despertado y vamos juntos con usted a reconstruir M\u00e9xico que nos lo entregan desgarrado y desangrado, con miles de desaparecidos. Somos millones de mexicanos en contra de unos cuantos miserables\u201d.<\/div>\n<div>Al final de su intervenci\u00f3n, grit\u00f3 con fuerza: \u201c\u00a1Viva M\u00e9xico, cabrones!\u201d<\/div>\n<div><\/div>\n<div>A\u00f1os despu\u00e9s, el mismo nieto de Emiliano Zapata fue el primero en desilusionarse y comprobar que hab\u00eda apoyado a quien a la postre ser\u00eda el asesino de los ideales de su abuelo.<\/div>\n<div><\/div>\n<div>Antier en el Senado de la Rep\u00fablica se realiz\u00f3 un homenaje a Emiliano Zapata, con motivo del 107 aniversario luctuoso. En esa ceremonia, el senador \u00c1ngel Garc\u00eda Y\u00e1\u00f1ez (PRI) record\u00f3 la lucha de Zapata por la justicia agraria, el reparto de tierras, los ejidos y los derechos de los campesinos y pueblos originarios. Todo es un simple recuerdo. Ya nada de eso queda.<\/div>\n<div><\/div>\n<div>Hoy el campo est\u00e1 olvidado. No es una prioridad para el gobierno mexicano y los nuevos liderazgos nom\u00e1s no dan una.<\/div>\n<div><\/div>\n<div>1.-Hoy la producci\u00f3n agr\u00edcola en M\u00e9xico se ha desplomado y eso lo sabe el gobierno. \u00bfQu\u00e9 hace para impulsar la producci\u00f3n a cuando menos los vol\u00famenes que se cosecharon todav\u00eda hasta el 2022 cuando el productor todav\u00eda pod\u00eda absorber sus p\u00e9rdidas? No hace nada y de paso sigue desalentado la producci\u00f3n agr\u00edcola.<\/div>\n<div><\/div>\n<div>2.-Se perdi\u00f3 la autosuficiencia en ma\u00edz Blanco. El ma\u00edz de la tortilla. Se increment\u00f3 la importaci\u00f3n en ma\u00edz amarillo. \u00bfY de qui\u00e9n es el negocio del control de los granos? Pues de la nueva familia en el poder aliados a los mismos grandes empresarios. Sin\u00a0 \u00a0Producci\u00f3n en M\u00e9xico m\u00e1s ganan ellos. El Ma\u00edz no vale, pero el precio de la tortilla sube.<\/div>\n<div><\/div>\n<div>3.-Se fracaso en el control del gusano barrenador del ganado y esto es causa de que siga cerrada la frontera a la exportaci\u00f3n de ganado mexicano. Otro duro golpe para la gente del campo criadora de ganado.<\/div>\n<div><\/div>\n<div>4.-El gobierno desmantel\u00f3 los programas de apoyos a la productividad. Pero adem\u00e1s, desapareci\u00f3 los programas de apoyo a los productores para impulsar la tecnificaci\u00f3n del riego<\/div>\n<div><\/div>\n<div>5.-Tambi\u00e9n desapareci\u00f3 los programas de apoyo a la agricultura protegida(invernaderos) y el programa de apoyo de aseguramiento a las cosechas.<\/div>\n<div><\/div>\n<div>6.-Pero todav\u00eda hay m\u00e1s. Desaparecido el apoyo a la comercializaci\u00f3n que ha sido el mayor golpe al campo ante la ca\u00edda de precios en el mercado internacional.<\/div>\n<div><\/div>\n<div>El extensionismo agr\u00edcola, que es la ayuda profesional a los hombres del campo para producir mas y mejor dej\u00f3 de prestarse.<\/div>\n<div><\/div>\n<div>La investigaci\u00f3n agr\u00edcola se desplom\u00f3 y al INIFAP se le asigna un raqu\u00edtico presupuesto.<\/div>\n<div><\/div>\n<div>Pero lo m\u00e1s grave de todo, en el pasado sexenio de L\u00f3pez obrador se decret\u00f3, que la responsabilidad de la sanidad agr\u00edcola, ser\u00eda de las empresas importadoras y no de SENASICA. El SENASICA es un organismo vital para el campo.<\/div>\n<div><\/div>\n<div>7.-Y la \u00faltima estocada fue la desaparici\u00f3n de la Banca de Desarrollo Rural o mejor conocida como Financiera Rural que permit\u00eda a los productores tener cr\u00e9ditos oportunos y baratos para realizar sus actividades. Hoy tampoco se tiene.<\/div>\n<div><\/div>\n<div>8.-As\u00ed se dio de forma gradual el desmantelamiento del campo hasta perder la rentabilidad. Los costos de producci\u00f3n se incrementan y los precios de los productos se desploman.<\/div>\n<div><\/div>\n<div>El negocio para quienes lo hacen en este pa\u00eds bajo el amparo del poder presidencial es redondo. Ganan mucho dinero importando todo lo que antes de produc\u00eda en M\u00e9xico, controlan el mercado y precios y las ganancias son mayores.<\/div>\n<div><\/div>\n<div>Pero adem\u00e1s, el gobierno deja de destinar mucho dinero en los programas de apoyo al campo. Los campesinos y productores ahora tendr\u00e1n que conformarse con la pensi\u00f3n del bienestar que les da el gobierno. Ya no tiene m\u00e1s apoyo y sus tierras que antes rentaba, hoy ya muchas quedaron ociosas. En Sinaloa este a\u00f1o, quedaron sin sembrase m\u00e1s de 300 mil hect\u00e1reas y la renta baj\u00f3 de 15 Mil a 9 o 10 pesos en promedio.<\/div>\n<div><\/div>\n<div>\u00bfY si as\u00ed de grave es la situaci\u00f3n en el campo, porque tanta tranquilidad? Zapata ha muerto, 107 a\u00f1os despu\u00e9s de su asesinato.<\/div>\n<div>Habr\u00e1 que estar pendientes.<\/div>\n<div><\/div>\n<div>PASO A PASITO.-Muchos me preguntan por \u201cEl Nado de la Culebra\u201d que lleva oculto la difusi\u00f3n de una simple medici\u00f3n entre 100 empresarios de Sinaloa donde Agust\u00edn Coppel Luken puntea como el preferido para gobernar Sinaloa.<\/div>\n<div><\/div>\n<div>No hay que desesperarse. El nado contin\u00faa y a\u00fan no queda claro cu\u00e1l es la ruta que sigue. Ya da se\u00f1ales, pero el nado a\u00fan no termina. \u00bfSe podr\u00e1 dar un avance de la ruta? Comprometida para ma\u00f1ana.<\/div>\n<div><\/div>\n<div>OTRO PASITO.-El nuevo Poder Judicial, el que escogi\u00f3 \u201cel pueblo\u201d se vuelve contra el mismo pueblo y protege a los nuevos poderosos. Hoy la Corte exoner\u00f3 a la Marina de toda culpa del accidente del Tren Interoce\u00e1nico y culp\u00f3 a los conductores de las 14 muertes.<\/div>\n<div><\/div>\n<div>Pero la misma Corte le permite al gobierno que la UIF le pueda congelar las cuentas bancarias al pueblo.<\/div>\n<div><\/div>\n<div>Lq permite a Morena, partido en el poder hacer campa\u00f1a fuera de los tiempos de ley y de paso le permite agarrar los fondos de retiro de la gente -Afores- para usarlos en nombre del bienestar del pueblo.<\/div>\n<div><\/div>\n<div>\u00bfEntonces el nuevo Poder Judicial est\u00e1 para servir al Pueblo, o para servir a la nueva clase en el Poder Gubernamental? Saque sus cuentas.<\/div>\n<div><\/div>\n<div>PASITO CH\u00c9VERE.-<\/div>\n<div>S\u00edguenos En:<\/div>\n<div>Ovelanalista.com<\/div>\n<div>Twitteer.- @oswaldo villase<\/div>\n<div>Facebook.-OV El Analista<\/div>\n<div>Televisi\u00f3n.<\/div>\n<div>Megacanal canal 151 y 1151 de lunes a viernes de 1:30 a 2 de la tarde y s\u00e1bados de 11 a 12.<\/div>\n<div>RADIO<\/div>\n<div>Conexi\u00f3n Sinaloa con Gabriel Cota<\/div>\n<div>CDMX y todo el pa\u00eds.<\/div>\n<div>Indice pol\u00edtico.com.<\/div>\n<div>La Pol\u00edtica OnLine.com<\/div>\n<div>La Aurora de M\u00e9xico.com<\/div>\n<div>El Arsenal.Net<\/div>\n<div>WhatsApp. 6681640391 m\u00e1ndanos un mensaje y recibe nuestra informaci\u00f3n.<\/div>\n","protected":false},"excerpt":{"rendered":"<p>TRANSICI\u00d3N &#8220;La esperanza es lo \u00fanico m\u00e1s fuerte que el miedo.&#8221; \u2013 Presidente Snow (Los Juegos del Hambre). Oswaldo Villase\u00f1or @oswaldovillase 107 a\u00f1os despu\u00e9s del asesinato de Emiliano Zapata -10 de abril de 1919- hoy s\u00ed se puede decir. \u201cZapata ha muerto\u201d. Lo mat\u00f3 el gobierno. No el de Venustiano Carranza, sino el de la 4T. El tiro de gracia, se lo dio la gente, el campesino por el que luch\u00f3 y por quien entreg\u00f3 su vida. Los nuevos liderazgos ya no conocen ni enarbolan los ideales de Zapata. Su legado dej\u00f3 de ser la bandera y el esp\u00edritu de [&hellip;]<\/p>\n","protected":false},"author":3,"featured_media":139858,"comment_status":"open","ping_status":"open","sticky":false,"template":"","format":"standard","meta":{"_jetpack_newsletter_access":"","_jetpack_dont_email_post_to_subs":false,"_jetpack_newsletter_tier_id":0,"_jetpack_memberships_contains_paywalled_content":false,"_jetpack_feature_clip_id":0,"_jetpack_memberships_contains_paid_content":false,"footnotes":"","jetpack_publicize_message":"","jetpack_publicize_feature_enabled":true,"jetpack_social_post_already_shared":true,"jetpack_social_options":{"image_generator_settings":{"template":"highway","default_image_id":0,"font":"","enabled":false},"version":2},"jetpack_post_was_ever_published":false},"categories":[91],"tags":[],"class_list":["post-144350","post","type-post","status-publish","format-standard","has-post-thumbnail","hentry","category-transicion","post--single"],"jetpack_publicize_connections":[],"jetpack_featured_media_url":"https:\/\/ovelanalista.com\/wp-content\/uploads\/2026\/02\/WhatsApp-Image-2026-02-03-at-10.59.53-AM.jpeg","jetpack_sharing_enabled":true,"_links":{"self":[{"href":"https:\/\/ovelanalista.com\/index.php?rest_route=\/wp\/v2\/posts\/144350","targetHints":{"allow":["GET"]}}],"collection":[{"href":"https:\/\/ovelanalista.com\/index.php?rest_route=\/wp\/v2\/posts"}],"about":[{"href":"https:\/\/ovelanalista.com\/index.php?rest_route=\/wp\/v2\/types\/post"}],"author":[{"embeddable":true,"href":"https:\/\/ovelanalista.com\/index.php?rest_route=\/wp\/v2\/users\/3"}],"replies":[{"embeddable":true,"href":"https:\/\/ovelanalista.com\/index.php?rest_route=%2Fwp%2Fv2%2Fcomments&post=144350"}],"version-history":[{"count":1,"href":"https:\/\/ovelanalista.com\/index.php?rest_route=\/wp\/v2\/posts\/144350\/revisions"}],"predecessor-version":[{"id":144354,"href":"https:\/\/ovelanalista.com\/index.php?rest_route=\/wp\/v2\/posts\/144350\/revisions\/144354"}],"wp:featuredmedia":[{"embeddable":true,"href":"https:\/\/ovelanalista.com\/index.php?rest_route=\/wp\/v2\/media\/139858"}],"wp:attachment":[{"href":"https:\/\/ovelanalista.com\/index.php?rest_route=%2Fwp%2Fv2%2Fmedia&parent=144350"}],"wp:term":[{"taxonomy":"category","embeddable":true,"href":"https:\/\/ovelanalista.com\/index.php?rest_route=%2Fwp%2Fv2%2Fcategories&post=144350"},{"taxonomy":"post_tag","embeddable":true,"href":"https:\/\/ovelanalista.com\/index.php?rest_route=%2Fwp%2Fv2%2Ftags&post=144350"}],"curies":[{"name":"wp","href":"https:\/\/api.w.org\/{rel}","templated":true}]}}