{"id":144351,"date":"2026-04-10T10:18:27","date_gmt":"2026-04-10T17:18:27","guid":{"rendered":"https:\/\/ovelanalista.com\/?p=144351"},"modified":"2026-04-10T10:18:27","modified_gmt":"2026-04-10T17:18:27","slug":"si-me-espero-al-2033-voy-a-ir-en-silla-de-ruedas-felix-salgado","status":"publish","type":"post","link":"https:\/\/ovelanalista.com\/?p=144351","title":{"rendered":"\u201cSi me espero al 2033, voy a ir en silla de ruedas\u201d: F\u00e9lix Salgado"},"content":{"rendered":"<p><strong><span lang=\"ES-TRAD\">Francisco Garfias.<\/span><\/strong><\/p>\n<p><span lang=\"ES-TRAD\">Los morenistas F\u00e9lix Salgado y Beatriz Mujica platicaban en los pasillos del sal\u00f3n de sesiones del Senado. Ambos son de Guerrero.\u00a0<\/span><\/p>\n<p><span lang=\"ES-TRAD\">Ambos buscan la candidatura a gobernador (a) de ese estado, pero tienen un obst\u00e1culo com\u00fan.\u00a0\u00a0<\/span><\/p>\n<p><span lang=\"ES-TRAD\">Ese obst\u00e1culo se llama Estela Dami\u00e1n. Es la consejera jur\u00eddica de la presidencia de la Rep\u00fablica y la supuesta carta de Claudia Sheinbaum para suceder a la gobernadora Evelyn Salgado, hija de F\u00e9lix.\u00a0\u00a0\u00a0\u00a0\u00a0\u00a0<\/span><\/p>\n<p><span lang=\"ES-TRAD\">Me acerqu\u00e9 a Mujica y Salgado para preguntarles a bocajarro: \u00bfQui\u00e9n de los dos va a gobernar Guerrero?\u00a0\u00a0<\/span><\/p>\n<p><span lang=\"ES-TRAD\">\u201cSi es candidata mujer, ella; si es hombre, yo\u2026\u201c revir\u00f3, categ\u00f3rico, Salgado.<\/span><\/p>\n<p><span lang=\"ES-TRAD\">Le recordamos que el estatuto de Morena le impide ser candidato del\u00a0\u00a0guinda por la prohibici\u00f3n del nepotismo que se plasm\u00f3 en los estatutos de ese partido.\u00a0<\/span><\/p>\n<p><span lang=\"ES-TRAD\">F\u00e9lix dice que en su caso no es nepotismo. Argumenta que los candidatos de Morena\u00a0\u00a0se van a elegir en encuesta. Evoc\u00f3 el primer mandamiento de la 4T. \u201cEl pueblo manda \u00bfNo?\u201d, pregunt\u00f3.<\/span><\/p>\n<p><span lang=\"ES-TRAD\">La senadora morenista, Sasil de Le\u00f3n, estaba en el esca\u00f1o de junto. Escuch\u00f3 involuntariamente la conversaci\u00f3n. Intervino: \u201cEsp\u00e9rate al 2033\u201d sugiri\u00f3 a F\u00e9lix.<\/span><\/p>\n<p><span lang=\"ES-TRAD\">Y \u00e9ste le respondi\u00f3, de botepronto: \u201csi me espero hasta el 33, voy a ir en silla de ruedas. Tengo setenta a\u00f1os\u201d.<\/span><\/p>\n<p><span lang=\"ES-TRAD\">***<\/span><\/p>\n<p><span lang=\"ES-TRAD\">Las elecciones del 2027 representan un reto pol\u00edtico interno para Morena y aliados.\u00a0\u00a0\u00a0<\/span><\/p>\n<p><span lang=\"ES-TRAD\">En juego est\u00e1n 17 gubernaturas, 500 curules de diputados federales, m\u00e1s de 2 mil presidencias municipales, y la mitad de jueces y magistrados.\u00a0\u00a0<\/span><\/p>\n<p><span lang=\"ES-TRAD\">Sobran aspirantes, faltan candidaturas. Todo mundo quiere llevar agua a su molino y poner su delf\u00edn. La bronca es que no hay una figura que los unifique como la de L\u00f3pez Obrador.\u00a0\u00a0\u00a0<\/span><\/p>\n<p><span lang=\"ES-TRAD\">En corto ya se habla de \u201cjaloneos\u201d entre la presidenta Sheinbaum y AMLO y de all\u00ed para abajo. Los gobernadores quieren poner a sus candidatos y las corrientes internas a los suyos.\u00a0<\/span><\/p>\n<p><i><span lang=\"ES-TRAD\">El Peje\u00a0<\/span><\/i><span lang=\"ES-TRAD\">est\u00e1 retirado formalmente de la escena p\u00fablica, pero mantiene su influencia pol\u00edtica en Morena y en la 4T.\u00a0\u00a0La parte radical del guinda lo sigue considerando el \u201cjefe m\u00e1ximo\u201d del Movimiento.\u00a0<\/span><\/p>\n<p><span lang=\"ES-TRAD\">Su ausencia crea un vac\u00edo de poder que genera pugnas internas. Su opini\u00f3n pesa fuerte al interior del Movimiento.\u00a0\u00a0\u00a0\u00a0\u00a0\u00a0\u00a0\u00a0\u00a0\u00a0\u00a0\u00a0\u00a0<\/span><\/p>\n<p><span lang=\"ES-TRAD\">La presidenta es la figura con mayor poder formal.\u00a0\u00a0Ella y miembros de su equipo (Luisa Mar\u00eda Alcalde a la cabeza) son quienes definen las reglas para las candidaturas. Su visi\u00f3n es de \u201ccontinuidad con cambios\u201d.<\/span><\/p>\n<p>Sheinbaum busca consolidar su propio equipo y evitar que el movimiento se convierta en un desorden de \u201cherederos de la corona\u201d (lease Andy).<\/p>\n<p>Los aliados del PT y del PVEM no se le cuadran a la presidenta como al tabasque\u00f1o. Lo vimos con la reforma electoral y con el Plan B. Tambi\u00e9n quieren su parte en el reparto de las candidaturas y se van a poner exigentes.<\/p>\n<p>***<\/p>\n<p><span lang=\"ES-TRAD\">Ya que estamos. Nos hicieron llegar una encuesta de\u00a0<i>Massive Caller\u00a0<\/i>sobre la intenci\u00f3n de voto para la gubernatura de Baja California.\u00a0<\/span><\/p>\n<p><span lang=\"ES-TRAD\">Puntea la coalici\u00f3n Morena-PT-PVEM con el 35.4 por ciento; seguida por el PAN,\u00a0\u00a026.7 %; el PRI, 14.2 % y MC, 10.4%.<\/span><\/p>\n<p><span lang=\"ES-TRAD\">La pelea por la candidatura de la coalici\u00f3n oficialista esta muy apretada. Ente el primero y el cuarto aspirante s\u00f3lo hay 6.4 puntos de diferencia.\u00a0<\/span><\/p>\n<p><span lang=\"ES-TRAD\">Encabeza Christian Agundes G\u00f3mez, 22.6 %; Milena Quiroga Romero, 20.1%; Manuel Cota C\u00e1rdenas, 16.2% y Rub\u00e9n Mu\u00f1oz, 16.2%.<\/span><\/p>\n<p><span lang=\"ES-TRAD\">Un empuj\u00f3n a cualquiera de ellos y gana.<\/span><\/p>\n<p><span lang=\"ES-TRAD\">***<\/span><\/p>\n<p><span lang=\"ES-TRAD\">Jos\u00e9 Luis Esquivel Zubiri es uno los casi 400 aspirantes a ocupar las plazas que dejaron libres los tres consejeros del INE, cuyo per\u00edodo termin\u00f3 el pasado 4 de abril.\u00a0\u00a0\u00a0\u00a0<\/span><\/p>\n<p><span lang=\"ES-TRAD\">Este acad\u00e9mico especializado en el \u00e1rea jur\u00eddica, doctor en derecho, con 25 a\u00f1os de trayectoria en la UNAM (Fes Arag\u00f3n) no tiene padrinos, pero s\u00ed confianza en la palabra de la presidenta Sheinbaum de que no habr\u00e1 cuates ni cuotas en la designaci\u00f3n de los nuevos consejeros.<\/span><\/p>\n<p><span lang=\"ES-TRAD\">En 1999 fue consejero electoral distrital por el IEDF y actualmente se desempe\u00f1a como asesor jur\u00eddico de la alcald\u00eda de Iztapalapa.\u00a0<\/span><\/p>\n<p><span lang=\"ES-TRAD\">Todav\u00eda no\u00a0\u00a0hay una lista oficial de los 184 aspirantes que pasaron el examen \u2013de casi 400 \u2014ni de los 100 que ir\u00e1n a entrevistas.\u00a0<\/span><\/p>\n<p><span lang=\"ES-TRAD\">El cabildeo pol\u00edtico es intenso. Hay perfiles que se mencionan como los m\u00e1s fuertes.\u00a0<\/span><\/p>\n<p><span lang=\"ES-TRAD\">En los corrillos se dice que tienen el apoyo de Ricardo Monreal, del gobierno federal, o que son del equipo de Guadalupe Taddei. El coordinador de la bancada de Morena en San L\u00e1zaro niega haber recibido o apoyado a alguno de los aspirantes.\u00a0<\/span><\/p>\n<p><span lang=\"ES-TRAD\">Entre los que traen padrinazgos se menciona a Bernardo Valle, apoyado por Bucareli; Patricia Avenda\u00f1o, titular del Instituto Electoral de la CDMX; Adolfo Aguilar Montero y Armando Ambriz, ambos cercanos a Monreal; y Publio Rivera.<\/span><\/p>\n<p><span lang=\"ES-TRAD\">Hay tambi\u00e9n seis directivos cercanos a la consejera presidenta del INE,\u00a0\u00a0Guadalupe Taddei: Jes\u00fas Octavio Garc\u00eda, Roberto Carlos Feliz L\u00f3pez, Juan Manuel Vel\u00e1zquez, Jes\u00fas Ancira, Pedro Pablo Chirinos y Arlene Cabral.\u00a0\u00a0\u00a0\u00a0\u00a0\u00a0<\/span><\/p>\n<p><span lang=\"ES-TRAD\">El proceso deber\u00e1 concluirse el pr\u00f3ximo 28 de abril.<\/span><\/p>\n<p><strong><span lang=\"ES-TRAD\">FIN.<\/span><\/strong><\/p>\n","protected":false},"excerpt":{"rendered":"<p>Francisco Garfias. Los morenistas F\u00e9lix Salgado y Beatriz Mujica platicaban en los pasillos del sal\u00f3n de sesiones del Senado. Ambos son de Guerrero.\u00a0 Ambos buscan la candidatura a gobernador (a) de ese estado, pero tienen un obst\u00e1culo com\u00fan.\u00a0\u00a0 Ese obst\u00e1culo se llama Estela Dami\u00e1n. Es la consejera jur\u00eddica de la presidencia de la Rep\u00fablica y la supuesta carta de Claudia Sheinbaum para suceder a la gobernadora Evelyn Salgado, hija de F\u00e9lix.\u00a0\u00a0\u00a0\u00a0\u00a0\u00a0 Me acerqu\u00e9 a Mujica y Salgado para preguntarles a bocajarro: \u00bfQui\u00e9n de los dos va a gobernar Guerrero?\u00a0\u00a0 \u201cSi es candidata mujer, ella; si es hombre, yo\u2026\u201c revir\u00f3, categ\u00f3rico, [&hellip;]<\/p>\n","protected":false},"author":3,"featured_media":104284,"comment_status":"open","ping_status":"open","sticky":false,"template":"","format":"standard","meta":{"_jetpack_newsletter_access":"","_jetpack_dont_email_post_to_subs":false,"_jetpack_newsletter_tier_id":0,"_jetpack_memberships_contains_paywalled_content":false,"_jetpack_feature_clip_id":0,"_jetpack_memberships_contains_paid_content":false,"footnotes":"","jetpack_publicize_message":"","jetpack_publicize_feature_enabled":true,"jetpack_social_post_already_shared":true,"jetpack_social_options":{"image_generator_settings":{"template":"highway","default_image_id":0,"font":"","enabled":false},"version":2},"jetpack_post_was_ever_published":false},"categories":[79],"tags":[],"class_list":["post-144351","post","type-post","status-publish","format-standard","has-post-thumbnail","hentry","category-columnistas-nacionales","post--single"],"jetpack_publicize_connections":[],"jetpack_featured_media_url":"https:\/\/ovelanalista.com\/wp-content\/uploads\/2024\/09\/Garfias-5-2.jpg","jetpack_sharing_enabled":true,"_links":{"self":[{"href":"https:\/\/ovelanalista.com\/index.php?rest_route=\/wp\/v2\/posts\/144351","targetHints":{"allow":["GET"]}}],"collection":[{"href":"https:\/\/ovelanalista.com\/index.php?rest_route=\/wp\/v2\/posts"}],"about":[{"href":"https:\/\/ovelanalista.com\/index.php?rest_route=\/wp\/v2\/types\/post"}],"author":[{"embeddable":true,"href":"https:\/\/ovelanalista.com\/index.php?rest_route=\/wp\/v2\/users\/3"}],"replies":[{"embeddable":true,"href":"https:\/\/ovelanalista.com\/index.php?rest_route=%2Fwp%2Fv2%2Fcomments&post=144351"}],"version-history":[{"count":1,"href":"https:\/\/ovelanalista.com\/index.php?rest_route=\/wp\/v2\/posts\/144351\/revisions"}],"predecessor-version":[{"id":144355,"href":"https:\/\/ovelanalista.com\/index.php?rest_route=\/wp\/v2\/posts\/144351\/revisions\/144355"}],"wp:featuredmedia":[{"embeddable":true,"href":"https:\/\/ovelanalista.com\/index.php?rest_route=\/wp\/v2\/media\/104284"}],"wp:attachment":[{"href":"https:\/\/ovelanalista.com\/index.php?rest_route=%2Fwp%2Fv2%2Fmedia&parent=144351"}],"wp:term":[{"taxonomy":"category","embeddable":true,"href":"https:\/\/ovelanalista.com\/index.php?rest_route=%2Fwp%2Fv2%2Fcategories&post=144351"},{"taxonomy":"post_tag","embeddable":true,"href":"https:\/\/ovelanalista.com\/index.php?rest_route=%2Fwp%2Fv2%2Ftags&post=144351"}],"curies":[{"name":"wp","href":"https:\/\/api.w.org\/{rel}","templated":true}]}}