{"id":144359,"date":"2026-04-10T11:09:41","date_gmt":"2026-04-10T18:09:41","guid":{"rendered":"https:\/\/ovelanalista.com\/?p=144359"},"modified":"2026-04-10T11:09:41","modified_gmt":"2026-04-10T18:09:41","slug":"congelar-cuentas-bancarias-sin-mediacion-judicial-o-aprender-a-interpretar-la-norma","status":"publish","type":"post","link":"https:\/\/ovelanalista.com\/?p=144359","title":{"rendered":"\u00bfCongelar cuentas bancarias sin mediaci\u00f3n judicial o aprender a interpretar la norma?"},"content":{"rendered":"<div class=\"b-story-subheadline\">\n<p class=\"c-headline\"><strong>H\u00e9ctor Calder\u00f3n Hallal reflexiona sobre el sistema jur\u00eddico en torno a la decisi\u00f3n de la SCJN de declarar como constitucional la facultad de la UIF para bloquear cuentas bancarias unilateralmente.<\/strong><\/p>\n<p><strong>Por\u00a0H\u00e9ctor Calder\u00f3n Hallal<\/strong><\/p>\n<\/div>\n<div class=\"b-story-image\">\n<p class=\"c-custom-paragraph\">Personificando a la \u201cgenuina adalid del sistema financiero mexicano\u201d, esta nueva ministra de la Suprema Corte de Justicia de la Naci\u00f3n (<b>SCJN<\/b>),\u00a0<a title=\"https:\/\/www.sdpnoticias.com\/mexico\/quien-es-lenia-batres-guadarrama-la-hermana-de-marti-batres-que-integra-la-terna-de-amlo-para-ser-ministra-de-la-scjn\/\" href=\"https:\/\/www.sdpnoticias.com\/mexico\/quien-es-lenia-batres-guadarrama-la-hermana-de-marti-batres-que-integra-la-terna-de-amlo-para-ser-ministra-de-la-scjn\/\" target=\"_blank\" rel=\"noopener\">Lenia Batres Guadarrama<\/a>, encabeza los impulsos del actual gobierno federal en su pretensi\u00f3n de que la Unidad de Inteligencia Financiera (<b>UIF<\/b>), pueda\u00a0<a title=\"https:\/\/www.sdpnoticias.com\/mexico\/scjn-avala-bloqueo-de-cuentas-de-la-uif-y-alcanza-a-salinas-pliego\/\" href=\"https:\/\/www.sdpnoticias.com\/mexico\/scjn-avala-bloqueo-de-cuentas-de-la-uif-y-alcanza-a-salinas-pliego\/\" target=\"_blank\" rel=\"noopener\">bloquear cuentas bancarias sin intervenci\u00f3n<\/a>\u00a0del hoy extraviado personaje de la vida p\u00fablica nacional, aquel en quien reca\u00eda la\u00a0<b>representaci\u00f3n social<\/b>\u00a0de la poblaci\u00f3n en cualquier conflicto de car\u00e1cter legal, desde agosto de 1919 y gracias al impulso de Venustiano Carranza; lo dir\u00e9 de una vez:\u00a0<b>sin la intervenci\u00f3n<\/b>\u00a0del agente del\u00a0<b>Ministerio P\u00fablico<\/b>.<\/p>\n<p class=\"c-custom-paragraph\">Ahora s\u00ed, la situaci\u00f3n amenaza con poner \u00a1a peso el kilo de ca\u2026 labaza!, pues bajo el argumento de que\u00a0<b>no constituye una sanci\u00f3n<\/b>\u00a0\u201ces solo una medida cautelar\u201d, los ministros de la\u00a0<b>SCJN\u00a0<\/b>votaron e hicieron mayor\u00eda el lunes en el pleno, para validar y habilitar al brazo\u00a0<b>investigador financiero<\/b>\u00a0del gobierno, la UIF, a fin de que pueda ejecutar el bloqueo de cuentas bancarias sin mediar, para tal efecto, orden judicial o punto resolutivo de Ministerio P\u00fablico alguno.<\/p>\n<p class=\"c-custom-paragraph\">De acuerdo. El criterio bien puede ser anunciado desde el gobierno como una medida cautelar administrativa y preventiva para\u00a0<b>proteger el sistema financiero nacional<\/b>; que incluso \u201cest\u00e1 orientada en su aplicaci\u00f3n para prevenir al pa\u00eds de operaciones inusuales vinculadas a actividades il\u00edcitas, en el contexto actual del sistema financiero\u201d.<\/p>\n<p class=\"c-custom-paragraph\">Pero, aunque esta vez nos presenten -simult\u00e1neamente- este grave atrevimiento contra el\u00a0<b>derecho a la propiedad privada<\/b>, contra la intimidad y en alguna medida contra los\u00a0<b>derechos humanos<\/b>\u00a0de los ahorradores y de la poblaci\u00f3n en general, pues en la misma sesi\u00f3n votaron y acordaron la\u00a0<b>negaci\u00f3n al amparo<\/b>\u00a0para la empresa estadounidense Fresh Packing Corporation, propiedad de Vicente Zambada Zazueta \u2014supuesto sobrino de Ismael \u201c<b>El Mayo<\/b>\u201d Zambada\u2014 por presuntos v\u00ednculos con el crimen organizado\u2026 aunque hayan hecho un derroche de justificaci\u00f3n moral ante la opini\u00f3n p\u00fablica -se insiste- en M\u00e9xico la gente no solo intuye, realmente sabe, porque el pueblo mexicano es sabio: ese cambio de criterios jurisprudenciales votado y aprobado el pasado lunes por el pleno de la SCJN tiene una clara dedicatoria, hacia\u00a0<a title=\"https:\/\/www.sdpnoticias.com\/negocios\/quien-es-ricardo-salinas-pliego-el-polemico-empresario-mexicano-que-siempre-da-de-que-hablar\/\" href=\"https:\/\/www.sdpnoticias.com\/negocios\/quien-es-ricardo-salinas-pliego-el-polemico-empresario-mexicano-que-siempre-da-de-que-hablar\/\" target=\"_blank\" rel=\"noopener\">Ricardo Salinas Pliego<\/a>, hoy deliberado\u00a0<b>enemigo pol\u00edtico<\/b>\u00a0del r\u00e9gimen y muy seguramente\u00a0<b>candidato opositor<\/b>\u00a0a la presidencia de la Rep\u00fablica.<\/p>\n<p class=\"c-custom-paragraph\">Y si esto es as\u00ed, \u00bfpor qu\u00e9 no pensar que esta novedad de los juzgadores, tambi\u00e9n est\u00e9 enderezada contra todo aquel ciudadano que se declare en contra de la ideolog\u00eda pol\u00edtica del gobierno actual? \u00bfC\u00f3mo no imaginar que esta pueda convertirse en una herramienta de\u00a0<b>revancha pol\u00edtica<\/b>\u00a0de los pol\u00edticos actualmente empoderados, contra sus \u201ceternos enemigos\u201d de la transformaci\u00f3n y \u201cdefensores de privilegios\u201d?<\/p>\n<p class=\"c-custom-paragraph\">O que en uno de esos \u201cajustes\u201d del gobierno al electorado \u201cindeciso,\u201d el\u00a0<b>oficialismo<\/b>\u00a0en alg\u00fan estado o regi\u00f3n del pa\u00eds le aviente la sanci\u00f3n o la amenaza de sanci\u00f3n, a particulares \u201csi no jalan parejo\u201d.<\/p>\n<p class=\"c-custom-paragraph\">Porque ese\u00a0<b>cambio de criterios jurisprudenciales<\/b>\u00a0votado y aprobado el pasado lunes por el pleno de la SCJN, por seis votos a tres, en un proyecto de la ministra\u00a0<b>Lorena Ortiz Ahlf<\/b>, sustentado en la acci\u00f3n de\u00a0<b>inconstitucionalidad<\/b>\u00a058\/2022 (promovida por legisladores opositores a\u00a0<b>Morena<\/b>) y por el que se declar\u00f3 constitucional finalmente el art\u00edculo 116 Bis 2, de la Ley de Instituciones de Cr\u00e9dito y que, permite a la UIF incluir personas en la\u00a0<b>lista de bloqueados<\/b>\u00a0por motivos de origen nacional, constituye de nuevo, una nueva forma o manifestaci\u00f3n de \u201ccomplejidad\u201d para el estudio del derecho, no solo en M\u00e9xico, sino en el mundo.<\/p>\n<p class=\"c-custom-paragraph\">El debate c\u00edclico al que cada \u00e9poca que llega y borra a la anterior, nos convocan los principales exponentes del derecho, la filosof\u00eda y la sociolog\u00eda del derecho, sobre la funcionalidad y los fines del derecho y el Estado en general, tienen esencialmente una misma motivaci\u00f3n: las\u00a0<b>cargas pol\u00edtica\u00a0<\/b>y<b>\u00a0moral<\/b>\u00a0del gobierno en turno, o del partido hegem\u00f3nico del momento.<\/p>\n<p class=\"c-custom-paragraph\">Aut\u00e9nticas\u00a0<i>guerras de papel<\/i>\u00a0(a base de ep\u00edstolas moralinas y reproches de una \u00e9tica decimon\u00f3nica) han sido las sostenidas en el\u00a0<b>foro jur\u00eddico internacional<\/b>\u00a0en los \u00faltimos dos siglos por uno y otro bando: los que sostienen que el derecho debe tener un lenguaje mecanicista, organicista y estrictamente abstracto, despojado de pol\u00edtica, moralidad y \u00e9tica, para que pueda dirimir y distribuir justicia de manera imparcial y despojada de la\u00a0<b>influencia de la pol\u00edtica<\/b>, la moral, la \u00e9tica y otros factores y los otros, que defienden la idea de que no hay legisladores ni juzgadores ni pr\u00edncipes apol\u00edticos, pues todos al final, tienen una motivaci\u00f3n o condici\u00f3n pol\u00edtica por la que abogan y terminan contaminando sus decisiones que la aplicaci\u00f3n del derecho no solo debe implicar la interpretaci\u00f3n literal de la norma, sino voltear a ver los principios y las\u00a0<b>directrices pol\u00edticas<\/b>\u00a0respectivas, del momento\u2026<\/p>\n<p class=\"c-custom-paragraph\">Particularmente, el reproche hecho al jurista austr\u00edaco y principal exponente del positivismo jur\u00eddico,\u00a0<b>Hans Kelsen<\/b>, sobre su fin\u00edsima pieza de relojer\u00eda fina y de alta precisi\u00f3n que, sin duda, constituye su obra cumbre,\u00a0<i>La Teor\u00eda pura del Derecho<\/i>.<\/p>\n<p class=\"c-custom-paragraph\">Ah\u00ed est\u00e1n las arteras cr\u00edticas de\u00a0<b>Jerome Frank<\/b>\u00a0y\u00a0<b>Oliver Wendell Holmes jr.<\/b>, exponentes del\u00a0<b>realismo jur\u00eddico estadounidense<\/b>, en sus afanes de separar el \u201cser\u201d del \u201cdeber ser\u201d en las decisiones vinculadas al derecho, resaltando el comportamiento efectivo de jueces en los tribunales. (\u00bfQui\u00e9n es el juzgador, su entorno\u2026 hacia d\u00f3nde se va a cargar?).<\/p>\n<p class=\"c-custom-paragraph\">\u00bfY qu\u00e9 decir del\u00a0<b>realismo jur\u00eddico escandinavo<\/b>\u00a0(Alf Ross, Karl Olivecrona) de mediados del siglo XX o del\u00a0<b>realismo genov\u00e9s<\/b>\u00a0de la actualidad (Giovanni Tarello, Riccardo Guastini)?<\/p>\n<p class=\"c-custom-paragraph\">Es hora que no bajan del madero en el que, con persistente frecuencia, crucifican al\u00a0<i>cristo del positivismo<\/i>, a ese Hans Kelsen a quien nos referimos.<\/p>\n<p class=\"c-custom-paragraph\">Y as\u00ed conforme se construyan nuevas corrientes del\u00a0<b>pensamiento jur\u00eddico\u00a0<\/b>y<b>\u00a0filos\u00f3fico<\/b>, prevalecer\u00e1 la lucha de bandos contrarios, defensores de sus propias teor\u00edas. En M\u00e9xico y en el mundo entero. Esta es la gran laguna, la gran paradoja del derecho como ciencia.<\/p>\n<p class=\"c-custom-paragraph\">Por eso es previsible y forzosamente necesario que, en pa\u00edses como el nuestro, se asuman providencias para evitar esta clase de\u00a0<i>turbulencias medi\u00e1ticas<\/i>\u00a0y que amenazan con convertirse en aut\u00e9nticas crisis pol\u00edticas, como la que implica la decisi\u00f3n asumida \u2018por\u00a0<b>votaci\u00f3n democr\u00e1tica<\/b>\u2019 en la SCJN el pasado el lunes, en torno a una simple \u2018acci\u00f3n de inconstitucionalidad\u2019.<\/p>\n<p class=\"c-custom-paragraph\">Es por todos sabido, que en M\u00e9xico no se asumen grandes decisiones para modernizar el aparato judicial por aut\u00e9nticos prejuicios.<\/p>\n<p class=\"c-custom-paragraph\">El m\u00e1s reciente, aquella especie de\u00a0<i>pinochetazo<\/i>\u00a0que el entonces presidente de M\u00e9xico,\u00a0<b>Ernesto Zedillo<\/b>\u00a0asest\u00f3 a la Suprema Corte de Justicia de la Naci\u00f3n a partir de 1995, para modernizarla en t\u00e9rminos de dimensiones (redujo de 26 a 11 ministros el Pleno) y funcionalidad (Consejo de la Judicatura) y que, dicho sea de paso, a\u00fan es digna de celebraci\u00f3n, por cuanto fue una medida no solo valiente, sino puntualmente necesaria.<\/p>\n<p class=\"c-custom-paragraph\">Hoy m\u00e1s que nunca se hace necesaria en M\u00e9xico, una reforma que garantice una figura esencial para la estabilidad del<b>\u00a0orden jur\u00eddico<\/b>\u00a0de la nuestra y de cualquier naci\u00f3n del mundo: el\u00a0<b>control constitucional<\/b>.<\/p>\n<p class=\"c-custom-paragraph\">Pero los principales prejuicios a los que se enfrentan los\u00a0<b>operadores jur\u00eddicos<\/b>\u00a0desde el poder, es a la cr\u00edtica artera y con sevicia. A la creencia err\u00f3nea que existe de que establecer una estructura o sistema de control constitucional aut\u00f3nomo, dependiente de alguno de los tres poderes constituidos (preferentemente del Poder Judicial, ser\u00eda lo m\u00e1s sano) implicar\u00eda remover a las grandes estructuras de funcionamiento de los\u00a0<b>poderes existentes<\/b>\u00a0y eso es un gran mito.<\/p>\n<p class=\"c-custom-paragraph\">Es menester se\u00f1alar que este es un razonamiento y un proyecto formal largamente ideado, desde su valiosa c\u00e1tedra de Sistemas de Control Constitucional, en la Unidad de Estudios de Posgrado de la Facultad de Derecho de la UNAM, del doctor\u00a0<b>Fernando Flores Trejo<\/b>, orgullo de la planta docente de nuestra m\u00e1xima casa de estudios.<\/p>\n<p class=\"c-custom-paragraph\">El doctor Flores Trejo sostiene que no se ocupa ni siquiera reformar la redacci\u00f3n de los art\u00edculos considerados\u00a0<i>dogm\u00e1ticamente intocables<\/i>, como el art\u00edculo 49 constitucional; se ocupa simplemente algo tan elemental como aprender a interpretar correctamente el sentido de la norma.<\/p>\n<p class=\"c-custom-paragraph\">\u00bfDe d\u00f3nde sacamos los mexicanos, por ejemplo, que, para crear una instancia o un Sistema de Protecci\u00f3n y Control Constitucional Aut\u00f3nomo, debemos de dividir en t\u00e9rminos de infraestructura, de forma f\u00edsica, con implicaciones presupuestales y mobiliarias, a un poder formal constituido como lo es, el\u00a0<b>Poder Judicial de la Federaci\u00f3n<\/b>?<\/p>\n<p class=\"c-custom-paragraph\">No se pretende mucho menos, crear un Cuarto Poder formal constituido.<\/p>\n<p class=\"c-custom-paragraph\">La redacci\u00f3n del\u00a0<b>art\u00edculo 49\u00a0<\/b>constitucional que resguarda el principio de divisi\u00f3n de poderes, es m\u00e1s que clara.<\/p>\n<p class=\"c-custom-paragraph\">\u201cArt\u00edculo 49: El Supremo Poder de la Federaci\u00f3n se divide para su ejercicio en Legislativo, Ejecutivo y Judicial. No podr\u00e1n reunirse dos o m\u00e1s de estos Poderes en una sola persona o corporaci\u00f3n, ni depositarse el Legislativo en un individuo, salvo el caso de facultades extraordinarias al Ejecutivo de la Uni\u00f3n, conforme a lo dispuesto en el art\u00edculo 29. En ning\u00fan otro caso, salvo lo dispuesto en el segundo p\u00e1rrafo del art\u00edculo 131, se otorgar\u00e1n facultades extraordinarias para legislar\u2026\u201d<\/p>\n<p class=\"c-custom-paragraph\">Esto es, que cualquier Poder puede dividirse para su ejercicio, no en su estructura, cuando para el cumplimiento de sus fines o atribuciones sea indefectiblemente necesario.<\/p>\n<p class=\"c-custom-paragraph\">Mantener intacta la esencia de ese\u00a0<b>esp\u00edritu de la ley suprema<\/b>\u00a0que tanto nos enorgulleci\u00f3 en el pasado, como una ley de avanzada que fue desde sus inicios la mexicana, pero, ante todo, que siga respondiendo con funcionalidad ese gran documento, a la\u00a0<b>realidad mexicana<\/b>, garantiz\u00e1ndonos por lo menos a los gobernados, los atributos de igualdad, equidad, generalidad, imparcialidad, sin importar condici\u00f3n o influencia ideol\u00f3gica o pol\u00edtica alguna. Es decir, que llegue quien llegue al poder supremo, procure que la\u00a0<b>Constituci\u00f3n Pol\u00edtica<\/b>\u00a0de los Estados Unidos Mexicanos se mantenga inc\u00f3lume, sin amenazas ni riesgos de desvirtuarse o torcer el sentido de su aplicaci\u00f3n.<\/p>\n<p class=\"c-custom-paragraph\">H\u00e9ctor Calder\u00f3n Hallal: @Pequenialdo; @CalderonHallal1<\/p>\n<\/div>\n","protected":false},"excerpt":{"rendered":"<p>H\u00e9ctor Calder\u00f3n Hallal reflexiona sobre el sistema jur\u00eddico en torno a la decisi\u00f3n de la SCJN de declarar como constitucional la facultad de la UIF para bloquear cuentas bancarias unilateralmente. Por\u00a0H\u00e9ctor Calder\u00f3n Hallal Personificando a la \u201cgenuina adalid del sistema financiero mexicano\u201d, esta nueva ministra de la Suprema Corte de Justicia de la Naci\u00f3n (SCJN),\u00a0Lenia Batres Guadarrama, encabeza los impulsos del actual gobierno federal en su pretensi\u00f3n de que la Unidad de Inteligencia Financiera (UIF), pueda\u00a0bloquear cuentas bancarias sin intervenci\u00f3n\u00a0del hoy extraviado personaje de la vida p\u00fablica nacional, aquel en quien reca\u00eda la\u00a0representaci\u00f3n social\u00a0de la poblaci\u00f3n en cualquier conflicto de [&hellip;]<\/p>\n","protected":false},"author":3,"featured_media":144363,"comment_status":"open","ping_status":"open","sticky":false,"template":"","format":"standard","meta":{"_jetpack_newsletter_access":"","_jetpack_dont_email_post_to_subs":false,"_jetpack_newsletter_tier_id":0,"_jetpack_memberships_contains_paywalled_content":false,"_jetpack_feature_clip_id":0,"_jetpack_memberships_contains_paid_content":false,"footnotes":"","jetpack_publicize_message":"","jetpack_publicize_feature_enabled":true,"jetpack_social_post_already_shared":true,"jetpack_social_options":{"image_generator_settings":{"template":"highway","default_image_id":0,"font":"","enabled":false},"version":2},"jetpack_post_was_ever_published":false},"categories":[75],"tags":[],"class_list":["post-144359","post","type-post","status-publish","format-standard","has-post-thumbnail","hentry","category-nacional","post--single"],"jetpack_publicize_connections":[],"jetpack_featured_media_url":"https:\/\/ovelanalista.com\/wp-content\/uploads\/2026\/04\/Captura-de-pantalla-2026-04-10-a-las-11.03.50-a.m.png","jetpack_sharing_enabled":true,"_links":{"self":[{"href":"https:\/\/ovelanalista.com\/index.php?rest_route=\/wp\/v2\/posts\/144359","targetHints":{"allow":["GET"]}}],"collection":[{"href":"https:\/\/ovelanalista.com\/index.php?rest_route=\/wp\/v2\/posts"}],"about":[{"href":"https:\/\/ovelanalista.com\/index.php?rest_route=\/wp\/v2\/types\/post"}],"author":[{"embeddable":true,"href":"https:\/\/ovelanalista.com\/index.php?rest_route=\/wp\/v2\/users\/3"}],"replies":[{"embeddable":true,"href":"https:\/\/ovelanalista.com\/index.php?rest_route=%2Fwp%2Fv2%2Fcomments&post=144359"}],"version-history":[{"count":1,"href":"https:\/\/ovelanalista.com\/index.php?rest_route=\/wp\/v2\/posts\/144359\/revisions"}],"predecessor-version":[{"id":144364,"href":"https:\/\/ovelanalista.com\/index.php?rest_route=\/wp\/v2\/posts\/144359\/revisions\/144364"}],"wp:featuredmedia":[{"embeddable":true,"href":"https:\/\/ovelanalista.com\/index.php?rest_route=\/wp\/v2\/media\/144363"}],"wp:attachment":[{"href":"https:\/\/ovelanalista.com\/index.php?rest_route=%2Fwp%2Fv2%2Fmedia&parent=144359"}],"wp:term":[{"taxonomy":"category","embeddable":true,"href":"https:\/\/ovelanalista.com\/index.php?rest_route=%2Fwp%2Fv2%2Fcategories&post=144359"},{"taxonomy":"post_tag","embeddable":true,"href":"https:\/\/ovelanalista.com\/index.php?rest_route=%2Fwp%2Fv2%2Ftags&post=144359"}],"curies":[{"name":"wp","href":"https:\/\/api.w.org\/{rel}","templated":true}]}}