{"id":144361,"date":"2026-04-10T13:00:31","date_gmt":"2026-04-10T20:00:31","guid":{"rendered":"https:\/\/ovelanalista.com\/?p=144361"},"modified":"2026-04-10T11:17:42","modified_gmt":"2026-04-10T18:17:42","slug":"sinaloa-refuerzan-busqueda-del-ultimo-minero-en-santa-fe","status":"publish","type":"post","link":"https:\/\/ovelanalista.com\/?p=144361","title":{"rendered":"Sinaloa | Refuerzan b\u00fasqueda del \u00faltimo minero en Santa Fe"},"content":{"rendered":"<p>El \u00faltimo minero atrapado permanece en la mina desde hace 16 d\u00edas.<\/p>\n<div>\n<p>Las labores de localizaci\u00f3n y rescate contin\u00faan para\u00a0<strong>el \u00faltimo de los cuatro mineros atrapados<\/strong>\u00a0en la mina Santa Fe, en El Rosario, Sinaloa, con la participaci\u00f3n de autoridades federales, estatales y trabajadores de la propia mina.<\/p>\n<\/div>\n<div>\n<p>El operativo se desarrolla de manera conjunta entre el Gobierno de M\u00e9xico y el Gobierno de Sinaloa, con el objetivo de\u00a0<strong>ubicar al trabajador<\/strong>\u00a0que permanece desaparecido dentro de la mina, inform\u00f3 la Comisi\u00f3n Nacional de Protecci\u00f3n Civil (CNPC).<\/p>\n<\/div>\n<div>\n<p>Adem\u00e1s de las corporaciones de emergencia y seguridad,\u00a0<strong>mineros de la propia mina<\/strong>\u00a0Santa Fe se han sumado a las labores en campo para apoyar en las maniobras y facilitar el acceso a distintas zonas del sitio.<\/p>\n<p><img decoding=\"async\" src=\"https:\/\/editorial.aristeguinoticias.com\/wp-content\/uploads\/2026\/04\/20260410_084509-700x394.jpg\" \/><\/p>\n<div>\n<p>Las autoridades no han informado hasta el momento cu\u00e1nto tiempo podr\u00edan prolongarse las labores\u00a0<strong>ni si existen nuevas condiciones<\/strong>\u00a0que permitan acelerar el acceso a las \u00e1reas donde podr\u00eda encontrarse el trabajador.<\/p>\n<\/div>\n<div>\n<p>Sin embargo, se\u00f1alaron que la\u00a0<strong>coordinaci\u00f3n entre dependencias<\/strong>\u00a0permanece activa y que los trabajos continuar\u00e1n hasta agotar todas las posibilidades\u00a0 de b\u00fasqueda.<\/p>\n<div>\n<p>De acuerdo con el reporte, en el sitio\u00a0<strong>permanecen desplegados<\/strong>\u00a0elementos de la Coordinaci\u00f3n Nacional de Protecci\u00f3n Civil, la Secretar\u00eda de la Defensa Nacional, la Secretar\u00eda de Marina.<\/p>\n<\/div>\n<\/div>\n<div>\n<div>\n<p>Adem\u00e1s de la Comisi\u00f3n Federal de Electricidad y Protecci\u00f3n Civil de Sinaloa, quienes mantienen coordinaci\u00f3n permanente para\u00a0<strong>avanzar en las tareas de localizaci\u00f3n.<\/strong><\/p>\n<\/div>\n<div class=\"sm-it-main-container\" data-it=\"de9e3629-8f92-45d3-92c8-15b846474c01\" data-device=\"desktop\" data-index=\"0\">\n<div>\n<p>Cabe recordar que este mi\u00e9rcoles,<strong>\u00a0fue recuperado el cuerpo<\/strong>\u00a0del tercer minero atrapado tras el colapso ocurrido el pasado 25 de marzo, cuando una cuadrilla de 25 trabajadores fue sorprendida por un alud de jales.<\/p>\n<\/div>\n<div>\n<p>De acuerdo con el Comando Unificado, el cuerpo fue recuperado a las 19:43 horas del mi\u00e9rcoles, luego de haber sido\u00a0<strong>localizado durante la madrugada<\/strong>, por lo que la Fiscal\u00eda General del Estado de Sinaloa inici\u00f3 \u201cel protocolo de resguardo y traslado para su plena identificaci\u00f3n\u201d.<\/p>\n<\/div>\n<div>\n<div id=\"standard_7\" class=\"st-placement standard_7 inImage\">\n<div class=\"st-adunit st-adunit-tagged st-reset st-show\">\n<div class=\"st-adunit-ad st-reset\">\n<div class=\"st-display-render st-reset open 320x100\">\n<div class=\"st-canvas st-reset horizontal-static\"><\/div>\n<\/div>\n<\/div>\n<\/div>\n<\/div>\n<p><a><img loading=\"lazy\" decoding=\"async\" class=\"aligncenter size-large wp-image-1528732\" src=\"https:\/\/editorial.aristeguinoticias.com\/wp-content\/uploads\/2026\/04\/20260410_084512-700x525.jpg\" sizes=\"auto, (max-width: 700px) 100vw, 700px\" srcset=\"https:\/\/editorial.aristeguinoticias.com\/wp-content\/uploads\/2026\/04\/20260410_084512-700x525.jpg 700w, https:\/\/editorial.aristeguinoticias.com\/wp-content\/uploads\/2026\/04\/20260410_084512-250x188.jpg 250w, https:\/\/editorial.aristeguinoticias.com\/wp-content\/uploads\/2026\/04\/20260410_084512-768x576.jpg 768w, https:\/\/editorial.aristeguinoticias.com\/wp-content\/uploads\/2026\/04\/20260410_084512-628x471.jpg 628w, https:\/\/editorial.aristeguinoticias.com\/wp-content\/uploads\/2026\/04\/20260410_084512-298x224.jpg 298w, https:\/\/editorial.aristeguinoticias.com\/wp-content\/uploads\/2026\/04\/20260410_084512-295x221.jpg 295w, https:\/\/editorial.aristeguinoticias.com\/wp-content\/uploads\/2026\/04\/20260410_084512-205x154.jpg 205w, https:\/\/editorial.aristeguinoticias.com\/wp-content\/uploads\/2026\/04\/20260410_084512-1536x1152.jpg 1536w, https:\/\/editorial.aristeguinoticias.com\/wp-content\/uploads\/2026\/04\/20260410_084512-172x130.jpg 172w, https:\/\/editorial.aristeguinoticias.com\/wp-content\/uploads\/2026\/04\/20260410_084512-120x90.jpg 120w, https:\/\/editorial.aristeguinoticias.com\/wp-content\/uploads\/2026\/04\/20260410_084512.jpg 1600w\" alt=\"\" width=\"700\" height=\"525\" \/><\/a><\/p>\n<p>Con informaci\u00f3n de Aristegui Noticias<\/p>\n<\/div>\n<\/div>\n<\/div>\n<\/div>\n","protected":false},"excerpt":{"rendered":"<p>El \u00faltimo minero atrapado permanece en la mina desde hace 16 d\u00edas. Las labores de localizaci\u00f3n y rescate contin\u00faan para\u00a0el \u00faltimo de los cuatro mineros atrapados\u00a0en la mina Santa Fe, en El Rosario, Sinaloa, con la participaci\u00f3n de autoridades federales, estatales y trabajadores de la propia mina. El operativo se desarrolla de manera conjunta entre el Gobierno de M\u00e9xico y el Gobierno de Sinaloa, con el objetivo de\u00a0ubicar al trabajador\u00a0que permanece desaparecido dentro de la mina, inform\u00f3 la Comisi\u00f3n Nacional de Protecci\u00f3n Civil (CNPC). Adem\u00e1s de las corporaciones de emergencia y seguridad,\u00a0mineros de la propia mina\u00a0Santa Fe se han sumado [&hellip;]<\/p>\n","protected":false},"author":3,"featured_media":144373,"comment_status":"open","ping_status":"open","sticky":false,"template":"","format":"standard","meta":{"_jetpack_newsletter_access":"","_jetpack_dont_email_post_to_subs":false,"_jetpack_newsletter_tier_id":0,"_jetpack_memberships_contains_paywalled_content":false,"_jetpack_feature_clip_id":0,"_jetpack_memberships_contains_paid_content":false,"footnotes":"","jetpack_publicize_message":"","jetpack_publicize_feature_enabled":true,"jetpack_social_post_already_shared":true,"jetpack_social_options":{"image_generator_settings":{"template":"highway","default_image_id":0,"font":"","enabled":false},"version":2},"jetpack_post_was_ever_published":false},"categories":[75],"tags":[],"class_list":["post-144361","post","type-post","status-publish","format-standard","has-post-thumbnail","hentry","category-nacional","post--single"],"jetpack_publicize_connections":[],"jetpack_featured_media_url":"https:\/\/ovelanalista.com\/wp-content\/uploads\/2026\/04\/minero-ultimo-busqueda-10042026.jpg","jetpack_sharing_enabled":true,"_links":{"self":[{"href":"https:\/\/ovelanalista.com\/index.php?rest_route=\/wp\/v2\/posts\/144361","targetHints":{"allow":["GET"]}}],"collection":[{"href":"https:\/\/ovelanalista.com\/index.php?rest_route=\/wp\/v2\/posts"}],"about":[{"href":"https:\/\/ovelanalista.com\/index.php?rest_route=\/wp\/v2\/types\/post"}],"author":[{"embeddable":true,"href":"https:\/\/ovelanalista.com\/index.php?rest_route=\/wp\/v2\/users\/3"}],"replies":[{"embeddable":true,"href":"https:\/\/ovelanalista.com\/index.php?rest_route=%2Fwp%2Fv2%2Fcomments&post=144361"}],"version-history":[{"count":1,"href":"https:\/\/ovelanalista.com\/index.php?rest_route=\/wp\/v2\/posts\/144361\/revisions"}],"predecessor-version":[{"id":144374,"href":"https:\/\/ovelanalista.com\/index.php?rest_route=\/wp\/v2\/posts\/144361\/revisions\/144374"}],"wp:featuredmedia":[{"embeddable":true,"href":"https:\/\/ovelanalista.com\/index.php?rest_route=\/wp\/v2\/media\/144373"}],"wp:attachment":[{"href":"https:\/\/ovelanalista.com\/index.php?rest_route=%2Fwp%2Fv2%2Fmedia&parent=144361"}],"wp:term":[{"taxonomy":"category","embeddable":true,"href":"https:\/\/ovelanalista.com\/index.php?rest_route=%2Fwp%2Fv2%2Fcategories&post=144361"},{"taxonomy":"post_tag","embeddable":true,"href":"https:\/\/ovelanalista.com\/index.php?rest_route=%2Fwp%2Fv2%2Ftags&post=144361"}],"curies":[{"name":"wp","href":"https:\/\/api.w.org\/{rel}","templated":true}]}}