{"id":144362,"date":"2026-04-10T11:10:35","date_gmt":"2026-04-10T18:10:35","guid":{"rendered":"https:\/\/ovelanalista.com\/?p=144362"},"modified":"2026-04-10T11:10:35","modified_gmt":"2026-04-10T18:10:35","slug":"que-manera-de-perder-el-tiempo","status":"publish","type":"post","link":"https:\/\/ovelanalista.com\/?p=144362","title":{"rendered":"Qu\u00e9 manera de perder el tiempo"},"content":{"rendered":"<p><strong>Pablo Hiriart<\/strong><\/p>\n<p>La presidenta parece haber comprendido que es un error tener gas en el subsuelo y no usarlo. Gran logro del sentido com\u00fan, pero no hay que ilusionarse.<\/p>\n<p>Para llegar a ese objetivo, tan sencillo de decidir y urgente para el pa\u00eds, faltan dos aduanas, lentas, tortuosas y casi infranqueables: la anuencia de L\u00f3pez Obrador y los atavismos ideol\u00f3gicos de la presidenta, que han demostrado ser m\u00e1s fuertes que su formaci\u00f3n cient\u00edfica.<\/p>\n<p>Ah\u00ed va a estar el freno.<\/p>\n<p>Sheinbaum anunci\u00f3 el mi\u00e9rcoles una meta a cumplir en los pr\u00f3ximos cinco a\u00f1os, que es duplicar la producci\u00f3n de gas. Pero ayer dijo que a\u00fan est\u00e1n estudiando c\u00f3mo hacerlo y nos mare\u00f3 con una letan\u00eda contra las concesiones, los contratos privados, el\u00a0<em>fracking<\/em>, Calder\u00f3n y Pe\u00f1a Nieto.<\/p>\n<p>Va para largo, si es que va.<\/p>\n<p>El punto es que con las trabas que ha puesto Morena al gas lutita (obtenido mediante\u00a0<em>fracking<\/em>), el pa\u00eds ha perdido tiempo y deja pasar oportunidades de inversi\u00f3n en otras \u00e1reas.<\/p>\n<p>Importamos 80 por ciento del gas que consumimos y casi en su totalidad viene de Texas, donde lo extraen v\u00eda\u00a0<em>fracking<\/em>.<\/p>\n<p>La presidenta anunci\u00f3 una suerte de\u00a0<em>fracking light<\/em>, lo que estar\u00eda muy bien para aprovechar mejor el agua y contaminar menos.<\/p>\n<p>Esa tarea corresponde al sector privado. El gobierno no tiene dinero ni es su funci\u00f3n.<\/p>\n<p>Con gas funciona gran parte de la producci\u00f3n de electricidad en el pa\u00eds, que es uno de nuestros puntos negativos para atraer inversi\u00f3n productiva. No hay suficiente electricidad.<\/p>\n<p>\u00bfPor qu\u00e9 no hay, si el pa\u00eds es abundante en petr\u00f3leo, gas, sol, viento, vapor en el subsuelo?<\/p>\n<p>Por las ataduras ideol\u00f3gicas del grupo gobernante.<\/p>\n<p>El Golfo de M\u00e9xico sigue siendo rico en petr\u00f3leo, donde las compa\u00f1\u00edas privadas extraen y ganan dinero del lado estadounidense, para ellas y para el fisco de EU.<\/p>\n<p>De este lado del Golfo no extraemos petr\u00f3leo porque es caro y tenemos prohibido que entren los privados.<\/p>\n<p>\u00bfY por qu\u00e9 ahuyentamos a los privados?<\/p>\n<p>Porque un iluminado dijo que sacar petr\u00f3leo del fondo del mar era tan f\u00e1cil como meter un popote.<\/p>\n<p>Y el iluminado tiene muchos seguidores, sobre todo en Palacio Nacional.<\/p>\n","protected":false},"excerpt":{"rendered":"<p>Pablo Hiriart La presidenta parece haber comprendido que es un error tener gas en el subsuelo y no usarlo. Gran logro del sentido com\u00fan, pero no hay que ilusionarse. Para llegar a ese objetivo, tan sencillo de decidir y urgente para el pa\u00eds, faltan dos aduanas, lentas, tortuosas y casi infranqueables: la anuencia de L\u00f3pez Obrador y los atavismos ideol\u00f3gicos de la presidenta, que han demostrado ser m\u00e1s fuertes que su formaci\u00f3n cient\u00edfica. Ah\u00ed va a estar el freno. Sheinbaum anunci\u00f3 el mi\u00e9rcoles una meta a cumplir en los pr\u00f3ximos cinco a\u00f1os, que es duplicar la producci\u00f3n de gas. Pero [&hellip;]<\/p>\n","protected":false},"author":3,"featured_media":140106,"comment_status":"open","ping_status":"open","sticky":false,"template":"","format":"standard","meta":{"_jetpack_newsletter_access":"","_jetpack_dont_email_post_to_subs":false,"_jetpack_newsletter_tier_id":0,"_jetpack_memberships_contains_paywalled_content":false,"_jetpack_feature_clip_id":0,"_jetpack_memberships_contains_paid_content":false,"footnotes":"","jetpack_publicize_message":"","jetpack_publicize_feature_enabled":true,"jetpack_social_post_already_shared":true,"jetpack_social_options":{"image_generator_settings":{"template":"highway","default_image_id":0,"font":"","enabled":false},"version":2},"jetpack_post_was_ever_published":false},"categories":[79],"tags":[],"class_list":["post-144362","post","type-post","status-publish","format-standard","has-post-thumbnail","hentry","category-columnistas-nacionales","post--single"],"jetpack_publicize_connections":[],"jetpack_featured_media_url":"https:\/\/ovelanalista.com\/wp-content\/uploads\/2026\/02\/Captura-de-pantalla-2026-02-06-a-las-8.45.59\u202fa.m..png","jetpack_sharing_enabled":true,"_links":{"self":[{"href":"https:\/\/ovelanalista.com\/index.php?rest_route=\/wp\/v2\/posts\/144362","targetHints":{"allow":["GET"]}}],"collection":[{"href":"https:\/\/ovelanalista.com\/index.php?rest_route=\/wp\/v2\/posts"}],"about":[{"href":"https:\/\/ovelanalista.com\/index.php?rest_route=\/wp\/v2\/types\/post"}],"author":[{"embeddable":true,"href":"https:\/\/ovelanalista.com\/index.php?rest_route=\/wp\/v2\/users\/3"}],"replies":[{"embeddable":true,"href":"https:\/\/ovelanalista.com\/index.php?rest_route=%2Fwp%2Fv2%2Fcomments&post=144362"}],"version-history":[{"count":1,"href":"https:\/\/ovelanalista.com\/index.php?rest_route=\/wp\/v2\/posts\/144362\/revisions"}],"predecessor-version":[{"id":144365,"href":"https:\/\/ovelanalista.com\/index.php?rest_route=\/wp\/v2\/posts\/144362\/revisions\/144365"}],"wp:featuredmedia":[{"embeddable":true,"href":"https:\/\/ovelanalista.com\/index.php?rest_route=\/wp\/v2\/media\/140106"}],"wp:attachment":[{"href":"https:\/\/ovelanalista.com\/index.php?rest_route=%2Fwp%2Fv2%2Fmedia&parent=144362"}],"wp:term":[{"taxonomy":"category","embeddable":true,"href":"https:\/\/ovelanalista.com\/index.php?rest_route=%2Fwp%2Fv2%2Fcategories&post=144362"},{"taxonomy":"post_tag","embeddable":true,"href":"https:\/\/ovelanalista.com\/index.php?rest_route=%2Fwp%2Fv2%2Ftags&post=144362"}],"curies":[{"name":"wp","href":"https:\/\/api.w.org\/{rel}","templated":true}]}}