{"id":144366,"date":"2026-04-10T13:30:21","date_gmt":"2026-04-10T20:30:21","guid":{"rendered":"https:\/\/ovelanalista.com\/?p=144366"},"modified":"2026-04-10T11:35:08","modified_gmt":"2026-04-10T18:35:08","slug":"dos-bocas-continua-operando-en-condiciones-seguras-no-hay-motivo-de-alarma-pemex","status":"publish","type":"post","link":"https:\/\/ovelanalista.com\/?p=144366","title":{"rendered":"Dos Bocas &#8216;contin\u00faa operando en condiciones seguras&#8217;, &#8216;no hay motivo de alarma&#8217;: Pemex"},"content":{"rendered":"<p>Tras el incendio registrado el jueves en la fosa de almacenamiento de coque, informa que fue totalmente sofocado alrededor de las 18:25 horas, sin que se presentaran afectaciones mayores.<\/p>\n<div>\n<p><strong>Petr\u00f3leos Mexicanos (Pemex)<\/strong>\u00a0inform\u00f3 la ma\u00f1ana de este viernes 10 de abril que la\u00a0<strong>Refiner\u00eda Olmeca, en Dos Bocas<\/strong>, Tabasco, contin\u00faa operando en condiciones seguras, confirmando que no se registr\u00f3 personal intoxicado ni lesionado, y se mantienen las labores de revisi\u00f3n para determinar las causas que originaron el evento.<\/p>\n<\/div>\n<div>\n<p>Tras el incendio registrado el jueves en la fosa de almacenamiento de coque, informa que fue totalmente sofocado alrededor de las 18:25 horas, sin que se presentaran afectaciones mayores.<\/p>\n<\/div>\n<div>\n<div id=\"standard_6\" class=\"st-placement standard_6 inImage\">\n<div class=\"st-adunit st-adunit-tagged st-reset st-show\"><\/div>\n<\/div>\n<p><a><img loading=\"lazy\" decoding=\"async\" class=\"aligncenter size-large wp-image-1528676\" src=\"https:\/\/editorial.aristeguinoticias.com\/wp-content\/uploads\/2026\/04\/videos-incendio-refineria-olmeca-dos-bocas-09042026-700x438.jpg\" sizes=\"auto, (max-width: 700px) 100vw, 700px\" srcset=\"https:\/\/editorial.aristeguinoticias.com\/wp-content\/uploads\/2026\/04\/videos-incendio-refineria-olmeca-dos-bocas-09042026-700x438.jpg 700w, https:\/\/editorial.aristeguinoticias.com\/wp-content\/uploads\/2026\/04\/videos-incendio-refineria-olmeca-dos-bocas-09042026-250x156.jpg 250w, https:\/\/editorial.aristeguinoticias.com\/wp-content\/uploads\/2026\/04\/videos-incendio-refineria-olmeca-dos-bocas-09042026-768x480.jpg 768w, https:\/\/editorial.aristeguinoticias.com\/wp-content\/uploads\/2026\/04\/videos-incendio-refineria-olmeca-dos-bocas-09042026-628x393.jpg 628w, https:\/\/editorial.aristeguinoticias.com\/wp-content\/uploads\/2026\/04\/videos-incendio-refineria-olmeca-dos-bocas-09042026-298x186.jpg 298w, https:\/\/editorial.aristeguinoticias.com\/wp-content\/uploads\/2026\/04\/videos-incendio-refineria-olmeca-dos-bocas-09042026-295x184.jpg 295w, https:\/\/editorial.aristeguinoticias.com\/wp-content\/uploads\/2026\/04\/videos-incendio-refineria-olmeca-dos-bocas-09042026-205x128.jpg 205w, https:\/\/editorial.aristeguinoticias.com\/wp-content\/uploads\/2026\/04\/videos-incendio-refineria-olmeca-dos-bocas-09042026-720x450.jpg 720w, https:\/\/editorial.aristeguinoticias.com\/wp-content\/uploads\/2026\/04\/videos-incendio-refineria-olmeca-dos-bocas-09042026-333x208.jpg 333w, https:\/\/editorial.aristeguinoticias.com\/wp-content\/uploads\/2026\/04\/videos-incendio-refineria-olmeca-dos-bocas-09042026-120x75.jpg 120w, https:\/\/editorial.aristeguinoticias.com\/wp-content\/uploads\/2026\/04\/videos-incendio-refineria-olmeca-dos-bocas-09042026.jpg 1200w\" alt=\"\" width=\"700\" height=\"438\" \/><\/a><\/p>\n<div>\n<p>\u201cLa intervenci\u00f3n oportuna del personal y de los sistemas contra incendio, as\u00ed como la aplicaci\u00f3n de los protocolos de seguridad y movimientos operativos, permitieron controlar el incidente en poco m\u00e1s de hora y media\u201d.<\/p>\n<\/div>\n<\/div>\n<div>\n<div>\n<p>La atenci\u00f3n se llev\u00f3 a cabo mediante trabajo coordinado entre el personal de Pemex a trav\u00e9s del\u00a0<strong>Grupo Regional de Atenci\u00f3n y Manejo de Emergencias Sur<\/strong>\u00a0(GRAME SUR),\u00a0<strong>SEMAR<\/strong>\u00a0y\u00a0<strong>Protecci\u00f3n Civil Estatal y Municipal<\/strong>.<\/p>\n<div>\n<blockquote><p>Es importante destacar que la refiner\u00eda contin\u00faa en condiciones seguras y operativas. Se confirma que no se registr\u00f3 personal intoxicado ni lesionado y se revisan las causas que originaron el evento.<\/p><\/blockquote>\n<\/div>\n<div>\n<p>Asimismo, se informa a la poblaci\u00f3n en el comunicado que\u00a0<strong>no existe riesgo<\/strong>\u00a0alguno para la comunidad aleda\u00f1a, por lo que\u00a0<strong>no hay motivo de alarma<\/strong>.<\/p>\n<p>Con informaci\u00f3n de Aristegui Noticias<\/p>\n<\/div>\n<\/div>\n<\/div>\n","protected":false},"excerpt":{"rendered":"<p>Tras el incendio registrado el jueves en la fosa de almacenamiento de coque, informa que fue totalmente sofocado alrededor de las 18:25 horas, sin que se presentaran afectaciones mayores. Petr\u00f3leos Mexicanos (Pemex)\u00a0inform\u00f3 la ma\u00f1ana de este viernes 10 de abril que la\u00a0Refiner\u00eda Olmeca, en Dos Bocas, Tabasco, contin\u00faa operando en condiciones seguras, confirmando que no se registr\u00f3 personal intoxicado ni lesionado, y se mantienen las labores de revisi\u00f3n para determinar las causas que originaron el evento. Tras el incendio registrado el jueves en la fosa de almacenamiento de coque, informa que fue totalmente sofocado alrededor de las 18:25 horas, sin [&hellip;]<\/p>\n","protected":false},"author":3,"featured_media":144375,"comment_status":"open","ping_status":"open","sticky":false,"template":"","format":"standard","meta":{"_jetpack_newsletter_access":"","_jetpack_dont_email_post_to_subs":false,"_jetpack_newsletter_tier_id":0,"_jetpack_memberships_contains_paywalled_content":false,"_jetpack_feature_clip_id":0,"_jetpack_memberships_contains_paid_content":false,"footnotes":"","jetpack_publicize_message":"","jetpack_publicize_feature_enabled":true,"jetpack_social_post_already_shared":true,"jetpack_social_options":{"image_generator_settings":{"template":"highway","default_image_id":0,"font":"","enabled":false},"version":2},"jetpack_post_was_ever_published":false},"categories":[75],"tags":[],"class_list":["post-144366","post","type-post","status-publish","format-standard","has-post-thumbnail","hentry","category-nacional","post--single"],"jetpack_publicize_connections":[],"jetpack_featured_media_url":"https:\/\/ovelanalista.com\/wp-content\/uploads\/2026\/04\/Inicia-produccion-hidrocarburos-Refineria-Dos-Bocas-03082024.jpg","jetpack_sharing_enabled":true,"_links":{"self":[{"href":"https:\/\/ovelanalista.com\/index.php?rest_route=\/wp\/v2\/posts\/144366","targetHints":{"allow":["GET"]}}],"collection":[{"href":"https:\/\/ovelanalista.com\/index.php?rest_route=\/wp\/v2\/posts"}],"about":[{"href":"https:\/\/ovelanalista.com\/index.php?rest_route=\/wp\/v2\/types\/post"}],"author":[{"embeddable":true,"href":"https:\/\/ovelanalista.com\/index.php?rest_route=\/wp\/v2\/users\/3"}],"replies":[{"embeddable":true,"href":"https:\/\/ovelanalista.com\/index.php?rest_route=%2Fwp%2Fv2%2Fcomments&post=144366"}],"version-history":[{"count":1,"href":"https:\/\/ovelanalista.com\/index.php?rest_route=\/wp\/v2\/posts\/144366\/revisions"}],"predecessor-version":[{"id":144376,"href":"https:\/\/ovelanalista.com\/index.php?rest_route=\/wp\/v2\/posts\/144366\/revisions\/144376"}],"wp:featuredmedia":[{"embeddable":true,"href":"https:\/\/ovelanalista.com\/index.php?rest_route=\/wp\/v2\/media\/144375"}],"wp:attachment":[{"href":"https:\/\/ovelanalista.com\/index.php?rest_route=%2Fwp%2Fv2%2Fmedia&parent=144366"}],"wp:term":[{"taxonomy":"category","embeddable":true,"href":"https:\/\/ovelanalista.com\/index.php?rest_route=%2Fwp%2Fv2%2Fcategories&post=144366"},{"taxonomy":"post_tag","embeddable":true,"href":"https:\/\/ovelanalista.com\/index.php?rest_route=%2Fwp%2Fv2%2Ftags&post=144366"}],"curies":[{"name":"wp","href":"https:\/\/api.w.org\/{rel}","templated":true}]}}