{"id":144377,"date":"2026-04-10T14:00:47","date_gmt":"2026-04-10T21:00:47","guid":{"rendered":"https:\/\/ovelanalista.com\/?p=144377"},"modified":"2026-04-10T11:39:50","modified_gmt":"2026-04-10T18:39:50","slug":"la-mananera-de-sheinbaum-viajara-a-espana-la-siguiente-semana-grupo-modelo-regalara-500-boletos-para-el-mundial","status":"publish","type":"post","link":"https:\/\/ovelanalista.com\/?p=144377","title":{"rendered":"La ma\u00f1anera de Sheinbaum | viajar\u00e1 a Espa\u00f1a la siguiente semana; Grupo Modelo regalar\u00e1 500 boletos para el Mundial"},"content":{"rendered":"<p>La presidenta Claudia Sheinbaum felicit\u00f3 a la \u00e1rbitra mexicana Katia Garc\u00eda, elegida por la FIFA como una de las colegiadas que participar\u00e1n en el Mundial 2026.<\/p>\n<div>\n<p><em>Arranca la conferencia matutina\u2026<\/em><\/p>\n<\/div>\n<div>\n<p>La presidenta\u00a0<strong>Claudia Sheinbaum Pardo<\/strong>\u00a0encabez\u00f3 este viernes la conferencia presidencial desde Palacio Nacional, donde atendi\u00f3 preguntas de medios y present\u00f3 informaci\u00f3n de relevancia nacional.<\/p>\n<\/div>\n<div>\n<h2><strong>Sheinbaum anuncia que viajar\u00e1 a Espa\u00f1a la siguiente semana<\/strong><\/h2>\n<div>\n<p>Claudia Sheinbaum anunci\u00f3 este viernes que<strong>\u00a0el pr\u00f3ximo 18 de abril viajar\u00e1 a Barcelona<\/strong>\u00a0para asistir a una reuni\u00f3n de gobiernos progresistas, a donde acudir\u00e1n tambi\u00e9n los presidentes de Colombia, Gustavo Petro; Brasil, Luiz In\u00e1cio Lula da Silva, y el anfitri\u00f3n, Pedro S\u00e1nchez, presidente del Gobierno de Espa\u00f1a.<\/p>\n<\/div>\n<div>\n<p>\u201cVoy a ir a Barcelona. El 18 (de abril), la pr\u00f3xima semana\u201d, anunci\u00f3 la mandataria durante su conferencia de prensa matutina.<\/p>\n<\/div>\n<div>\n<p>La visita ocurre luego de que en meses recientes M\u00e9xico y Espa\u00f1a han dado se\u00f1ales de distensi\u00f3n en sus relaciones bilaterales tras tensiones por la solicitud del Gobierno mexicano de que\u00a0<strong>la Corona espa\u00f1ola ofrezca una disculpa<\/strong>\u00a0por los agravios de la conquista con llamamientos a profundizar el di\u00e1logo hist\u00f3rico y pol\u00edtico entre ambas naciones.<\/p>\n<div>\n<p>La gobernante mexicana se\u00f1al\u00f3 que la reuni\u00f3n fue una \u201cidea original\u201d del expresidente de Chile Gabriel Boric (2022-2026), y revel\u00f3 que en ella estar\u00e1n presentes los l\u00edderes de Colombia, Brasil, Espa\u00f1a y\u00a0<strong>el de Uruguay, Yamand\u00fa Orsi<\/strong>.<\/p>\n<div>\n<p class=\"st-swap-parent st-swap--active\">\u201cFui invitada y ayer tom\u00e9 la decisi\u00f3n de que s\u00ed \u00edbamos a ir, o sea el 18 (de abril). En realidad, vamos un d\u00eda y venimos al otro\u00a0<strong>para poder estar el 18 en Barcelona<\/strong>\u201d, precis\u00f3.<\/p>\n<\/div>\n<div>\n<p>Esta ser\u00e1 la primera vez que Sheinbaum visita Espa\u00f1a como presidenta de M\u00e9xico tras asumir el poder en octubre de 2024.<\/p>\n<\/div>\n<\/div>\n<div>\n<div>\n<p>La mandataria\u00a0<strong>ha defendido en diversas ocasiones la solicitud de perd\u00f3n<\/strong>\u00a0impulsada desde 2019 por el entonces presidente, Andr\u00e9s Manuel L\u00f3pez Obrador (2018-2024), recordando la tradici\u00f3n mexicana de solidaridad con Espa\u00f1a, especialmente durante la Rep\u00fablica y el exilio causado por el franquismo.<\/p>\n<\/div>\n<div>\n<p>Ante la falta de respuesta por Madrid, Sheinbaum no invit\u00f3 al rey Felipe VI a su investidura en 2024, lo que provoc\u00f3 que el Gobierno espa\u00f1ol de no enviara a ning\u00fan representante al acto\u00a0<strong>en un hecho sin precedentes<\/strong> y gener\u00f3 una crisis diplom\u00e1tica entre ambos pa\u00edses.<\/p>\n<\/div>\n<div>\n<p><a><img loading=\"lazy\" decoding=\"async\" class=\"size-large wp-image-1522851 aligncenter\" src=\"https:\/\/editorial.aristeguinoticias.com\/wp-content\/uploads\/2026\/03\/pedro-sanchez-efe-espana-04032026-700x438.jpg\" sizes=\"auto, (max-width: 700px) 100vw, 700px\" srcset=\"https:\/\/editorial.aristeguinoticias.com\/wp-content\/uploads\/2026\/03\/pedro-sanchez-efe-espana-04032026-700x438.jpg 700w, https:\/\/editorial.aristeguinoticias.com\/wp-content\/uploads\/2026\/03\/pedro-sanchez-efe-espana-04032026-250x156.jpg 250w, https:\/\/editorial.aristeguinoticias.com\/wp-content\/uploads\/2026\/03\/pedro-sanchez-efe-espana-04032026-768x480.jpg 768w, https:\/\/editorial.aristeguinoticias.com\/wp-content\/uploads\/2026\/03\/pedro-sanchez-efe-espana-04032026-628x393.jpg 628w, https:\/\/editorial.aristeguinoticias.com\/wp-content\/uploads\/2026\/03\/pedro-sanchez-efe-espana-04032026-298x186.jpg 298w, https:\/\/editorial.aristeguinoticias.com\/wp-content\/uploads\/2026\/03\/pedro-sanchez-efe-espana-04032026-295x184.jpg 295w, https:\/\/editorial.aristeguinoticias.com\/wp-content\/uploads\/2026\/03\/pedro-sanchez-efe-espana-04032026-205x128.jpg 205w, https:\/\/editorial.aristeguinoticias.com\/wp-content\/uploads\/2026\/03\/pedro-sanchez-efe-espana-04032026-720x450.jpg 720w, https:\/\/editorial.aristeguinoticias.com\/wp-content\/uploads\/2026\/03\/pedro-sanchez-efe-espana-04032026-333x208.jpg 333w, https:\/\/editorial.aristeguinoticias.com\/wp-content\/uploads\/2026\/03\/pedro-sanchez-efe-espana-04032026-120x75.jpg 120w, https:\/\/editorial.aristeguinoticias.com\/wp-content\/uploads\/2026\/03\/pedro-sanchez-efe-espana-04032026.jpg 1200w\" alt=\"\" width=\"700\" height=\"438\" \/><\/a><\/p>\n<\/div>\n<\/div>\n<div>\n<div class=\"st-adunit st-show st-reset\">\n<div>\n<p>El mes pasado,\u00a0<strong>el rey Felipe VI reconoci\u00f3 que en la conquista de Am\u00e9rica hubo \u201cmucho abuso\u201d<\/strong>, lo que Sheinbaum valor\u00f3 como un \u201cgesto de acercamiento\u201d del jefe de Estado espa\u00f1ol aunque a\u00f1adi\u00f3 que \u201chay que seguir trabajando\u201d en el proceso de reconocimiento hist\u00f3rico.<\/p>\n<\/div>\n<div>\n<p>Asimismo, la presidenta mexicana\u00a0<strong>ha invitado al monarca espa\u00f1ol a asistir al Mundial de f\u00fatbol<\/strong>, que se celebrar\u00e1 en M\u00e9xico, Estados Unidos y Canad\u00e1, del 11 de junio al 19 de julio.<\/p>\n<\/div>\n<div>\n<h2><strong>Grupo Modelo regalar\u00e1 500 boletos para el Mundial<\/strong><\/h2>\n<\/div>\n<div class=\"box_e\">\n<div><\/div>\n<\/div>\n<\/div>\n<div>\n<div>\n<p>El presidente de Grupo Modelo, Daniel Cocenzo, anunci\u00f3 que la compa\u00f1\u00eda regalar\u00e1 500 boletos de la Copa Mundial de la FIFA 2026 a quienes participan de manera activa en torneos del concurso Mundial Social, impulsado por el gobierno federal.<\/p>\n<\/div>\n<div>\n<p>En ese contexto el empresario agreg\u00f3 que\u00a0<strong>los boletos ser\u00e1n correspondientes a los partidos del Mundial<\/strong>\u00a0que se llevar\u00e1n a cabo dentro de M\u00e9xico, es decir, en la Ciudad de M\u00e9xico, Guadalajara y Monterrey.<\/p>\n<\/div>\n<div>\n<p>Asimismo apunt\u00f3 que solamente podr\u00e1n participar\u00a0<strong>personas con mayor\u00eda de edad<\/strong>\u00a0que participaron en el concurso Mundial Social.<\/p>\n<div>\n<p>En su oportunidad Claudia Sheinbaum agreg\u00f3 que se lleg\u00f3 a un acuerdo con Grupo Modelo para que\u00a0<strong>los boletos regalados sean otorgados a los ganadores del Mundial Social<\/strong>.<\/p>\n<\/div>\n<div>\n<blockquote><p>Vamos a hacer algo muy transparente para que se conozcan quienes ganaron, en qu\u00e9 torneo y que puedan participar.<\/p><\/blockquote>\n<\/div>\n<div>\n<p>Igualmente mencion\u00f3 que en esta participaci\u00f3n se\u00a0<strong>contemplan tambi\u00e9n a los adultos mayores<\/strong>\u00a0que se inscribieron al \u201cMundialito Futbol sin correr\u201d que impuls\u00f3 el Instituto Mexicano del Seguro Social (IMSS).<\/p>\n<div>\n<h2><strong>Felicitaciones para Katia Itzel por haber sido asignada como \u00e1rbitro el Mundial 2026<\/strong><\/h2>\n<\/div>\n<div>\n<p>Por otro lado,\u00a0<strong>Sheinbaum Pardo felicit\u00f3 a la \u00e1rbitra mexicana Katia Itzel Garc\u00eda<\/strong>, designada el jueves por la FIFA como una de las colegiadas que participar\u00e1n en el Mundial de 2026, y destac\u00f3 el impulso que su Gobierno busca dar a la participaci\u00f3n de mujeres en el arbitraje y en el deporte en general.<\/p>\n<\/div>\n<div>\n<p>\u201cMuchas felicidades, (Katia) es una mujer que no solamente es una extraordinaria \u00e1rbitra, sino\u00a0<strong>tambi\u00e9n una mujer muy completa en todos los sentidos<\/strong>\u201d, expres\u00f3 la mandataria durante su conferencia de prensa matutina.<\/p>\n<\/div>\n<div>\n<p><a><img loading=\"lazy\" decoding=\"async\" class=\"size-full wp-image-1528585 aligncenter\" src=\"https:\/\/editorial.aristeguinoticias.com\/wp-content\/uploads\/2026\/04\/katia.jpeg\" sizes=\"auto, (max-width: 680px) 100vw, 680px\" srcset=\"https:\/\/editorial.aristeguinoticias.com\/wp-content\/uploads\/2026\/04\/katia.jpeg 680w, https:\/\/editorial.aristeguinoticias.com\/wp-content\/uploads\/2026\/04\/katia-250x154.jpeg 250w, https:\/\/editorial.aristeguinoticias.com\/wp-content\/uploads\/2026\/04\/katia-628x387.jpeg 628w, https:\/\/editorial.aristeguinoticias.com\/wp-content\/uploads\/2026\/04\/katia-298x184.jpeg 298w, https:\/\/editorial.aristeguinoticias.com\/wp-content\/uploads\/2026\/04\/katia-295x182.jpeg 295w, https:\/\/editorial.aristeguinoticias.com\/wp-content\/uploads\/2026\/04\/katia-205x126.jpeg 205w, https:\/\/editorial.aristeguinoticias.com\/wp-content\/uploads\/2026\/04\/katia-120x74.jpeg 120w\" alt=\"\" width=\"680\" height=\"419\" \/><\/a><\/p>\n<\/div>\n<div>\n<p>La reacci\u00f3n de la gobernante mexicana se produce despu\u00e9s de que el jueves la FIFA hiciera oficial a Katia Garc\u00eda como parte del listado de \u00e1rbitros designados como principales, asistentes y de video para el Mundial de 2026, que\u00a0<strong>se disputar\u00e1 entre el 11 de junio y el 19 de julio en Estados Unidos, Canad\u00e1 y M\u00e9xico.<\/strong><\/p>\n<\/div>\n<div>\n<p><strong>Katia Itzel Garc\u00eda ser\u00e1 la primera mujer mexicana en oficiar como \u00e1rbitra central<\/strong>\u00a0en un Mundial masculino, y ser\u00e1, junto con C\u00e9sar Arturo Ramos Palazuelos, los dos representantes mexicanos que participar\u00e1n en la justa arbirtal mundialista que arrancar\u00e1 en junio pr\u00f3ximo.<\/p>\n<\/div>\n<div>\n<p>\u201cMuchas felicidades a Katia, ya estuvo aqu\u00ed si recuerdan porque\u00a0<strong>es parte del jurado de las j\u00f3venes<\/strong>\u00a0que van a participar para obtener el boleto 001 y representar a M\u00e9xico en la inauguraci\u00f3n\u201d, apunt\u00f3.<\/p>\n<\/div>\n<div>\n<div id=\"standard_8\" class=\"st-placement standard_8 inImage\">\n<div class=\"st-adunit st-adunit-tagged st-reset st-show\">\n<div class=\"st-adunit-ad st-reset\"><\/div>\n<\/div>\n<\/div>\n<p><a href=\"https:\/\/editorial.aristeguinoticias.com\/wp-content\/uploads\/2026\/04\/no-habra-fan-fests-miguel-hidalgo-cdmx.jpg\"><img loading=\"lazy\" decoding=\"async\" class=\"size-large wp-image-1528186 aligncenter\" src=\"https:\/\/editorial.aristeguinoticias.com\/wp-content\/uploads\/2026\/04\/no-habra-fan-fests-miguel-hidalgo-cdmx-700x438.jpg\" sizes=\"auto, (max-width: 700px) 100vw, 700px\" srcset=\"https:\/\/editorial.aristeguinoticias.com\/wp-content\/uploads\/2026\/04\/no-habra-fan-fests-miguel-hidalgo-cdmx-700x438.jpg 700w, https:\/\/editorial.aristeguinoticias.com\/wp-content\/uploads\/2026\/04\/no-habra-fan-fests-miguel-hidalgo-cdmx-250x156.jpg 250w, https:\/\/editorial.aristeguinoticias.com\/wp-content\/uploads\/2026\/04\/no-habra-fan-fests-miguel-hidalgo-cdmx-768x480.jpg 768w, https:\/\/editorial.aristeguinoticias.com\/wp-content\/uploads\/2026\/04\/no-habra-fan-fests-miguel-hidalgo-cdmx-628x393.jpg 628w, https:\/\/editorial.aristeguinoticias.com\/wp-content\/uploads\/2026\/04\/no-habra-fan-fests-miguel-hidalgo-cdmx-298x186.jpg 298w, https:\/\/editorial.aristeguinoticias.com\/wp-content\/uploads\/2026\/04\/no-habra-fan-fests-miguel-hidalgo-cdmx-295x184.jpg 295w, https:\/\/editorial.aristeguinoticias.com\/wp-content\/uploads\/2026\/04\/no-habra-fan-fests-miguel-hidalgo-cdmx-205x128.jpg 205w, https:\/\/editorial.aristeguinoticias.com\/wp-content\/uploads\/2026\/04\/no-habra-fan-fests-miguel-hidalgo-cdmx-720x450.jpg 720w, https:\/\/editorial.aristeguinoticias.com\/wp-content\/uploads\/2026\/04\/no-habra-fan-fests-miguel-hidalgo-cdmx-333x208.jpg 333w, https:\/\/editorial.aristeguinoticias.com\/wp-content\/uploads\/2026\/04\/no-habra-fan-fests-miguel-hidalgo-cdmx-120x75.jpg 120w, https:\/\/editorial.aristeguinoticias.com\/wp-content\/uploads\/2026\/04\/no-habra-fan-fests-miguel-hidalgo-cdmx.jpg 1200w\" alt=\"\" width=\"700\" height=\"438\" \/><\/a><\/p>\n<\/div>\n<div>\n<p>En relaci\u00f3n a los tres Fan Fest que se organizar\u00e1n en M\u00e9xico, Gabriela Cuevas Barr\u00f3n, coordinadora de los Trabajos del Gobierno Federal para el Mundial 2026, asegur\u00f3 que\u00a0<strong>ser\u00e1n de acceso gratuito<\/strong>.<\/p>\n<\/div>\n<div>\n<p>Agreg\u00f3 que en\u00a0<strong>las tres sedes ser\u00e1n<\/strong>\u00a0el Z\u00f3calo de la Ciudad de M\u00e9xico; en el Parque Fundidora de Monterrey, Nuevo Le\u00f3n; y en la Plaza Liberaci\u00f3n, en Guadalajara, Jalisco.<\/p>\n<\/div>\n<div>\n<h2><strong>Sheinbaum especula posible causa del incendio en refiner\u00eda Dos Bocas<\/strong><\/h2>\n<\/div>\n<div>\n<p>Respecto al incendio\u00a0<strong>en la bodega de Coque en la refiner\u00eda Olmeca de Dos Bocas,\u00a0<\/strong>la mandataria federal especul\u00f3 la posible causa que lo pudo haber provocado.<\/p>\n<\/div>\n<div>\n<p>\u201cEl d\u00eda de ayer todav\u00eda estaba por determinarse la causa,\u00a0<strong>probablemente es la temperatura a la que sale el coque<\/strong>. La planta de Dos Bocas, produce mucho coque, que es el producto final de la refinaci\u00f3n\u201d, se\u00f1al\u00f3.<\/p>\n<\/div>\n<div>\n<p>Petr\u00f3leos Mexicanos (Pemex) confirm\u00f3 el pasado jueves que se registr\u00f3 el incendio en la refiner\u00eda Olmeca de Dos Bocas<strong>.<\/strong><\/p>\n<\/div>\n<div>\n<p>(Con informaci\u00f3n de\u00a0<em>EFE<\/em>)<\/p>\n<\/div>\n<\/div>\n<\/div>\n<\/div>\n<\/div>\n<\/div>\n<\/div>\n","protected":false},"excerpt":{"rendered":"<p>La presidenta Claudia Sheinbaum felicit\u00f3 a la \u00e1rbitra mexicana Katia Garc\u00eda, elegida por la FIFA como una de las colegiadas que participar\u00e1n en el Mundial 2026. Arranca la conferencia matutina\u2026 La presidenta\u00a0Claudia Sheinbaum Pardo\u00a0encabez\u00f3 este viernes la conferencia presidencial desde Palacio Nacional, donde atendi\u00f3 preguntas de medios y present\u00f3 informaci\u00f3n de relevancia nacional. Sheinbaum anuncia que viajar\u00e1 a Espa\u00f1a la siguiente semana Claudia Sheinbaum anunci\u00f3 este viernes que\u00a0el pr\u00f3ximo 18 de abril viajar\u00e1 a Barcelona\u00a0para asistir a una reuni\u00f3n de gobiernos progresistas, a donde acudir\u00e1n tambi\u00e9n los presidentes de Colombia, Gustavo Petro; Brasil, Luiz In\u00e1cio Lula da Silva, y el [&hellip;]<\/p>\n","protected":false},"author":3,"featured_media":144381,"comment_status":"open","ping_status":"open","sticky":false,"template":"","format":"standard","meta":{"_jetpack_newsletter_access":"","_jetpack_dont_email_post_to_subs":false,"_jetpack_newsletter_tier_id":0,"_jetpack_memberships_contains_paywalled_content":false,"_jetpack_feature_clip_id":0,"_jetpack_memberships_contains_paid_content":false,"footnotes":"","jetpack_publicize_message":"La ma\u00f1anera de Sheinbaum | viajar\u00e1 a Espa\u00f1a la siguiente semana; Grupo Modelo regalar\u00e1 500 boletos para el Mundial","jetpack_publicize_feature_enabled":true,"jetpack_social_post_already_shared":true,"jetpack_social_options":{"image_generator_settings":{"template":"highway","default_image_id":0,"font":"","enabled":false},"version":2},"jetpack_post_was_ever_published":false},"categories":[75],"tags":[],"class_list":["post-144377","post","type-post","status-publish","format-standard","has-post-thumbnail","hentry","category-nacional","post--single"],"jetpack_publicize_connections":[],"jetpack_featured_media_url":"https:\/\/ovelanalista.com\/wp-content\/uploads\/2026\/04\/mananera-Sheinbaum-viajara-Espana-siguiente-semana-Grupo-Modelo-regalara-500-boletos-mundial-100426.jpg","jetpack_sharing_enabled":true,"_links":{"self":[{"href":"https:\/\/ovelanalista.com\/index.php?rest_route=\/wp\/v2\/posts\/144377","targetHints":{"allow":["GET"]}}],"collection":[{"href":"https:\/\/ovelanalista.com\/index.php?rest_route=\/wp\/v2\/posts"}],"about":[{"href":"https:\/\/ovelanalista.com\/index.php?rest_route=\/wp\/v2\/types\/post"}],"author":[{"embeddable":true,"href":"https:\/\/ovelanalista.com\/index.php?rest_route=\/wp\/v2\/users\/3"}],"replies":[{"embeddable":true,"href":"https:\/\/ovelanalista.com\/index.php?rest_route=%2Fwp%2Fv2%2Fcomments&post=144377"}],"version-history":[{"count":1,"href":"https:\/\/ovelanalista.com\/index.php?rest_route=\/wp\/v2\/posts\/144377\/revisions"}],"predecessor-version":[{"id":144382,"href":"https:\/\/ovelanalista.com\/index.php?rest_route=\/wp\/v2\/posts\/144377\/revisions\/144382"}],"wp:featuredmedia":[{"embeddable":true,"href":"https:\/\/ovelanalista.com\/index.php?rest_route=\/wp\/v2\/media\/144381"}],"wp:attachment":[{"href":"https:\/\/ovelanalista.com\/index.php?rest_route=%2Fwp%2Fv2%2Fmedia&parent=144377"}],"wp:term":[{"taxonomy":"category","embeddable":true,"href":"https:\/\/ovelanalista.com\/index.php?rest_route=%2Fwp%2Fv2%2Fcategories&post=144377"},{"taxonomy":"post_tag","embeddable":true,"href":"https:\/\/ovelanalista.com\/index.php?rest_route=%2Fwp%2Fv2%2Ftags&post=144377"}],"curies":[{"name":"wp","href":"https:\/\/api.w.org\/{rel}","templated":true}]}}