{"id":144384,"date":"2026-04-10T13:26:59","date_gmt":"2026-04-10T20:26:59","guid":{"rendered":"https:\/\/ovelanalista.com\/?p=144384"},"modified":"2026-04-10T13:26:59","modified_gmt":"2026-04-10T20:26:59","slug":"productores-rompen-dialogo-con-el-gobierno-advierten-escalada-de-protestas-tras-cierre-de-puertas-en-segob","status":"publish","type":"post","link":"https:\/\/ovelanalista.com\/?p=144384","title":{"rendered":"Productores rompen di\u00e1logo con el Gobierno: advierten escalada de protestas tras cierre de puertas en Segob"},"content":{"rendered":"\n<p class=\"wp-block-paragraph\"><\/p>\n\n\n\n<p class=\"wp-block-paragraph\">Ciudad de M\u00e9xico.\u2013 La tensi\u00f3n entre el Gobierno Federal y los productores agr\u00edcolas alcanz\u00f3 un nuevo punto cr\u00edtico luego de que se les negara el acceso a la Secretar\u00eda de Gobernaci\u00f3n (Segob), lo que deton\u00f3 una postura m\u00e1s radical por parte del movimiento campesino.<\/p>\n\n\n\n<p class=\"wp-block-paragraph\">Baltazar Vald\u00e9s, dirigente de productores, lanz\u00f3 un mensaje contundente tras el incidente: \u201cNo hay mesa de negociaci\u00f3n, vamos a escalar las acciones de protesta y manifestaciones; tomaremos las acciones que sean necesarias\u201d, dejando claro que el conflicto ha entrado en una fase de confrontaci\u00f3n directa.<\/p>\n\n\n\n<p class=\"wp-block-paragraph\">La negativa de permitir el ingreso a las instalaciones de Segob no solo fue interpretada como un desplante institucional, sino como una se\u00f1al de cerraz\u00f3n pol\u00edtica frente a demandas que llevan meses sin resolverse. Lejos de apostar por el di\u00e1logo, acusan, el Gobierno opt\u00f3 por bloquear cualquier intento de interlocuci\u00f3n formal.<\/p>\n\n\n\n<p class=\"wp-block-paragraph\">Organizaciones agr\u00edcolas del norte del pa\u00eds han denunciado reiteradamente el abandono del campo, la falta de pagos pendientes y la ausencia de pol\u00edticas efectivas para sostener la producci\u00f3n. En ese contexto, el cierre de puertas en la dependencia federal parece confirmar seg\u00fan los inconformes una estrategia de desgaste y desatenci\u00f3n.<\/p>\n\n\n\n<p class=\"wp-block-paragraph\">La advertencia de \u201cescalar acciones\u201d no es menor. Entre las medidas que podr\u00edan intensificarse se contemplan bloqueos carreteros, toma de casetas, paralizaci\u00f3n de rutas comerciales e incluso movilizaciones masivas en la capital del pa\u00eds, lo que podr\u00eda generar afectaciones econ\u00f3micas y sociales de gran alcance.<\/p>\n\n\n\n<p class=\"wp-block-paragraph\">Analistas advierten que este tipo de decisiones, lejos de contener el conflicto, lo profundizan. La falta de canales de di\u00e1logo no solo incrementa la presi\u00f3n en las calles, sino que exhibe una preocupante incapacidad institucional para procesar demandas leg\u00edtimas de sectores productivos clave.<\/p>\n","protected":false},"excerpt":{"rendered":"<p>Ciudad de M\u00e9xico.\u2013 La tensi\u00f3n entre el Gobierno Federal y los productores agr\u00edcolas alcanz\u00f3 un nuevo punto cr\u00edtico luego de que se les negara el acceso a la Secretar\u00eda de Gobernaci\u00f3n (Segob), lo que deton\u00f3 una postura m\u00e1s radical por parte del movimiento campesino. Baltazar Vald\u00e9s, dirigente de productores, lanz\u00f3 un mensaje contundente tras el incidente: \u201cNo hay mesa de negociaci\u00f3n, vamos a escalar las acciones de protesta y manifestaciones; tomaremos las acciones que sean necesarias\u201d, dejando claro que el conflicto ha entrado en una fase de confrontaci\u00f3n directa. La negativa de permitir el ingreso a las instalaciones de Segob [&hellip;]<\/p>\n","protected":false},"author":3,"featured_media":144383,"comment_status":"closed","ping_status":"open","sticky":false,"template":"","format":"standard","meta":{"_jetpack_newsletter_access":"","_jetpack_dont_email_post_to_subs":false,"_jetpack_newsletter_tier_id":0,"_jetpack_memberships_contains_paywalled_content":false,"_jetpack_feature_clip_id":0,"_jetpack_memberships_contains_paid_content":false,"footnotes":"","jetpack_publicize_message":"Productores rompen di\u00e1logo con el Gobierno: advierten escalada de protestas tras cierre de puertas en Segob","jetpack_publicize_feature_enabled":true,"jetpack_social_post_already_shared":true,"jetpack_social_options":{"image_generator_settings":{"template":"highway","default_image_id":0,"font":"","enabled":false},"version":2},"jetpack_post_was_ever_published":false},"categories":[90,75,72],"tags":[],"class_list":["post-144384","post","type-post","status-publish","format-standard","has-post-thumbnail","hentry","category-estatal","category-nacional","category-portada","post--single"],"jetpack_publicize_connections":[],"jetpack_featured_media_url":"https:\/\/ovelanalista.com\/wp-content\/uploads\/2026\/04\/86e10eca-c54d-41f4-a229-27e9be6be713.jpg","jetpack_sharing_enabled":true,"_links":{"self":[{"href":"https:\/\/ovelanalista.com\/index.php?rest_route=\/wp\/v2\/posts\/144384","targetHints":{"allow":["GET"]}}],"collection":[{"href":"https:\/\/ovelanalista.com\/index.php?rest_route=\/wp\/v2\/posts"}],"about":[{"href":"https:\/\/ovelanalista.com\/index.php?rest_route=\/wp\/v2\/types\/post"}],"author":[{"embeddable":true,"href":"https:\/\/ovelanalista.com\/index.php?rest_route=\/wp\/v2\/users\/3"}],"replies":[{"embeddable":true,"href":"https:\/\/ovelanalista.com\/index.php?rest_route=%2Fwp%2Fv2%2Fcomments&post=144384"}],"version-history":[{"count":1,"href":"https:\/\/ovelanalista.com\/index.php?rest_route=\/wp\/v2\/posts\/144384\/revisions"}],"predecessor-version":[{"id":144385,"href":"https:\/\/ovelanalista.com\/index.php?rest_route=\/wp\/v2\/posts\/144384\/revisions\/144385"}],"wp:featuredmedia":[{"embeddable":true,"href":"https:\/\/ovelanalista.com\/index.php?rest_route=\/wp\/v2\/media\/144383"}],"wp:attachment":[{"href":"https:\/\/ovelanalista.com\/index.php?rest_route=%2Fwp%2Fv2%2Fmedia&parent=144384"}],"wp:term":[{"taxonomy":"category","embeddable":true,"href":"https:\/\/ovelanalista.com\/index.php?rest_route=%2Fwp%2Fv2%2Fcategories&post=144384"},{"taxonomy":"post_tag","embeddable":true,"href":"https:\/\/ovelanalista.com\/index.php?rest_route=%2Fwp%2Fv2%2Ftags&post=144384"}],"curies":[{"name":"wp","href":"https:\/\/api.w.org\/{rel}","templated":true}]}}