{"id":144454,"date":"2026-04-13T13:30:13","date_gmt":"2026-04-13T20:30:13","guid":{"rendered":"https:\/\/ovelanalista.com\/?p=144454"},"modified":"2026-04-13T12:17:06","modified_gmt":"2026-04-13T19:17:06","slug":"murio-henry-nino-quemado-durante-actos-vandalicos-tras-abatimiento-de-el-mencho","status":"publish","type":"post","link":"https:\/\/ovelanalista.com\/?p=144454","title":{"rendered":"Muri\u00f3 Henry, ni\u00f1o quemado durante actos vand\u00e1licos tras abatimiento de \u2018el Mencho\u2019"},"content":{"rendered":"<p>El ni\u00f1o Henry, quien result\u00f3 con quemaduras de gravedad por un ataque tras el abatimiento de \u2018el Mencho\u2019, muri\u00f3 tras 49 d\u00edas hospitalizado.<\/p>\n<p>El\u00a0<strong>ni\u00f1o Henry<\/strong>, quien result\u00f3 con\u00a0<strong>quemaduras<\/strong>\u00a0durante\u00a0<strong>actos vand\u00e1licos<\/strong>\u00a0en el Edomex tras el\u00a0<strong>abatimiento<\/strong>\u00a0de \u2018<strong>el Mencho<\/strong>\u2018,\u00a0<strong>muri\u00f3<\/strong>.<\/p>\n<blockquote class=\"twitter-tweet\" data-width=\"550\" data-dnt=\"true\">\n<p lang=\"es\" dir=\"ltr\">As\u00ed fue el ataque en la tienda 3B en Av. Cuitl\u00e1huac en Valle de Chalco, para los que siguen diciendo que no es verdad&#8230;.ayuden a dar difusi\u00f3n de lo que est\u00e1 pasando en el municipio <\/p>\n<p>Resultaron un menor y su padre con quemaduras por la bomba molotov <a href=\"https:\/\/t.co\/MCOueLlEPi\">pic.twitter.com\/MCOueLlEPi<\/a><\/p>\n<p>&mdash; Alerta Valle de Chalco (@AlertaValledech) <a href=\"https:\/\/twitter.com\/AlertaValledech\/status\/2025779774837432461?ref_src=twsrc%5Etfw\">February 23, 2026<\/a><\/p><\/blockquote>\n<p><script async src=\"https:\/\/platform.twitter.com\/widgets.js\" charset=\"utf-8\"><\/script><\/p>\n<h2>\u00a0Atacan a ni\u00f1o tras abatimiento de \u2018el Mencho\u2019<\/h2>\n<p>La noche del pasado 22 de febrero sujetos irrumpieron en un\u00a0<strong>supermercado<\/strong>\u00a0de\u00a0<strong>Valle de Chalco<\/strong>, Edomex, y arrojaron\u00a0<strong>bombas molotov<\/strong>\u00a0para incendiar el inmueble.<\/p>\n<p>Esto, como parte de los\u00a0<strong>actos vand\u00e1licos<\/strong>\u00a0en al menos 22 estados del pa\u00eds por el\u00a0<a href=\"https:\/\/lopezdoriga.com\/lopez-doriga-tv\/programa-especial-la-muerte-de-el-mencho-lider-del-cjng\/\" target=\"_blank\" rel=\"noopener\">abatimiento<\/a>\u00a0de \u2018<strong>el Mencho<\/strong>\u2018.<\/p>\n<blockquote class=\"twitter-tweet\" data-width=\"550\" data-dnt=\"true\">\n<p lang=\"es\" dir=\"ltr\">Momento exacto cuando una tienda 3b en el municipio de Valle de Chalco arden llamas a las afueras padre e hijo se est\u00e1n encendiendo personas ayudan a apagar el fuego <a href=\"https:\/\/t.co\/NbpMH2OPwk\">pic.twitter.com\/NbpMH2OPwk<\/a><\/p>\n<p>&mdash; Alerta Valle de Chalco (@AlertaValledech) <a href=\"https:\/\/twitter.com\/AlertaValledech\/status\/2025827880710889496?ref_src=twsrc%5Etfw\">February 23, 2026<\/a><\/p><\/blockquote>\n<p><script async src=\"https:\/\/platform.twitter.com\/widgets.js\" charset=\"utf-8\"><\/script><\/p>\n<p>El\u00a0<strong>ni\u00f1o Henry<\/strong>, su\u00a0<strong>padre<\/strong>\u00a0y otro\u00a0<strong>hombre<\/strong>\u00a0resultaron heridos.<\/p>\n<p>El\u00a0<strong>peque\u00f1o<\/strong>\u00a0de 2 a\u00f1os de edad fue trasladado al\u00a0<strong>Instituto Nacional de Rehabilitaci\u00f3n<\/strong>\u00a0(INR) en la CDMX para su debida atenci\u00f3n m\u00e9dica, toda vez que result\u00f3 con\u00a0<strong>quemaduras<\/strong>\u00a0en el\u00a0<strong>80 por ciento<\/strong>\u00a0del\u00a0<strong>cuerpo<\/strong>.<\/p>\n<p>Durante los 49 d\u00edas que permaneci\u00f3 hospitalizado, el\u00a0<strong>ni\u00f1o Henry<\/strong>\u00a0estuvo bajo\u00a0<strong>sedaci\u00f3n<\/strong>\u00a0y con\u00a0<strong>ventilaci\u00f3n<\/strong>\u00a0<strong>mec\u00e1nica<\/strong>, pues su sistema respiratorio se vio comprometido.<\/p>\n<p>Al morir el menor, la Fiscal\u00eda del Edomex buscar\u00e1 reclasificar el delito a\u00a0<strong>homicidio<\/strong>, toda vez que la investigaci\u00f3n se abri\u00f3 por tentativa de homicidio.<\/p>\n<h2>\u00a0Suman 4 detenidos por ataque a supermercado en Valle de Chalco<\/h2>\n<p>Derivado del\u00a0<strong>ataque incendiario<\/strong>\u00a0a un\u00a0<strong>supermercado<\/strong>\u00a0en\u00a0<strong>Valle de Chalco<\/strong>, autoridades han\u00a0<strong>detenido<\/strong>\u00a0a\u00a0<strong>cuatro hombres<\/strong>.<\/p>\n<p>Investigaciones arrojaron que\u00a0<strong>Miguel \u00c1ngel N.<\/strong>\u00a0orden\u00f3 el incendio y proporcion\u00f3 las botellas con l\u00edquido inflamable que fueron arrojadas en el negocio.<\/p>\n<p>Una vecina narr\u00f3 que vio al autor intelectual reunirse con varios hombres, a quienes ofreci\u00f3\u00a0<strong>8 mil pesos<\/strong>\u00a0por cometer el\u00a0<strong>ataque<\/strong>.<\/p>\n<blockquote><p>\u00d3rale, pero por lo menos quiero un muerto, si no no les pago\u201d, dijo Miguel \u00c1ngel N., seg\u00fan la declaraci\u00f3n de la vecina.<\/p><\/blockquote>\n<p>Los otros\u00a0<strong>tres detenidos<\/strong>\u00a0por el ataque son Luis Antonio \u2018<strong>el Negro<\/strong>\u2018, Edgar \u2018<strong>el Peluso<\/strong>\u2018 y un\u00a0<strong>adolescente<\/strong>.<\/p>\n<p>Tambi\u00e9n se identific\u00f3 a un hombre llamado Irving N. como presunto part\u00edcipe en el ataque.<\/p>\n<p>Con informaci\u00f3n de N+<\/p>\n","protected":false},"excerpt":{"rendered":"<p>El ni\u00f1o Henry, quien result\u00f3 con quemaduras de gravedad por un ataque tras el abatimiento de \u2018el Mencho\u2019, muri\u00f3 tras 49 d\u00edas hospitalizado. El\u00a0ni\u00f1o Henry, quien result\u00f3 con\u00a0quemaduras\u00a0durante\u00a0actos vand\u00e1licos\u00a0en el Edomex tras el\u00a0abatimiento\u00a0de \u2018el Mencho\u2018,\u00a0muri\u00f3. As\u00ed fue el ataque en la tienda 3B en Av. Cuitl\u00e1huac en Valle de Chalco, para los que siguen diciendo que no es verdad&#8230;.ayuden a dar difusi\u00f3n de lo que est\u00e1 pasando en el municipio Resultaron un menor y su padre con quemaduras por la bomba molotov pic.twitter.com\/MCOueLlEPi &mdash; Alerta Valle de Chalco (@AlertaValledech) February 23, 2026 \u00a0Atacan a ni\u00f1o tras abatimiento de \u2018el Mencho\u2019 [&hellip;]<\/p>\n","protected":false},"author":3,"featured_media":144460,"comment_status":"open","ping_status":"open","sticky":false,"template":"","format":"standard","meta":{"_jetpack_newsletter_access":"","_jetpack_dont_email_post_to_subs":false,"_jetpack_newsletter_tier_id":0,"_jetpack_memberships_contains_paywalled_content":false,"_jetpack_feature_clip_id":0,"_jetpack_memberships_contains_paid_content":false,"footnotes":"","jetpack_publicize_message":"","jetpack_publicize_feature_enabled":true,"jetpack_social_post_already_shared":true,"jetpack_social_options":{"image_generator_settings":{"template":"highway","default_image_id":0,"font":"","enabled":false},"version":2},"jetpack_post_was_ever_published":false},"categories":[75],"tags":[],"class_list":["post-144454","post","type-post","status-publish","format-standard","has-post-thumbnail","hentry","category-nacional","post--single"],"jetpack_publicize_connections":[],"jetpack_featured_media_url":"https:\/\/ovelanalista.com\/wp-content\/uploads\/2026\/04\/instituto-nacional-de-rehabilitacion.jpg","jetpack_sharing_enabled":true,"_links":{"self":[{"href":"https:\/\/ovelanalista.com\/index.php?rest_route=\/wp\/v2\/posts\/144454","targetHints":{"allow":["GET"]}}],"collection":[{"href":"https:\/\/ovelanalista.com\/index.php?rest_route=\/wp\/v2\/posts"}],"about":[{"href":"https:\/\/ovelanalista.com\/index.php?rest_route=\/wp\/v2\/types\/post"}],"author":[{"embeddable":true,"href":"https:\/\/ovelanalista.com\/index.php?rest_route=\/wp\/v2\/users\/3"}],"replies":[{"embeddable":true,"href":"https:\/\/ovelanalista.com\/index.php?rest_route=%2Fwp%2Fv2%2Fcomments&post=144454"}],"version-history":[{"count":1,"href":"https:\/\/ovelanalista.com\/index.php?rest_route=\/wp\/v2\/posts\/144454\/revisions"}],"predecessor-version":[{"id":144461,"href":"https:\/\/ovelanalista.com\/index.php?rest_route=\/wp\/v2\/posts\/144454\/revisions\/144461"}],"wp:featuredmedia":[{"embeddable":true,"href":"https:\/\/ovelanalista.com\/index.php?rest_route=\/wp\/v2\/media\/144460"}],"wp:attachment":[{"href":"https:\/\/ovelanalista.com\/index.php?rest_route=%2Fwp%2Fv2%2Fmedia&parent=144454"}],"wp:term":[{"taxonomy":"category","embeddable":true,"href":"https:\/\/ovelanalista.com\/index.php?rest_route=%2Fwp%2Fv2%2Fcategories&post=144454"},{"taxonomy":"post_tag","embeddable":true,"href":"https:\/\/ovelanalista.com\/index.php?rest_route=%2Fwp%2Fv2%2Ftags&post=144454"}],"curies":[{"name":"wp","href":"https:\/\/api.w.org\/{rel}","templated":true}]}}