{"id":144462,"date":"2026-04-13T14:00:31","date_gmt":"2026-04-13T21:00:31","guid":{"rendered":"https:\/\/ovelanalista.com\/?p=144462"},"modified":"2026-04-13T12:28:10","modified_gmt":"2026-04-13T19:28:10","slug":"sheinbaum-reconoce-acercamiento-entre-mexico-y-espana-previo-a-su-viaje-a-barcelona","status":"publish","type":"post","link":"https:\/\/ovelanalista.com\/?p=144462","title":{"rendered":"Sheinbaum reconoce \u201cacercamiento\u201d entre M\u00e9xico y Espa\u00f1a, previo a su viaje a Barcelona"},"content":{"rendered":"<p>La presidenta Sheinbaum dej\u00f3 en claro en su conferencia matutina que \u201cnunca\u201d se ha roto la relaci\u00f3n diplom\u00e1tica con Espa\u00f1a.<\/p>\n<p class=\"p1\">La presidenta\u00a0<a href=\"https:\/\/x.com\/Claudiashein\" target=\"_blank\" rel=\"noreferrer noopener\"><span class=\"s1\"><b>Claudia<\/b><\/span><\/a><b>\u00a0Sheinbaum Pardo<\/b>\u00a0asegur\u00f3 que \u201c<strong>nunca\u201d se ha roto<\/strong>\u00a0la\u00a0<strong>relaci\u00f3n diplom\u00e1tica<\/strong>\u00a0con\u00a0<strong>Espa\u00f1a<\/strong>\u00a0y reconoci\u00f3 el reciente \u201cacercamiento\u201d bilateral, d\u00edas antes de su primer viaje a ese pa\u00eds desde que asumi\u00f3 el cargo en 2024.<\/p>\n<blockquote>\n<p class=\"p1\">\u201cNunca se ha roto la relaci\u00f3n diplom\u00e1tica con Espa\u00f1a, nunca. Bueno, en la \u00e9poca de (la dictadura de Francisco) Franco (1939-1975). Pero desde que vino aquella carta del (ex)presidente (Andr\u00e9s Manuel) L\u00f3pez Obrador (2018-2024) al rey de Espa\u00f1a, las relaciones diplom\u00e1ticas contin\u00faan\u201d, se\u00f1al\u00f3 durante su conferencia matutina en Palacio Nacional.<\/p>\n<\/blockquote>\n<p>Sin embargo, Sheinbaum Pardo reconoci\u00f3 que \u201cha habido un acercamiento distinto en el \u00faltimo a\u00f1o, tanto del gobierno espa\u00f1ol como del propio rey de Espa\u00f1a\u201d.<\/p>\n<p>La mandataria mexicana explic\u00f3 que ha habido una interpretaci\u00f3n distinta de lo que fue la llegada de los espa\u00f1oles a M\u00e9xico, y subray\u00f3 que el presidente del Gobierno espa\u00f1ol, Pedro S\u00e1nchez, y el propio rey, Felipe VI, reconocieron en momentos distintos que se debe evaluar de una manera distinta la conquista.<\/p>\n<p>\u201cEntonces yo dije: ah\u00ed hay un paso en este sentido\u201d, manifest\u00f3.<\/p>\n<p>Sheinbaum aclar\u00f3 que el viaje que har\u00e1 a Barcelona el pr\u00f3ximo 18 de abril, no es una visita de Estado, aunque reconoci\u00f3 que se reunir\u00e1 con el presidente espa\u00f1ol, pero esto ser\u00e1 en el marco del encuentro con mandatarios de gobiernos progresistas.<\/p>\n<p>\u201cAh\u00ed vamos a ver (\u2026) a otros presidentes de Am\u00e9rica Latina y a otros representantes de otras naciones, este marco (es) en el que vamos\u201d, apunt\u00f3 en referencia a la presencia en el evento del mandatario colombiano, Gustavo Petro; el brasile\u00f1o, Luiz In\u00e1cio Lula da Silva; y el uruguayo, Yamand\u00fa Orsi, adem\u00e1s del anfitri\u00f3n, Pedro S\u00e1nchez.<\/p>\n<div id=\"ros-inread-multiple-dz2r91\" class=\"ad-container dfp-ad-unit ad-inread ad-slot\" data-ad-type=\"inreadbox\" data-slot=\"inread-multiple\" data-ad-loaded=\"1\" data-ad-setup=\"{&quot;postID&quot;:1778819,&quot;canRefresh&quot;:false,&quot;infinitescroll&quot;:false}\" data-google-query-id=\"CPaR5srF65MDFczB_QUdpHQa2A\"><\/div>\n<div data-ad-type=\"inreadbox\" data-slot=\"inread-multiple\" data-ad-loaded=\"1\" data-ad-setup=\"{&quot;postID&quot;:1778819,&quot;canRefresh&quot;:false,&quot;infinitescroll&quot;:false}\" data-google-query-id=\"CPaR5srF65MDFczB_QUdpHQa2A\">\n<p>Sheinbaum Pardo explic\u00f3 que hasta ahora, se ha dicho que los espa\u00f1oles vinieron a \u201ccivilizar\u201d a los pueblos en Am\u00e9rica o que fue \u201cun encuentro de dos mundos\u201d, pero exalt\u00f3 que fue un encuentro \u201cbastante violento\u201d en el que hubo matanzas a pueblos ind\u00edgenas y saqueos.<\/p>\n<p>Por ello, dijo que su gobierno seguir\u00e1 insistiendo en que \u201cse conozca la verdad\u201d de la conquista desde la visi\u00f3n de los pueblos originarios.<\/p>\n<p>En meses recientes, M\u00e9xico y Espa\u00f1a han dado se\u00f1ales de distensi\u00f3n en sus relaciones bilaterales, tras tensiones por la solicitud del Gobierno mexicano de que la Corona espa\u00f1ola ofrezca una disculpa por los agravios de la conquista, con llamamientos a profundizar el di\u00e1logo hist\u00f3rico y pol\u00edtico entre ambas naciones.<\/p>\n<p>Sheinbaum Pardo ha defendido en diversas ocasiones la solicitud de perd\u00f3n impulsada desde 2019 por el entonces presidente L\u00f3pez Obrador, recordando la tradici\u00f3n mexicana de solidaridad con Espa\u00f1a, especialmente durante la Rep\u00fablica y el exilio causado por el franquismo.<\/p>\n<p>Ante la falta de respuesta por Madrid, Sheinbaum no invit\u00f3 al rey Felipe VI a su investidura en 2024, lo que provoc\u00f3 que el gobierno espa\u00f1ol no enviase a ning\u00fan representante al acto, en un hecho sin precedentes, y gener\u00f3 una crisis diplom\u00e1tica entre ambos pa\u00edses.<\/p>\n<p>El mes pasado, el rey Felipe VI reconoci\u00f3 que en la conquista de Am\u00e9rica hubo \u201cmucho abuso\u201d, lo que la mandataria mexicana valor\u00f3 como un \u201cgesto\u201d del jefe de Estado espa\u00f1ol, aunque a\u00f1adi\u00f3 que \u201chay que seguir trabajando\u201d en el proceso de reconocimiento hist\u00f3rico.<\/p>\n<p class=\"p1\">Con informaci\u00f3n de EFE<\/p>\n<\/div>\n","protected":false},"excerpt":{"rendered":"<p>La presidenta Sheinbaum dej\u00f3 en claro en su conferencia matutina que \u201cnunca\u201d se ha roto la relaci\u00f3n diplom\u00e1tica con Espa\u00f1a. La presidenta\u00a0Claudia\u00a0Sheinbaum Pardo\u00a0asegur\u00f3 que \u201cnunca\u201d se ha roto\u00a0la\u00a0relaci\u00f3n diplom\u00e1tica\u00a0con\u00a0Espa\u00f1a\u00a0y reconoci\u00f3 el reciente \u201cacercamiento\u201d bilateral, d\u00edas antes de su primer viaje a ese pa\u00eds desde que asumi\u00f3 el cargo en 2024. \u201cNunca se ha roto la relaci\u00f3n diplom\u00e1tica con Espa\u00f1a, nunca. Bueno, en la \u00e9poca de (la dictadura de Francisco) Franco (1939-1975). Pero desde que vino aquella carta del (ex)presidente (Andr\u00e9s Manuel) L\u00f3pez Obrador (2018-2024) al rey de Espa\u00f1a, las relaciones diplom\u00e1ticas contin\u00faan\u201d, se\u00f1al\u00f3 durante su conferencia matutina en Palacio Nacional. [&hellip;]<\/p>\n","protected":false},"author":3,"featured_media":144466,"comment_status":"open","ping_status":"open","sticky":false,"template":"","format":"standard","meta":{"_jetpack_newsletter_access":"","_jetpack_dont_email_post_to_subs":false,"_jetpack_newsletter_tier_id":0,"_jetpack_memberships_contains_paywalled_content":false,"_jetpack_feature_clip_id":0,"_jetpack_memberships_contains_paid_content":false,"footnotes":"","jetpack_publicize_message":"","jetpack_publicize_feature_enabled":true,"jetpack_social_post_already_shared":true,"jetpack_social_options":{"image_generator_settings":{"template":"highway","default_image_id":0,"font":"","enabled":false},"version":2},"jetpack_post_was_ever_published":false},"categories":[75],"tags":[],"class_list":["post-144462","post","type-post","status-publish","format-standard","has-post-thumbnail","hentry","category-nacional","post--single"],"jetpack_publicize_connections":[],"jetpack_featured_media_url":"https:\/\/ovelanalista.com\/wp-content\/uploads\/2026\/04\/claudia-sheinbaum-espana.jpg","jetpack_sharing_enabled":true,"_links":{"self":[{"href":"https:\/\/ovelanalista.com\/index.php?rest_route=\/wp\/v2\/posts\/144462","targetHints":{"allow":["GET"]}}],"collection":[{"href":"https:\/\/ovelanalista.com\/index.php?rest_route=\/wp\/v2\/posts"}],"about":[{"href":"https:\/\/ovelanalista.com\/index.php?rest_route=\/wp\/v2\/types\/post"}],"author":[{"embeddable":true,"href":"https:\/\/ovelanalista.com\/index.php?rest_route=\/wp\/v2\/users\/3"}],"replies":[{"embeddable":true,"href":"https:\/\/ovelanalista.com\/index.php?rest_route=%2Fwp%2Fv2%2Fcomments&post=144462"}],"version-history":[{"count":1,"href":"https:\/\/ovelanalista.com\/index.php?rest_route=\/wp\/v2\/posts\/144462\/revisions"}],"predecessor-version":[{"id":144467,"href":"https:\/\/ovelanalista.com\/index.php?rest_route=\/wp\/v2\/posts\/144462\/revisions\/144467"}],"wp:featuredmedia":[{"embeddable":true,"href":"https:\/\/ovelanalista.com\/index.php?rest_route=\/wp\/v2\/media\/144466"}],"wp:attachment":[{"href":"https:\/\/ovelanalista.com\/index.php?rest_route=%2Fwp%2Fv2%2Fmedia&parent=144462"}],"wp:term":[{"taxonomy":"category","embeddable":true,"href":"https:\/\/ovelanalista.com\/index.php?rest_route=%2Fwp%2Fv2%2Fcategories&post=144462"},{"taxonomy":"post_tag","embeddable":true,"href":"https:\/\/ovelanalista.com\/index.php?rest_route=%2Fwp%2Fv2%2Ftags&post=144462"}],"curies":[{"name":"wp","href":"https:\/\/api.w.org\/{rel}","templated":true}]}}