{"id":144481,"date":"2026-04-14T09:40:51","date_gmt":"2026-04-14T16:40:51","guid":{"rendered":"https:\/\/ovelanalista.com\/?p=144481"},"modified":"2026-04-14T09:40:51","modified_gmt":"2026-04-14T16:40:51","slug":"agandalle-de-morena-sheinbaum-su-pasivo-2","status":"publish","type":"post","link":"https:\/\/ovelanalista.com\/?p=144481","title":{"rendered":"\u00bfAgandalle de Morena? Sheinbaum, su pasivo"},"content":{"rendered":"<p><strong>\u00cdNDICE POL\u00cdTICO<\/strong><\/p>\n<p><strong>FRANCISCO RODR\u00cdGUEZ<\/strong><\/p>\n<p>&nbsp;<\/p>\n<p>Con la complicidad del Tribunal Electoral del Poder Judicial (del acorde\u00f3n), Morena estar\u00eda a punto de convertirse en partido pol\u00edtico \u00fanico en nuestro pa\u00eds.<\/p>\n<p>Con ello el pa\u00eds retroceder\u00eda casi un siglo completito, hasta la \u00e9poca en la que\u00a0<strong>Plutarco El\u00edas Calles<\/strong>\u00a0fund\u00f3 el Partido Nacional Revolucionario, en 1929, antecedente directo de lo que ahora conocemos como PRI.<\/p>\n<p>Lo anterior es posible si, como ha trascendido, la instancia jurisdiccional electoral niega el registro condicionado a Somos M\u00e9xico, partido pol\u00edtico encabezado por\u00a0<strong>Guadalupe Acosta Naranjo<\/strong>\u00a0y conformado por ex correligionarios de AMLO \u2013a quien abandonaron por su desviaci\u00f3n del proyecto que dio origen al PRD\u2013 y por valiosos elementos de la llamada sociedad civil, muchos de quienes formaron nutridas filas en aquellos movimientos de protesta conocidos como \u201cMarea Rosa\u201d y que en sendas ocasiones consiguieron frenar las ambiciones autocr\u00e1ticas de\u00a0<strong>L\u00f3pez Obrador<\/strong>.<\/p>\n<p>En un sistema de partido pol\u00edtico, como el de la URSS \u2013igual ahora en Rusia\u2013, Cuba y Venezuela, el poder pol\u00edtico estar\u00eda monopolizado por Morena, quien junto con el TEPJF, no permite la existencia de ning\u00fan otro nuevo partido que pudiese competirle. Este sistema monopartidista se caracteriza por ser opresivo, intolerante, represivo, as\u00ed como por poseer un gran control coercitivo sobre la poblaci\u00f3n. Una dictadura, en pocas palabras.<\/p>\n<p>Y hacia all\u00e1 vamos. Con un PAN y un PRI desdibujados y hasta desacreditados ante los votantes\u2026<\/p>\n<p>\u2026 con la amenaza morenista \u2013repetida constantemente por la se\u00f1ora\u00a0<strong>Claudia Sheinbaum<\/strong>\u00a0a lo largo de sus menti\u00f1eras\u2013 de cobrar venganza con sus aliados ahora inc\u00f3modos PVEM y PT, por no haberse sumado a su iniciativa de autoritaria reforma electoral, as\u00ed como por haberle echado a tierra su proyecto de hacer coincidir al \u201cconfirmaci\u00f3n\u201d de mandato con las elecciones del a\u00f1o venidero, en el caso del de los Trabajadores\u2026<\/p>\n<p>\u2026 la suerte est\u00e1 echada. Las circunstancias favorecen la posibilidad nada lejana de que en M\u00e9xico, como antes con el Revolucionario Institucional, el Movimiento de Regeneraci\u00f3n Nacional se convierta en partido hegem\u00f3nico, preponderante, dependiente y auxiliar del propio gobierno\u2026<\/p>\n<p>\u2026 en el que obreros, campesinos y clases populares se encuentren en condiciones semejantes de dependencia\u2026<\/p>\n<p>\u2026 donde el Congreso de la Uni\u00f3n y el Poder Judicial sean controlados por el titular del Ejecutivo Federal\u2026<\/p>\n<p>\u2026 donde los ayuntamientos sean controlados por los gobernadores\u2026<\/p>\n<p>\u2026 en el que los gobernadores sean meras correas de transmisi\u00f3n de las decisiones y hasta de los caprichos de quien ocupa la Presidencia de la Rep\u00fablica\u2026<\/p>\n<p>\u2026 y, en resumen, donde no se d\u00e9 el modelo de los tres poderes, sino una concentraci\u00f3n del poder p\u00fablico que cambie el sistema de federalista a centralista.<\/p>\n<p>Una dictadura, repito.<\/p>\n<p>&nbsp;<\/p>\n<p><strong>Morena, muy aventajado<\/strong><\/p>\n<p>Ante la filtraci\u00f3n surgida del Tribunal Electoral de anular a Somos M\u00e9xico 35 de las asambleas de las 240 reportadas al INE, cuando el requisito es de 20 estatales o 200 distritales, en las que se afiliaron 256 mil electores, la dirigencia se muestra confiada en que tal fallo se pueda modificar con evidencias en poder del organismo en formaci\u00f3n.<\/p>\n<p>Pero no habr\u00eda que hacerse ilusiones. L\u00f3pez Obrador, quien sigue manejando los hilos de Morena \u2013y los de la misma se\u00f1ora Sheinbaum\u2014ha dado muchas muestras de querer replicar el esquema de aquel viejo PRI del que \u00e9l fue militante y hasta dirigente estatal en Tabasco.<\/p>\n<p>Las ventajas de Morena son evidentes. Del presupuesto que el INE le asign\u00f3 para este 2026 sin que haya procesos electorales federales se lleva la mayor tajada. De un total de 7 mil 537 millones de pesos para todos los partidos, el guinda se embolsa 2 mil millones 798 mil 382 pesos.<\/p>\n<p>A ello sume lo que en cada entidad le asignan los Coples, m\u00e1s las \u201cinversiones\u201d que seguramente har\u00e1n los gobiernos federal y estatales, as\u00ed como sus socios del crimen organizado.<\/p>\n<p>Morena, por supuesto, har\u00e1 uso del chantaje. Votos a cambio de no quitar a los electores las \u201cayudas\u201d del Bienestar. Y por si fuera poco tambi\u00e9n contar\u00e1 con el apoyo de Sheinbaum quien, desde sus menti\u00f1eras, har\u00e1 propaganda para favorecer a los candidatos de su partido.<\/p>\n<p><strong>Claudia, su desventaja<\/strong><\/p>\n<p>Aunque es la propia Sheinbaum una de las muchas causas que menoscaban lo que hasta ahora se proyecta como partido hegem\u00f3nico. \u00a1Su gesti\u00f3n como inquilina de AMLO en Palacio Nacional es un desastre!<\/p>\n<p>Ella lo sabe y por tal se irrita, se enoja, grita, manda a callar a la gente que le reclama su falta de entrega, el incumplimiento de sus promesas y compromisos, su falta de palabra.<\/p>\n<p>Las encue$ta$ patrocinadas con recursos de quienes pagamos impuestos son como el espejo de la madrastra de\u00a0<strong>Blancanieves<\/strong>. Le dicen que no, que ella no es la \u201cmejor Presidente\u201d, como la engatusa AMLO; que \u201cM\u00e9xico no es el pa\u00eds m\u00e1s democr\u00e1tico del mundo\u201d, como ella presume.<\/p>\n<p>Que, en cambio,\u00a0<strong>Donald Trump<\/strong>\u00a0tiene raz\u00f3n. Que s\u00ed, que es el crimen organizado el que tiene manga ancha para actuar en casi tres cuartas partes del territorio; que \u201cel pueblo\u201d tiene miedo ante la inacci\u00f3n y las falsas estad\u00edsticas de la dizque Seguridad Ciudadana en materia de homicidios dolosos y desaparecidos\u2026<\/p>\n<p>\u2026 que el despilfarro y la corrupci\u00f3n en obras inservibles y hasta mortales de quien la coloc\u00f3 en ese sitial de privilegio \u2013no fue \u201cel pueblo\u201d, como ella se enga\u00f1a\u2013 han provocado que no haya medicamentos en las cl\u00ednicas y hospitales; que \u00e9stos est\u00e9n en ruinas; que los edificios escolares se est\u00e9n cayendo y sin siquiera agua potable y servicios sanitarios\u2026<\/p>\n<p>\u2026 que la terca realidad le diga, como reci\u00e9n lo hicieron Latam Pulse y Bloomberg que su \u201cpopularidad\u201d real ya cay\u00f3 al 54% con 40% de rechazo\u2026<\/p>\n<p>\u2026 y que con esas cifras, Morena no se consolidar\u00e1 como partido \u00fanico, dictatorial.<\/p>\n<p>\u00a1Rotundo fracaso, pues, estamos por ver!<\/p>\n<p>&nbsp;<\/p>\n<p><strong>Indicios<\/strong><\/p>\n<p>\u00a1El que se enoja pierde! Recuerde la frase que escuchamos desde ni\u00f1os todos quienes nacimos aqu\u00ed, se\u00f1ora Sheinbaum. * * * Por hoy es todo. Como siempre, reciba mi reconocimiento por la lectura de este \u00cdndice Pol\u00edtico. Tambi\u00e9n mis mejores deseos para que tenga \u00a1buenas gracias y muchos, muchos d\u00edas!<\/p>\n<p><a href=\"https:\/\/indicepolitico.com\/\"><strong>https:\/\/indicepolitico.com<\/strong><\/a><br \/>\n<a href=\"https:\/\/mail.google.com\/mail\/?view=cm&amp;fs=1&amp;tf=1&amp;to=indicepolitico@gmail.com\"><strong>indicepolitico@gmail.com<\/strong><\/a><br \/>\n<a href=\"https:\/\/www.twitter.com\/IndicePolitico\"><strong>@IndicePolitico<\/strong><\/a><br \/>\n<a href=\"https:\/\/www.twitter.com\/pacorodriguez\"><strong>@pacorodriguez<\/strong><\/a><\/p>\n","protected":false},"excerpt":{"rendered":"<p>\u00cdNDICE POL\u00cdTICO FRANCISCO RODR\u00cdGUEZ &nbsp; Con la complicidad del Tribunal Electoral del Poder Judicial (del acorde\u00f3n), Morena estar\u00eda a punto de convertirse en partido pol\u00edtico \u00fanico en nuestro pa\u00eds. Con ello el pa\u00eds retroceder\u00eda casi un siglo completito, hasta la \u00e9poca en la que\u00a0Plutarco El\u00edas Calles\u00a0fund\u00f3 el Partido Nacional Revolucionario, en 1929, antecedente directo de lo que ahora conocemos como PRI. Lo anterior es posible si, como ha trascendido, la instancia jurisdiccional electoral niega el registro condicionado a Somos M\u00e9xico, partido pol\u00edtico encabezado por\u00a0Guadalupe Acosta Naranjo\u00a0y conformado por ex correligionarios de AMLO \u2013a quien abandonaron por su desviaci\u00f3n del proyecto [&hellip;]<\/p>\n","protected":false},"author":3,"featured_media":123550,"comment_status":"open","ping_status":"open","sticky":false,"template":"","format":"standard","meta":{"_jetpack_newsletter_access":"","_jetpack_dont_email_post_to_subs":false,"_jetpack_newsletter_tier_id":0,"_jetpack_memberships_contains_paywalled_content":false,"_jetpack_feature_clip_id":0,"_jetpack_memberships_contains_paid_content":false,"footnotes":"","jetpack_publicize_message":"","jetpack_publicize_feature_enabled":true,"jetpack_social_post_already_shared":true,"jetpack_social_options":{"image_generator_settings":{"template":"highway","default_image_id":0,"font":"","enabled":false},"version":2},"jetpack_post_was_ever_published":false},"categories":[79],"tags":[],"class_list":["post-144481","post","type-post","status-publish","format-standard","has-post-thumbnail","hentry","category-columnistas-nacionales","post--single"],"jetpack_publicize_connections":[],"jetpack_featured_media_url":"https:\/\/ovelanalista.com\/wp-content\/uploads\/2025\/06\/francisco_rodriguez.jpg","jetpack_sharing_enabled":true,"_links":{"self":[{"href":"https:\/\/ovelanalista.com\/index.php?rest_route=\/wp\/v2\/posts\/144481","targetHints":{"allow":["GET"]}}],"collection":[{"href":"https:\/\/ovelanalista.com\/index.php?rest_route=\/wp\/v2\/posts"}],"about":[{"href":"https:\/\/ovelanalista.com\/index.php?rest_route=\/wp\/v2\/types\/post"}],"author":[{"embeddable":true,"href":"https:\/\/ovelanalista.com\/index.php?rest_route=\/wp\/v2\/users\/3"}],"replies":[{"embeddable":true,"href":"https:\/\/ovelanalista.com\/index.php?rest_route=%2Fwp%2Fv2%2Fcomments&post=144481"}],"version-history":[{"count":1,"href":"https:\/\/ovelanalista.com\/index.php?rest_route=\/wp\/v2\/posts\/144481\/revisions"}],"predecessor-version":[{"id":144482,"href":"https:\/\/ovelanalista.com\/index.php?rest_route=\/wp\/v2\/posts\/144481\/revisions\/144482"}],"wp:featuredmedia":[{"embeddable":true,"href":"https:\/\/ovelanalista.com\/index.php?rest_route=\/wp\/v2\/media\/123550"}],"wp:attachment":[{"href":"https:\/\/ovelanalista.com\/index.php?rest_route=%2Fwp%2Fv2%2Fmedia&parent=144481"}],"wp:term":[{"taxonomy":"category","embeddable":true,"href":"https:\/\/ovelanalista.com\/index.php?rest_route=%2Fwp%2Fv2%2Fcategories&post=144481"},{"taxonomy":"post_tag","embeddable":true,"href":"https:\/\/ovelanalista.com\/index.php?rest_route=%2Fwp%2Fv2%2Ftags&post=144481"}],"curies":[{"name":"wp","href":"https:\/\/api.w.org\/{rel}","templated":true}]}}