{"id":144487,"date":"2026-04-14T09:47:18","date_gmt":"2026-04-14T16:47:18","guid":{"rendered":"https:\/\/ovelanalista.com\/?p=144487"},"modified":"2026-04-14T09:47:18","modified_gmt":"2026-04-14T16:47:18","slug":"amenazas-de-la-ia","status":"publish","type":"post","link":"https:\/\/ovelanalista.com\/?p=144487","title":{"rendered":"Amenazas de la IA"},"content":{"rendered":"<p><strong>Aunque Pese<\/strong><\/p>\n<p><strong>Por Salvador Mart\u00ednez G.<\/strong><\/p>\n<p>&nbsp;<\/p>\n<p>La Inteligencia Artificial (IA) no es buena ni mala perse, en realidad es una muy buena herramienta para simplificar, agilizar y realizar un sinf\u00edn de labores, pero en su estructura refleja las relaciones de poder e influencia de quienes la dise\u00f1an, financian y regulan.<\/p>\n<p>En M\u00e9xico, el debate a este respecto no puede quedar secuestrado por las grandes empresas tecnol\u00f3gicas (Meta, Nvidia o Google) o un punitivismo digital que s\u00f3lo profundiza desigualdades e incrementa desplazamientos.<\/p>\n<p>El pa\u00eds requiere una pol\u00edtica de Estado clara y definida con la participaci\u00f3n de sindicatos, universidades p\u00fablicas y privadas, comunidades ind\u00edgenas, agrupamientos empresariales y periodistas de todas las corrientes que elaboren un frente com\u00fan para no ser avasallados por las tecnolog\u00edas de vanguardia en IA.<\/p>\n<p>A M\u00e9xico llega la IA sin estar preparado, con alfabetizaci\u00f3n digital cr\u00edtica y escasa inversi\u00f3n p\u00fablica en conectividad y equipamiento. Hoy la brecha entre escuelas privadas con acceso a IA y escuelas p\u00fablicas sin internet es un abismo de desigualdad.<\/p>\n<p>En menos de dos a\u00f1os, dej\u00f3 de ser promesa futurista para convertirse en realidad avasalladora. Esta revoluci\u00f3n nos alcanza sin regulaci\u00f3n, sin conectividad universal y con un sistema educativo que a\u00fan debate sobre ense\u00f1ar o prohibir las herramientas generativas.<\/p>\n<p>Adem\u00e1s, el miedo al reemplazo masivo es real; millones trabajan en empleos de atenci\u00f3n a clientes, captura de datos, traducci\u00f3n b\u00e1sica o edici\u00f3n y redacci\u00f3n b\u00e1sica, todos ellos en riesgo por la automatizaci\u00f3n inteligente.<\/p>\n<p>Sin embargo, no se trata s\u00f3lo de defender puestos de empleo, sino mucho m\u00e1s, pues estas estructuras de programas de IA se penetran tambi\u00e9n en lo ideol\u00f3gico y lo pol\u00edtico y, por lo que se ve hasta hoy, la Inteligencia Artificial s\u00f3lo responde a los intereses mercantilistas de quienes la elaboraron y a sus necesidades de mercado. \u00a1Cuidado!<\/p>\n<p>&nbsp;<\/p>\n<p><strong>SUSURROS<\/strong><\/p>\n<p>Muy bien hizo la Presidenta Claudia Sheinbaum en respaldar la posici\u00f3n pacifista del Papa Le\u00f3n XIV tras las insultantes declaraciones del presidente Trump, que lo calific\u00f3 como d\u00e9bil y p\u00e9simo en pol\u00edtica exterior.<\/p>\n<p>Trump no tiene llenadero para agredir verbalmente a cualquier pa\u00eds o estadista como lo hizo con el jefe del Estado del Vaticano, quien se pronunci\u00f3 por parar la guerra de EU e Israel contra Ir\u00e1n, y ahora se vio obligado a advertirle al inquilino de la Casa Blanca que no le tiene miedo.<\/p>\n<p>Veremos hasta donde llegan las agresiones del imperialista belicista que hoy trastoca al mundo.<\/p>\n<p>Email: salvadormartinez@visionmx.com<br \/>\nX: @salvador_mtz<br \/>\nooo0ooo<\/p>\n","protected":false},"excerpt":{"rendered":"<p>Aunque Pese Por Salvador Mart\u00ednez G. &nbsp; La Inteligencia Artificial (IA) no es buena ni mala perse, en realidad es una muy buena herramienta para simplificar, agilizar y realizar un sinf\u00edn de labores, pero en su estructura refleja las relaciones de poder e influencia de quienes la dise\u00f1an, financian y regulan. En M\u00e9xico, el debate a este respecto no puede quedar secuestrado por las grandes empresas tecnol\u00f3gicas (Meta, Nvidia o Google) o un punitivismo digital que s\u00f3lo profundiza desigualdades e incrementa desplazamientos. El pa\u00eds requiere una pol\u00edtica de Estado clara y definida con la participaci\u00f3n de sindicatos, universidades p\u00fablicas y [&hellip;]<\/p>\n","protected":false},"author":3,"featured_media":123864,"comment_status":"open","ping_status":"open","sticky":false,"template":"","format":"standard","meta":{"_jetpack_newsletter_access":"","_jetpack_dont_email_post_to_subs":false,"_jetpack_newsletter_tier_id":0,"_jetpack_memberships_contains_paywalled_content":false,"_jetpack_feature_clip_id":0,"_jetpack_memberships_contains_paid_content":false,"footnotes":"","jetpack_publicize_message":"","jetpack_publicize_feature_enabled":true,"jetpack_social_post_already_shared":true,"jetpack_social_options":{"image_generator_settings":{"template":"highway","default_image_id":0,"font":"","enabled":false},"version":2},"jetpack_post_was_ever_published":false},"categories":[79],"tags":[],"class_list":["post-144487","post","type-post","status-publish","format-standard","has-post-thumbnail","hentry","category-columnistas-nacionales","post--single"],"jetpack_publicize_connections":[],"jetpack_featured_media_url":"https:\/\/ovelanalista.com\/wp-content\/uploads\/2025\/06\/salvador_martinez_garcia.jpg","jetpack_sharing_enabled":true,"_links":{"self":[{"href":"https:\/\/ovelanalista.com\/index.php?rest_route=\/wp\/v2\/posts\/144487","targetHints":{"allow":["GET"]}}],"collection":[{"href":"https:\/\/ovelanalista.com\/index.php?rest_route=\/wp\/v2\/posts"}],"about":[{"href":"https:\/\/ovelanalista.com\/index.php?rest_route=\/wp\/v2\/types\/post"}],"author":[{"embeddable":true,"href":"https:\/\/ovelanalista.com\/index.php?rest_route=\/wp\/v2\/users\/3"}],"replies":[{"embeddable":true,"href":"https:\/\/ovelanalista.com\/index.php?rest_route=%2Fwp%2Fv2%2Fcomments&post=144487"}],"version-history":[{"count":1,"href":"https:\/\/ovelanalista.com\/index.php?rest_route=\/wp\/v2\/posts\/144487\/revisions"}],"predecessor-version":[{"id":144491,"href":"https:\/\/ovelanalista.com\/index.php?rest_route=\/wp\/v2\/posts\/144487\/revisions\/144491"}],"wp:featuredmedia":[{"embeddable":true,"href":"https:\/\/ovelanalista.com\/index.php?rest_route=\/wp\/v2\/media\/123864"}],"wp:attachment":[{"href":"https:\/\/ovelanalista.com\/index.php?rest_route=%2Fwp%2Fv2%2Fmedia&parent=144487"}],"wp:term":[{"taxonomy":"category","embeddable":true,"href":"https:\/\/ovelanalista.com\/index.php?rest_route=%2Fwp%2Fv2%2Fcategories&post=144487"},{"taxonomy":"post_tag","embeddable":true,"href":"https:\/\/ovelanalista.com\/index.php?rest_route=%2Fwp%2Fv2%2Ftags&post=144487"}],"curies":[{"name":"wp","href":"https:\/\/api.w.org\/{rel}","templated":true}]}}