{"id":144488,"date":"2026-04-14T09:48:30","date_gmt":"2026-04-14T16:48:30","guid":{"rendered":"https:\/\/ovelanalista.com\/?p=144488"},"modified":"2026-04-14T09:48:30","modified_gmt":"2026-04-14T16:48:30","slug":"los-fuerenos","status":"publish","type":"post","link":"https:\/\/ovelanalista.com\/?p=144488","title":{"rendered":"Los Fuere\u00f1os"},"content":{"rendered":"<p><strong>HOMO POL\u00cdTICUS<\/strong><\/p>\n<p><strong>PAVE SOBERANES<\/strong><\/p>\n<ul>\n<li><i>Harfuch, \u00bfVerdad que s\u00ed se Puede?<\/i><\/li>\n<\/ul>\n<blockquote><p>\u00abEsta sensaci\u00f3n de que usted aprieta un bot\u00f3n y el mundo le responde\u00bb.\u00a0<b>Mario Benedetti<\/b>,\u00a0<i>Gracias por el fuego<\/i><\/p><\/blockquote>\n<p>&nbsp;<\/p>\n<p>La lista de suspirantes de la candidatura a la presidencia municipal de Cuernavaca es larga \u2014y ninguno de ellos es el m\u00e1s preparado.<\/p>\n<p>A Jorge Arg\u00fcelles \u2014quien junto con Hugo \u00c9ric Flores reniega de su estado de origen\u2014 se le recuerda por dos de sus simp\u00e1ticas frases: \u00abEl gobernador Cuauht\u00e9moc Blanco no es Dios\u00bb para resolver el creciente problema de la violencia y \u00abNo tiene una varita m\u00e1gica\u00bb para acabar con la inseguridad.<\/p>\n<p>El pastor evang\u00e9lico Flores Cervantes descubri\u00f3 el talento del exfutbolista y actor c\u00f3mico de Televisa, y pidi\u00f3 a L\u00f3pez Obrador la candidatura a la gubernatura de Morelos. La triada no se ha hecho responsable del gobierno ignorante, desinteresado y rapaz que construyeron \u2014el peor de todos los tiempos, s\u00f3lo superado por los gobernadores Jos\u00e9 G. Aguilar y Ambrosio Figueroa.<\/p>\n<p>El n\u00famero 3 de palacio de gobierno, Edgar Maldonado, es dado a ocultar en publicaciones su lugar de nacimiento, pero su cuna est\u00e1 en el independentista pueblo de Teloloapan, en la Sierra Madre del sur. Juan \u00c1ngel Flores es de Jojutla, y Agust\u00edn Alonso es de Yautepec como V\u00edctor Mercado.<\/p>\n<p>Esa media decena de transe\u00fantes-avecindados-fuere\u00f1os es quien han empezado movilizaciones personalistas, contra la observaci\u00f3n presidencial de respetar el reloj electoral.<\/p>\n<p>Si la votaci\u00f3n no siempre la gana el candidato mejor preparado, como apunt\u00e9 el viernes 10 en\u00a0<a title=\"https:\/\/indicepolitico.com\/se-parece-al-cuauh\/\" href=\"https:\/\/indicepolitico.com\/se-parece-al-cuauh\/\" target=\"_blank\" rel=\"noopener noreferrer\" data-auth=\"NotApplicable\" data-linkindex=\"3\"><i>\u00bfSe Parece al Cuauh?<\/i><\/a>, cualquiera de ellos puede ganar aunque sea la encuesta de MORENA, el partido de los seis, para obtener la candidatura al hotel Papagayo, sede del gobierno municipal.<\/p>\n<p>&nbsp;<\/p>\n<p>Y si tambi\u00e9n es cierto que los votantes lo hacen por quienes se parecen a \u00e9l \u2014horror al crimen, parecerse a Cuauht\u00e9moc Blanco, aunque no f\u00edsicamente\u2014, los m\u00e1s van a encontrar v\u00ednculos de comportamiento con Arg\u00fcelles, Flores, el otro Flores, Alonso, Mercado ni Maldonado, aunque no cuenten con idoneidad y perfil que requiere tan importante cargo, ahora que Cuernavaca est\u00e1 convertida en una fuente hist\u00f3rica de inmundicia y deshonestidad con Jos\u00e9 Luis Uri\u00f3stegui, nacido en Yautepec.<\/p>\n<p>&nbsp;<\/p>\n<p><b>letras<\/b>chiquitas<\/p>\n<p>La diputada\u00a0<b>Sandra Anaya<\/b>\u00a0anuncia, en una infograf\u00eda elaborada con Inteligencia Artificial que la hace irreconocible, una gira con un payaso en Cuernavaca por el\u00a0<i>d\u00eda del ni\u00f1o<\/i>***. La oficinita de\u00a0<b>Wendy Salinas<\/b>\u00a0advirti\u00f3 de multas a quien deje sus bolsas de basura en la calle, cuando la sancionada debe ser ella por incumplir su trabajo con eficacia y eficiencia***. En tanto\u00a0<b>Omar Garc\u00eda<\/b>, el jefe\u00a0<b>Harfuch<\/b>, libert\u00f3 al alcalde de Taxco y su padre, en Cuernavaca el jefe\u00a0<b>Nivardo\u00a0<\/b>de la polic\u00eda municipal a\u00fan no detiene a un par de mozalbetes que robaron con violencia a pasajeros de la Ruta 9 el s\u00e1bado y que en redes sociales ya le dijeron d\u00f3nde vive uno de ellos.<\/p>\n","protected":false},"excerpt":{"rendered":"<p>HOMO POL\u00cdTICUS PAVE SOBERANES Harfuch, \u00bfVerdad que s\u00ed se Puede? \u00abEsta sensaci\u00f3n de que usted aprieta un bot\u00f3n y el mundo le responde\u00bb.\u00a0Mario Benedetti,\u00a0Gracias por el fuego &nbsp; La lista de suspirantes de la candidatura a la presidencia municipal de Cuernavaca es larga \u2014y ninguno de ellos es el m\u00e1s preparado. A Jorge Arg\u00fcelles \u2014quien junto con Hugo \u00c9ric Flores reniega de su estado de origen\u2014 se le recuerda por dos de sus simp\u00e1ticas frases: \u00abEl gobernador Cuauht\u00e9moc Blanco no es Dios\u00bb para resolver el creciente problema de la violencia y \u00abNo tiene una varita m\u00e1gica\u00bb para acabar con la [&hellip;]<\/p>\n","protected":false},"author":3,"featured_media":123567,"comment_status":"open","ping_status":"open","sticky":false,"template":"","format":"standard","meta":{"_jetpack_newsletter_access":"","_jetpack_dont_email_post_to_subs":false,"_jetpack_newsletter_tier_id":0,"_jetpack_memberships_contains_paywalled_content":false,"_jetpack_feature_clip_id":0,"_jetpack_memberships_contains_paid_content":false,"footnotes":"","jetpack_publicize_message":"","jetpack_publicize_feature_enabled":true,"jetpack_social_post_already_shared":true,"jetpack_social_options":{"image_generator_settings":{"template":"highway","default_image_id":0,"font":"","enabled":false},"version":2},"jetpack_post_was_ever_published":false},"categories":[79],"tags":[],"class_list":["post-144488","post","type-post","status-publish","format-standard","has-post-thumbnail","hentry","category-columnistas-nacionales","post--single"],"jetpack_publicize_connections":[],"jetpack_featured_media_url":"https:\/\/ovelanalista.com\/wp-content\/uploads\/2025\/06\/pave_soberanes.jpg","jetpack_sharing_enabled":true,"_links":{"self":[{"href":"https:\/\/ovelanalista.com\/index.php?rest_route=\/wp\/v2\/posts\/144488","targetHints":{"allow":["GET"]}}],"collection":[{"href":"https:\/\/ovelanalista.com\/index.php?rest_route=\/wp\/v2\/posts"}],"about":[{"href":"https:\/\/ovelanalista.com\/index.php?rest_route=\/wp\/v2\/types\/post"}],"author":[{"embeddable":true,"href":"https:\/\/ovelanalista.com\/index.php?rest_route=\/wp\/v2\/users\/3"}],"replies":[{"embeddable":true,"href":"https:\/\/ovelanalista.com\/index.php?rest_route=%2Fwp%2Fv2%2Fcomments&post=144488"}],"version-history":[{"count":1,"href":"https:\/\/ovelanalista.com\/index.php?rest_route=\/wp\/v2\/posts\/144488\/revisions"}],"predecessor-version":[{"id":144492,"href":"https:\/\/ovelanalista.com\/index.php?rest_route=\/wp\/v2\/posts\/144488\/revisions\/144492"}],"wp:featuredmedia":[{"embeddable":true,"href":"https:\/\/ovelanalista.com\/index.php?rest_route=\/wp\/v2\/media\/123567"}],"wp:attachment":[{"href":"https:\/\/ovelanalista.com\/index.php?rest_route=%2Fwp%2Fv2%2Fmedia&parent=144488"}],"wp:term":[{"taxonomy":"category","embeddable":true,"href":"https:\/\/ovelanalista.com\/index.php?rest_route=%2Fwp%2Fv2%2Fcategories&post=144488"},{"taxonomy":"post_tag","embeddable":true,"href":"https:\/\/ovelanalista.com\/index.php?rest_route=%2Fwp%2Fv2%2Ftags&post=144488"}],"curies":[{"name":"wp","href":"https:\/\/api.w.org\/{rel}","templated":true}]}}