{"id":144495,"date":"2026-04-14T09:59:05","date_gmt":"2026-04-14T16:59:05","guid":{"rendered":"https:\/\/ovelanalista.com\/?p=144495"},"modified":"2026-04-14T09:59:05","modified_gmt":"2026-04-14T16:59:05","slug":"la-costumbre-del-poder-sera-que-130-millones-de-mexicanos-podremos-vivir-como-10-millones-de-cubanos","status":"publish","type":"post","link":"https:\/\/ovelanalista.com\/?p=144495","title":{"rendered":"La Costumbre del Poder: \u00bfSer\u00e1 que 130 millones de mexicanos podremos vivir como 10 millones de cubanos?"},"content":{"rendered":"<p><strong>\u00a0\u201cSheinbaum ha insistido en que su gobierno seguir\u00e1 apoyando al pueblo cubano ante lo que considera un bloqueo ilegal\u201d. Y los mexicanos, de cu\u00e1l sopa verter\u00e1n en nuestros platos. \u00bfDe las cartillas de racionamiento, a pesar de que en Cuba son 10 millones y aqu\u00ed 130? Las cifras no dan sino para una profunda pobreza alimentaria y cultural. Imposible omitir la pregunta: \u00bfvivir\u00edan la titular del Ejecutivo, los irremplazables ministro de la SCJN, los consejeros del INE y su presidenta, los miembros del Congreso, los gobernadores, AMLO y sus descendientes, con una cartilla de racionamiento, con su tarjeta del bienestar y un salario igualitario?<\/strong><\/p>\n<p><strong>Gregorio Ortega Molina<\/strong><\/p>\n<p>&nbsp;<\/p>\n<p>\u00bfCu\u00e1ntos millones de mexicanos se han acostumbrado a sobrevivir con el apoyo de las tarjetas del bienestar? Ha sido una empe\u00f1ada y rigurosa tarea de \u201cacondicionamiento gubernamental\u201d del M\u00e9xico bueno y sabio:\u00a0<strong>aceptar sin protesta alguna lo que se da, con todo y las limitaciones que conlleva<\/strong>.<\/p>\n<p>La mayor\u00eda de los mexicanos padecen el trabajo gubernamental de riguroso acondicionamiento de nuevos usos y costumbres.\u00a0<strong>La 4T se esmera para que no se perciba lo que en realidad pierden a cambio de unos pesos<\/strong>. Pueden cuantificarse en miles, \u00bfcu\u00e1nto en poder adquisitivo?\u00a0<strong>La realidad es que nos conducen a un grado inferior al de la sumisi\u00f3n<\/strong>.<\/p>\n<p>Los jerarcas cubanos, igual que los nicarag\u00fcenses o los venezolanos viven a su aire. Igual las figuras que les dan relumbr\u00f3n, pregunten si no a Leonardo Padura, o a los profesionistas que, de alguna manera, son ejemplo para el mundo.<\/p>\n<p>De ah\u00ed que no entienda el empe\u00f1o de la doctora Sheinbaum Pardo y lo apagado de la voluntad de los mexicanos, m\u00e1s que anomia padecen de debilidad en su voluntad de no perder libertades, ya no digamos comodidades. Pero les comparto: \u201cSanciones\u00a0<strong>injustas<\/strong>: Sheinbaum ha criticado severamente las medidas de Estados Unidos, se\u00f1alando que estas pol\u00edticas &lt;&lt;estrangulan&gt;&gt; a la poblaci\u00f3n cubana y afectan el funcionamiento de hospitales y escuelas.<\/p>\n<p>\u201cApoyo humanitario ininterrumpido: La presidenta confirm\u00f3 que M\u00e9xico mantendr\u00e1 y reforzar\u00e1 la ayuda humanitaria a Cuba, incluyendo el env\u00edo de alimentos, medicinas y otros insumos esenciales, independiente de la postura pol\u00edtica del gobierno cubano. En febrero de 2026 se inform\u00f3 del env\u00edo de m\u00e1s de 800 toneladas de suministros.<\/p>\n<p>\u201cDecisi\u00f3n &lt;&lt;soberana&gt;&gt; sobre el petr\u00f3leo: Aunque en enero de 2026 se inform\u00f3 de una suspensi\u00f3n temporal del env\u00edo de crudo por parte de Pemex (debido a amenazas de sanciones de EE. UU.), Sheinbaum ha defendido el env\u00edo de energ\u00eda como una &lt;&lt;decisi\u00f3n soberana&gt;&gt; y ha mencionado que se buscan soluciones diplom\u00e1ticas para retomar la ayuda energ\u00e9tica sin comprometer a M\u00e9xico.<\/p>\n<p>\u201cPrincipio de no intervenci\u00f3n: La postura de la presidenta se basa en los principios de soberan\u00eda, no intervenci\u00f3n y autodeterminaci\u00f3n de los pueblos.<\/p>\n<p>Llamado a la comunidad internacional: Sheinbaum ha recordado la postura de M\u00e9xico de apoyo al cese del bloqueo, respaldada ampliamente en la ONU, reafirmando que no se debe afectar a los pueblos con sanciones.<\/p>\n<p>\u201cSheinbaum ha insistido en que su gobierno seguir\u00e1 apoyando al pueblo cubano ante lo que considera un bloqueo ilegal\u201d.<\/p>\n<p>Y los mexicanos, de cu\u00e1l sopa verter\u00e1n en nuestros platos. \u00bfDe las cartillas de racionamiento, a pesar de que en Ciba son 10 millones y aqu\u00ed 130? Las cifras no dan sino para una profunda pobreza alimentaria y cultural.<\/p>\n<p>Imposible omitir la pregunta: \u00bfvivir\u00edan la titular del Ejecutivo, los irremplazables ministro de la SCJN, los consejeros del INE y su presidenta, los miembros del Congreso, los gobernadores, AMLO y sus descendientes, con una cartilla de racionamiento, con su tarjeta del bienestar y un salario igualitario? Creo que la respuesta es obvia.<\/p>\n<p>@OrtegaGregorio<\/p>\n","protected":false},"excerpt":{"rendered":"<p>\u00a0\u201cSheinbaum ha insistido en que su gobierno seguir\u00e1 apoyando al pueblo cubano ante lo que considera un bloqueo ilegal\u201d. Y los mexicanos, de cu\u00e1l sopa verter\u00e1n en nuestros platos. \u00bfDe las cartillas de racionamiento, a pesar de que en Cuba son 10 millones y aqu\u00ed 130? Las cifras no dan sino para una profunda pobreza alimentaria y cultural. Imposible omitir la pregunta: \u00bfvivir\u00edan la titular del Ejecutivo, los irremplazables ministro de la SCJN, los consejeros del INE y su presidenta, los miembros del Congreso, los gobernadores, AMLO y sus descendientes, con una cartilla de racionamiento, con su tarjeta del bienestar [&hellip;]<\/p>\n","protected":false},"author":3,"featured_media":91773,"comment_status":"open","ping_status":"open","sticky":false,"template":"","format":"standard","meta":{"_jetpack_newsletter_access":"","_jetpack_dont_email_post_to_subs":false,"_jetpack_newsletter_tier_id":0,"_jetpack_memberships_contains_paywalled_content":false,"_jetpack_feature_clip_id":0,"_jetpack_memberships_contains_paid_content":false,"footnotes":"","jetpack_publicize_message":"","jetpack_publicize_feature_enabled":true,"jetpack_social_post_already_shared":true,"jetpack_social_options":{"image_generator_settings":{"template":"highway","default_image_id":0,"font":"","enabled":false},"version":2},"jetpack_post_was_ever_published":false},"categories":[79],"tags":[],"class_list":["post-144495","post","type-post","status-publish","format-standard","has-post-thumbnail","hentry","category-columnistas-nacionales","post--single"],"jetpack_publicize_connections":[],"jetpack_featured_media_url":"https:\/\/ovelanalista.com\/wp-content\/uploads\/2024\/03\/Gregorio-Ortega-Molina.jpeg","jetpack_sharing_enabled":true,"_links":{"self":[{"href":"https:\/\/ovelanalista.com\/index.php?rest_route=\/wp\/v2\/posts\/144495","targetHints":{"allow":["GET"]}}],"collection":[{"href":"https:\/\/ovelanalista.com\/index.php?rest_route=\/wp\/v2\/posts"}],"about":[{"href":"https:\/\/ovelanalista.com\/index.php?rest_route=\/wp\/v2\/types\/post"}],"author":[{"embeddable":true,"href":"https:\/\/ovelanalista.com\/index.php?rest_route=\/wp\/v2\/users\/3"}],"replies":[{"embeddable":true,"href":"https:\/\/ovelanalista.com\/index.php?rest_route=%2Fwp%2Fv2%2Fcomments&post=144495"}],"version-history":[{"count":1,"href":"https:\/\/ovelanalista.com\/index.php?rest_route=\/wp\/v2\/posts\/144495\/revisions"}],"predecessor-version":[{"id":144499,"href":"https:\/\/ovelanalista.com\/index.php?rest_route=\/wp\/v2\/posts\/144495\/revisions\/144499"}],"wp:featuredmedia":[{"embeddable":true,"href":"https:\/\/ovelanalista.com\/index.php?rest_route=\/wp\/v2\/media\/91773"}],"wp:attachment":[{"href":"https:\/\/ovelanalista.com\/index.php?rest_route=%2Fwp%2Fv2%2Fmedia&parent=144495"}],"wp:term":[{"taxonomy":"category","embeddable":true,"href":"https:\/\/ovelanalista.com\/index.php?rest_route=%2Fwp%2Fv2%2Fcategories&post=144495"},{"taxonomy":"post_tag","embeddable":true,"href":"https:\/\/ovelanalista.com\/index.php?rest_route=%2Fwp%2Fv2%2Ftags&post=144495"}],"curies":[{"name":"wp","href":"https:\/\/api.w.org\/{rel}","templated":true}]}}