{"id":144501,"date":"2026-04-14T10:21:17","date_gmt":"2026-04-14T17:21:17","guid":{"rendered":"https:\/\/ovelanalista.com\/?p=144501"},"modified":"2026-04-14T10:21:17","modified_gmt":"2026-04-14T17:21:17","slug":"en-marzo-bajaron-homicidios-en-sinaloa-pero-cifras-siguen-muy-por-encima-de-niveles-previos-a-la-crisis","status":"publish","type":"post","link":"https:\/\/ovelanalista.com\/?p=144501","title":{"rendered":"En marzo bajaron homicidios en Sinaloa, pero cifras siguen muy por encima de niveles previos a la crisis"},"content":{"rendered":"<div class=\"lead font-1 fs18\">Aunque marzo de 2026 registr\u00f3 el promedio diario m\u00e1s bajo desde septiembre de 2024 en homicidio, el Estado a\u00fan reporta 86 asesinatos m\u00e1s que en el mismo mes previo al estallido del conflicto.<\/div>\n<div><\/div>\n<div><a href=\"https:\/\/www.noroeste.com.mx\/cronologia\/-\/meta\/belem-angulo\">Belem Angulo<\/a><\/div>\n<div><\/div>\n<div>\n<figure class=\"cutlineShow\">\n<div class=\"cutline\"><span class=\"cutline-text\">El Secretariado Ejecutivo del Sistema Nacional de Seguridad P\u00fablica presenta las estad\u00edsticas de los homicidios en Sinaloa.<\/span><\/div>\n<\/figure>\n<\/div>\n<div><\/div>\n<div>\n<p>Sinaloa registr\u00f3 en marzo de 2026 el promedio diario de homicidios m\u00e1s bajo desde septiembre de 2024, de acuerdo con los datos presentados por la titular del Secretariado Ejecutivo del Sistema Nacional de Seguridad P\u00fablica, Marcela Figueroa Franco.<\/p>\n<p>Seg\u00fan la informaci\u00f3n oficial, el punto m\u00e1s alto de este delito se alcanz\u00f3 en junio de 2025, con un promedio de 6.9 asesinatos diarios.<\/p>\n<p>Para marzo de 2026, esta cifra se redujo en un 63 por ciento, al ubicarse en 2.5 casos diarios.<\/p>\n<p>En el comparativo anual, la disminuci\u00f3n es del 28 por ciento respecto a 2025, a\u00f1o marcado por el recrudecimiento de la violencia tras el estallido del conflicto entre grupos de la delincuencia organizada.<\/p>\n<p>No obstante, pese a la tendencia a la baja, los niveles de violencia contin\u00faan por encima de los registrados antes de la crisis de seguridad.<\/p>\n<p>Mientras que en marzo de 2026 se contabilizaron 121 homicidios, en marzo de 2024, previo al inicio de la escalada violenta, se registraron \u00fanicamente 35 casos, lo que representa una diferencia de 86 asesinatos adicionales en el mismo periodo, y en marzo de 2025 fueron 137 asesinatos.<\/p>\n<p>Este contraste evidencia que, aunque las cifras actuales muestran una reducci\u00f3n reciente, el Estado a\u00fan no recupera los niveles de seguridad previos al conflicto.<\/p>\n<p>Desde el inicio de la disputa entre las facciones de los Guzm\u00e1n y los Zambada, la violencia ha dejado un saldo acumulado de 3 mil 086 personas asesinadas, as\u00ed como 3 mil 649 v\u00edctimas de privaci\u00f3n de la libertad, en un contexto en el que las autoridades no han logrado contener completamente.<\/p>\n<p>El comportamiento de los indicadores sugiere una desaceleraci\u00f3n de la violencia, pero no una normalizaci\u00f3n, manteniendo a Sinaloa en un escenario de inseguridad persistente.<\/p>\n<p>De acuerdo al reporte diario de seguridad que \u00edntegra Noroeste, de septiembre de 2024 al 12 de abril de este a\u00f1o se ha registrado tambi\u00e9n el robo de 10 mil 606 veh\u00edculos y la detenci\u00f3n de 3 mil 438 personas.<\/p>\n<p>Al 13 de abril , de acuerdo a lo registrado por el Secretariado Ejecutivo del Sistema Nacional de Seguridad P\u00fablica, en este mes se han registrado 52 homicidios para un promedio de 4.3 diarios.<\/p>\n<p>Con informaci\u00f3n de Noroeste<\/p>\n<\/div>\n","protected":false},"excerpt":{"rendered":"<p>Aunque marzo de 2026 registr\u00f3 el promedio diario m\u00e1s bajo desde septiembre de 2024 en homicidio, el Estado a\u00fan reporta 86 asesinatos m\u00e1s que en el mismo mes previo al estallido del conflicto. Belem Angulo El Secretariado Ejecutivo del Sistema Nacional de Seguridad P\u00fablica presenta las estad\u00edsticas de los homicidios en Sinaloa. Sinaloa registr\u00f3 en marzo de 2026 el promedio diario de homicidios m\u00e1s bajo desde septiembre de 2024, de acuerdo con los datos presentados por la titular del Secretariado Ejecutivo del Sistema Nacional de Seguridad P\u00fablica, Marcela Figueroa Franco. Seg\u00fan la informaci\u00f3n oficial, el punto m\u00e1s alto de este [&hellip;]<\/p>\n","protected":false},"author":3,"featured_media":144504,"comment_status":"open","ping_status":"open","sticky":false,"template":"","format":"standard","meta":{"_jetpack_newsletter_access":"","_jetpack_dont_email_post_to_subs":false,"_jetpack_newsletter_tier_id":0,"_jetpack_memberships_contains_paywalled_content":false,"_jetpack_feature_clip_id":0,"_jetpack_memberships_contains_paid_content":false,"footnotes":"","jetpack_publicize_message":"","jetpack_publicize_feature_enabled":true,"jetpack_social_post_already_shared":true,"jetpack_social_options":{"image_generator_settings":{"template":"highway","default_image_id":0,"font":"","enabled":false},"version":2},"jetpack_post_was_ever_published":false},"categories":[90,72],"tags":[],"class_list":["post-144501","post","type-post","status-publish","format-standard","has-post-thumbnail","hentry","category-estatal","category-portada","post--single"],"jetpack_publicize_connections":[],"jetpack_featured_media_url":"https:\/\/ovelanalista.com\/wp-content\/uploads\/2026\/04\/estadisticas_1-13100590_20260414082303.webp","jetpack_sharing_enabled":true,"_links":{"self":[{"href":"https:\/\/ovelanalista.com\/index.php?rest_route=\/wp\/v2\/posts\/144501","targetHints":{"allow":["GET"]}}],"collection":[{"href":"https:\/\/ovelanalista.com\/index.php?rest_route=\/wp\/v2\/posts"}],"about":[{"href":"https:\/\/ovelanalista.com\/index.php?rest_route=\/wp\/v2\/types\/post"}],"author":[{"embeddable":true,"href":"https:\/\/ovelanalista.com\/index.php?rest_route=\/wp\/v2\/users\/3"}],"replies":[{"embeddable":true,"href":"https:\/\/ovelanalista.com\/index.php?rest_route=%2Fwp%2Fv2%2Fcomments&post=144501"}],"version-history":[{"count":1,"href":"https:\/\/ovelanalista.com\/index.php?rest_route=\/wp\/v2\/posts\/144501\/revisions"}],"predecessor-version":[{"id":144505,"href":"https:\/\/ovelanalista.com\/index.php?rest_route=\/wp\/v2\/posts\/144501\/revisions\/144505"}],"wp:featuredmedia":[{"embeddable":true,"href":"https:\/\/ovelanalista.com\/index.php?rest_route=\/wp\/v2\/media\/144504"}],"wp:attachment":[{"href":"https:\/\/ovelanalista.com\/index.php?rest_route=%2Fwp%2Fv2%2Fmedia&parent=144501"}],"wp:term":[{"taxonomy":"category","embeddable":true,"href":"https:\/\/ovelanalista.com\/index.php?rest_route=%2Fwp%2Fv2%2Fcategories&post=144501"},{"taxonomy":"post_tag","embeddable":true,"href":"https:\/\/ovelanalista.com\/index.php?rest_route=%2Fwp%2Fv2%2Ftags&post=144501"}],"curies":[{"name":"wp","href":"https:\/\/api.w.org\/{rel}","templated":true}]}}