{"id":144502,"date":"2026-04-14T11:00:16","date_gmt":"2026-04-14T18:00:16","guid":{"rendered":"https:\/\/ovelanalista.com\/?p=144502"},"modified":"2026-04-14T10:24:26","modified_gmt":"2026-04-14T17:24:26","slug":"que-no-se-pierda-la-fe-intensifican-rescate-de-ultimo-minero-en-sinaloa","status":"publish","type":"post","link":"https:\/\/ovelanalista.com\/?p=144502","title":{"rendered":"&#8220;Que no se pierda la fe&#8221;: intensifican rescate de \u00faltimo minero en Sinaloa"},"content":{"rendered":"<article class=\"precontent obsAmuraArticle\" data-link=\"https:\/\/www.uniradioinforma.com\/sociedad\/que-pierda-fe-intensifican-rescate-ultimo-minero-sinaloa-n878934\" data-title=\"&quot;Que no se pierda la fe&quot;: intensifican rescate de \u00faltimo minero en Sinaloa\">\n<h2 class=\"sufix-ficha\">Avanzan trabajos mientras gobierno analiza apoyo al ma\u00edz.<\/h2>\n<\/article>\n<figure class=\"image-detail\"><picture><source srcset=\"https:\/\/statics.uniradioinforma.com\/2026\/04\/crop\/69dd8345e678f__940x492.webp\" type=\"image\/webp\" media=\"(min-width: 1000px)\" \/><\/picture><\/figure>\n<p>&#8220;No hay que perder nunca la fe&#8221;, expres\u00f3 el gobernador de Sinaloa, Rub\u00e9n Rocha, ante el rescate del \u00faltimo minero de la mina de Santa Fe.<\/p>\n<p>Tras salir de una reuni\u00f3n de Palacio Nacional para revisar el apoyo a los agricultores ante el precio del ma\u00edz, Rocha indic\u00f3 que se usa maquinaria pesada ante &#8220;tapones&#8221; de lodo y asever\u00f3 que hay ox\u00edgeno en el \u00e1rea.<\/p>\n<p>Apunt\u00f3 que es un trabajo &#8220;muy interesante, muy entregado y muy humano&#8221; el que realizan las autoridades con c\u00e1lculos.<\/p>\n<p>&#8220;Se est\u00e1 trabajando ahorita sobre la base de la v\u00eda que orientaron desde el principio, cuando sucedi\u00f3 el evento. En ese momento el que nos queda pendiente, \u00e9l iba acompa\u00f1ado porque era supervisor, iba en un racer.<\/p>\n<p>&#8220;Entonces est\u00e1s buscando los lugares donde lo vieron por \u00faltimo y en raz\u00f3n de eso, vas abriendo los t\u00faneles de la mina con procedimiento diverso; sacando el agua, se meti\u00f3 una bomba el\u00e9ctrica que desagu\u00f3, que fue lo posible para sacar al \u00faltimo (minero) que sali\u00f3 (Francisco Zapata)&#8221;, explic\u00f3.<\/p>\n<p>Agreg\u00f3 que se tiene un objetivo: &#8220;De que en tal punto pudiera estar por tales circunstancias el que nos falta y entonces se traza cu\u00e1ntas horas hay que trabajar para ese punto&#8221;.<\/p>\n<p>&nbsp;<\/p>\n<p><strong>Rocha asiste a Palacio Nacional<\/strong><\/p>\n<p>Sobre la reuni\u00f3n que sostuvo en Palacio Nacional con autoridades federales para revisar el apoyo a los agricultores ante el precio del ma\u00edz, Rocha Moya se\u00f1al\u00f3 que se trabaja en hacer los c\u00e1lculos.<\/p>\n<p>&#8220;Cu\u00e1nto pone la federaci\u00f3n, cu\u00e1nto ponemos nosotros, se est\u00e1n haciendo los c\u00e1lculos de cu\u00e1nto podemos ofertar a los productores. Pero tenemos que dar dinero, en eso estamos.<\/p>\n<p>&#8220;A todos les vamos a dar apoyo, pero estamos viendo c\u00f3mo, que todo mundo tenga un apoyo sin considerar cu\u00e1l sea este, siempre y cuando se calcule con base a la necesidad de los costos de producci\u00f3n&#8221;, dijo.<\/p>\n<p>&nbsp;<\/p>\n<p><strong>Descarta que dispare el precio de la tortilla<\/strong><\/p>\n<p>Al asegurar que el precio del ma\u00edz est\u00e1 muy bajo, descart\u00f3 el sinaloense que se dispare el precio de la tortilla.<\/p>\n<p>&#8220;Lo que estamos haciendo nosotros es el esfuerzo de c\u00f3mo le mejoramos nosotros el precio a los productores, pero como nunca est\u00e1 el precio bajo&#8221;, coment\u00f3.<\/p>\n<p>Altagracia G\u00f3mez Sierra, coordinadora del Consejo Asesor de Desarrollo Econ\u00f3mico Regional y Relocalizaci\u00f3n, indic\u00f3 que se atiende a los productores del campo.<\/p>\n<p>&#8220;Soy una convencida que tenemos que apoyar a nuestros productores y que tenemos que llegar a un mejor sistema de ordenamiento de la producci\u00f3n y de la comercializaci\u00f3n del pa\u00eds. Tenemos que regresar a un ordenamiento que permita al agricultor, desde que se abra, a ver cu\u00e1nto va a recibir por su producci\u00f3n&#8221;, declar\u00f3.<\/p>\n<p>Con informaci\u00f3n de El Universal<\/p>\n","protected":false},"excerpt":{"rendered":"<p>Avanzan trabajos mientras gobierno analiza apoyo al ma\u00edz. &#8220;No hay que perder nunca la fe&#8221;, expres\u00f3 el gobernador de Sinaloa, Rub\u00e9n Rocha, ante el rescate del \u00faltimo minero de la mina de Santa Fe. Tras salir de una reuni\u00f3n de Palacio Nacional para revisar el apoyo a los agricultores ante el precio del ma\u00edz, Rocha indic\u00f3 que se usa maquinaria pesada ante &#8220;tapones&#8221; de lodo y asever\u00f3 que hay ox\u00edgeno en el \u00e1rea. Apunt\u00f3 que es un trabajo &#8220;muy interesante, muy entregado y muy humano&#8221; el que realizan las autoridades con c\u00e1lculos. &#8220;Se est\u00e1 trabajando ahorita sobre la base de [&hellip;]<\/p>\n","protected":false},"author":3,"featured_media":144508,"comment_status":"open","ping_status":"open","sticky":false,"template":"","format":"standard","meta":{"_jetpack_newsletter_access":"","_jetpack_dont_email_post_to_subs":false,"_jetpack_newsletter_tier_id":0,"_jetpack_memberships_contains_paywalled_content":false,"_jetpack_feature_clip_id":0,"_jetpack_memberships_contains_paid_content":false,"footnotes":"","jetpack_publicize_message":"","jetpack_publicize_feature_enabled":true,"jetpack_social_post_already_shared":true,"jetpack_social_options":{"image_generator_settings":{"template":"highway","default_image_id":0,"font":"","enabled":false},"version":2},"jetpack_post_was_ever_published":false},"categories":[90,72],"tags":[],"class_list":["post-144502","post","type-post","status-publish","format-standard","has-post-thumbnail","hentry","category-estatal","category-portada","post--single"],"jetpack_publicize_connections":[],"jetpack_featured_media_url":"https:\/\/ovelanalista.com\/wp-content\/uploads\/2026\/04\/69dd8345e678f__940x492.webp","jetpack_sharing_enabled":true,"_links":{"self":[{"href":"https:\/\/ovelanalista.com\/index.php?rest_route=\/wp\/v2\/posts\/144502","targetHints":{"allow":["GET"]}}],"collection":[{"href":"https:\/\/ovelanalista.com\/index.php?rest_route=\/wp\/v2\/posts"}],"about":[{"href":"https:\/\/ovelanalista.com\/index.php?rest_route=\/wp\/v2\/types\/post"}],"author":[{"embeddable":true,"href":"https:\/\/ovelanalista.com\/index.php?rest_route=\/wp\/v2\/users\/3"}],"replies":[{"embeddable":true,"href":"https:\/\/ovelanalista.com\/index.php?rest_route=%2Fwp%2Fv2%2Fcomments&post=144502"}],"version-history":[{"count":1,"href":"https:\/\/ovelanalista.com\/index.php?rest_route=\/wp\/v2\/posts\/144502\/revisions"}],"predecessor-version":[{"id":144509,"href":"https:\/\/ovelanalista.com\/index.php?rest_route=\/wp\/v2\/posts\/144502\/revisions\/144509"}],"wp:featuredmedia":[{"embeddable":true,"href":"https:\/\/ovelanalista.com\/index.php?rest_route=\/wp\/v2\/media\/144508"}],"wp:attachment":[{"href":"https:\/\/ovelanalista.com\/index.php?rest_route=%2Fwp%2Fv2%2Fmedia&parent=144502"}],"wp:term":[{"taxonomy":"category","embeddable":true,"href":"https:\/\/ovelanalista.com\/index.php?rest_route=%2Fwp%2Fv2%2Fcategories&post=144502"},{"taxonomy":"post_tag","embeddable":true,"href":"https:\/\/ovelanalista.com\/index.php?rest_route=%2Fwp%2Fv2%2Ftags&post=144502"}],"curies":[{"name":"wp","href":"https:\/\/api.w.org\/{rel}","templated":true}]}}