{"id":144511,"date":"2026-04-14T10:52:42","date_gmt":"2026-04-14T17:52:42","guid":{"rendered":"https:\/\/ovelanalista.com\/?p=144511"},"modified":"2026-04-14T10:52:42","modified_gmt":"2026-04-14T17:52:42","slug":"el-ine-oficialista-que-se-perfila","status":"publish","type":"post","link":"https:\/\/ovelanalista.com\/?p=144511","title":{"rendered":"El INE oficialista que se perfila"},"content":{"rendered":"<p class=\"x_ydp29c193a9MsoNormal\"><strong><span lang=\"ES-TRAD\">Francisco Garfias.<\/span><\/strong><\/p>\n<p class=\"x_ydp29c193a9MsoNormal\"><span lang=\"ES-TRAD\">Ya s\u00f3lo quedan 100 aspirantes para las tres consejer\u00edas del INE vacantes, tras la conclusi\u00f3n de los ex\u00e1menes de \u201cidoneidad\u201d en San L\u00e1zaro.<\/span><\/p>\n<p class=\"x_ydp29c193a9MsoNormal\"><span lang=\"ES-TRAD\">Son 50 mujeres y 50 hombres. Se respet\u00f3 la paridad de g\u00e9nero, pero no la autonom\u00eda frente al gobierno.\u00a0<\/span><\/p>\n<p class=\"x_ydp29c193a9MsoNormal\"><span lang=\"ES-TRAD\">No hubo sorpresa. El Comit\u00e9 de T\u00e9cnico de Evaluaci\u00f3n est\u00e1 integrado por personajes vinculados, de una u otra forma, a Morena. Su tarea es escoger a los m\u00e1s afines al gobierno, no a los aut\u00f3nomos.\u00a0\u00a0\u00a0\u00a0<\/span><\/p>\n<p class=\"x_ydp29c193a9MsoNormal\"><span lang=\"ES-TRAD\">Destacan cercanos a la presidenta Claudia Sheinbaum; y a la consejera presidenta del INE, Guadalupe Taddei.\u00a0<\/span><\/p>\n<p class=\"x_ydp29c193a9MsoNormal\"><span lang=\"ES-TRAD\">Entre los nombres mencionados est\u00e1n, otra vez, Bernardo Valle, cercano a la presidenta, quien particip\u00f3 en la redacci\u00f3n de la Reforma Electoral en la Segob.\u00a0<\/span><\/p>\n<p class=\"x_ydp29c193a9MsoNormal\"><span lang=\"ES-TRAD\">Arturo Manuel Ch\u00e1vez trabaj\u00f3 en la alcald\u00eda Tlalpan y en el gobierno de la CDMX, durante la gesti\u00f3n de Sheinbaum.<\/span><\/p>\n<p class=\"x_ydp29c193a9MsoNormal\"><span lang=\"ES-TRAD\">Carlos Ernesto Ramos Vega, consejero del IECM, se\u00f1alado por sus posturas favorables a Morena.\u00a0\u00a0<\/span><\/p>\n<p class=\"x_ydp29c193a9MsoNormal\"><span lang=\"ES-TRAD\">Hay tambi\u00e9n entre seis u ocho perfiles vinculados a Guadalupe Taddei, consejera presidenta del INE<\/span><\/p>\n<p class=\"x_ydp29c193a9MsoNormal\"><span lang=\"ES-TRAD\">Flavio Cienfuegos, su ex jefe de oficina en el INE; Roberto Carlos F\u00e9lix L\u00f3pez, director de Organizaci\u00f3n Electoral en el Instituto; y\u00a0\u00a0Jes\u00fas Octavio Garc\u00eda, ex proveedor de material para el INE.<\/span><\/p>\n<p class=\"x_ydp29c193a9MsoNormal\"><span lang=\"ES-TRAD\">Pero tambi\u00e9n Jes\u00fas Ancira, director de Asuntos Laborales; Juan Manuel Vel\u00e1zquez Barajas, titular de Asuntos Jur\u00eddicos, por mencionar algunos.\u00a0\u00a0<\/span><\/p>\n<p class=\"x_ydp29c193a9MsoNormal\"><span lang=\"ES-TRAD\">En los corrillos del Palacio Legislativo corren rumores de que los ex\u00e1menes a los aspirantes fueron \u201cfiltrados\u201d a los preferidos del r\u00e9gimen.\u00a0\u00a0<\/span><\/p>\n<p class=\"x_ydp29c193a9MsoNormal\"><span lang=\"ES-TRAD\">Interrogado al respecto, Ricardo Monreal rechaz\u00f3:<\/span><\/p>\n<p class=\"x_ydp29c193a9MsoNormal\"><span lang=\"ES-TRAD\">\u201cNo me meto en eso. Voy a dar cr\u00e9dito al trabajo del Comit\u00e9 de Evaluaci\u00f3n. No tengo idea porque se obtuvieron esas calificaciones, ni c\u00f3mo se realiz\u00f3 el examen, pero conf\u00edo plenamente en la autonom\u00eda y el compromiso de la Comisi\u00f3n\u201d.<\/span><\/p>\n<p class=\"x_ydp29c193a9MsoNormal\"><span lang=\"ES-TRAD\">\u00a0\u00a0***<\/span><\/p>\n<p class=\"x_ydp29c193a9MsoNormal\"><span lang=\"ES-TRAD\">Hay fuertes quejas de oposici\u00f3n por el sesgo pro gobernista de los favoritos y por la falta de transparencia en este \u00faltimo recorte, que dej\u00f3 en cien \u2013de casi 400 que se registraron\u2014el n\u00famero de aspirantes.<\/span><\/p>\n<p class=\"x_ydp29c193a9MsoNormal\"><span lang=\"ES-TRAD\">El diputado H\u00e9ctor Saul T\u00e9llez, vicecoordinador econ\u00f3mico de la bancada del PAN, de plano descalific\u00f3 el proceso:\u00a0<\/span><\/p>\n<p class=\"x_ydp29c193a9MsoNormal\"><span lang=\"ES-TRAD\">\u201cEl acuerdo del Comit\u00e9 T\u00e9cnico de Evaluaci\u00f3n es formalmente inv\u00e1lido y materialmente arbitrario. No motiva ni justifica la determinaci\u00f3n y razones para integrar la lista de 100 aspirantes\u2026\u00a0\u00a0\u00a0\u00a0\u00a0\u00a0\u00a0<\/span><\/p>\n<p class=\"x_ydp29c193a9MsoNormal\"><span lang=\"ES-TRAD\">\u201cEste es el mismo procedimiento ocupado para la Reforma Judicial y lo hemos criticado por concentrar el poder, pero ahora en la C\u00e1mara de Diputados\u201d, puntualiz\u00f3.\u00a0\u00a0<\/span><\/p>\n<p class=\"x_ydp29c193a9MsoNormal\"><span lang=\"ES-TRAD\">Hoy empiezan las entrevistas p\u00fablicas de los 100 aspirantes en San L\u00e1zaro (del 14 al 16 de abril.)\u00a0<\/span><\/p>\n<p class=\"x_ydp29c193a9MsoNormal\"><span lang=\"ES-TRAD\">De all\u00ed saldr\u00e1n las tres quintetas que la Junta de Coordinaci\u00f3n Pol\u00edtica, \u00f3rgano de gobierno en San L\u00e1zaro, enviar\u00e1 al Pleno para la votaci\u00f3n final. Para ser consejero, se requiere una mayor\u00eda de dos tercios de los diputados presentes.<\/span><\/p>\n<p class=\"x_ydp29c193a9MsoNormal\"><span lang=\"ES-TRAD\">***<\/span><\/p>\n<p class=\"x_ydp29c193a9MsoNormal\"><span lang=\"ES-TRAD\">Sigue el brote de lodo guinda y Mexicanos contra la Corrupci\u00f3n y la Impunidad exhibi\u00e9ndolo. Ahora se trata de un negociazo inmobiliario de 59 millones de pesos.\u00a0\u00a0\u00a0<\/span><\/p>\n<p class=\"x_ydp29c193a9MsoNormal\"><span lang=\"ES-TRAD\">Resulta que en el 2015, cuatro personas, no identificadas, compraron un edificio en la calle de Liverpool, n\u00famero 3, Colonia Ju\u00e1rez, Ciudad de M\u00e9xico, que hoy es sede del CEN de Morena. Pagaron por el inmueble 16 millones de pesos.\u00a0\u00a0<\/span><\/p>\n<p class=\"x_ydp29c193a9MsoNormal\"><span lang=\"ES-TRAD\">Cinco a\u00f1os despu\u00e9s, seg\u00fan investigaci\u00f3n de MCCI, Morena compr\u00f3 ese edificio por 75 millones de pesos.\u00a0<\/span><\/p>\n<p class=\"x_ydp29c193a9MsoNormal\"><span lang=\"ES-TRAD\">E<\/span>l contrato fue firmado por Yeidckol Polevnsky, entonces Secretaria General de Morena y hoy senadora por el Partido del Trabajo.<\/p>\n<div>Pero tambien por Joel Fr\u00edas Zea, apoderado legal del partido y\u00a0actualmente Director General de Recursos Materiales y Servicios Generales de la Oficina de la Presidencia.<\/div>\n<div><\/div>\n<div><span lang=\"ES-TRAD\">\u201c<\/span>De acuerdo con el\u00a0\u00cdndice SHF de Precios de la Vivienda\u00a0\u2014el principal indicador oficial del mercado inmobiliario en M\u00e9xico elaborado por la Sociedad Hipotecaria Federal\u2014 los precios de las viviendas en la alcald\u00eda Cuauht\u00e9moc de la Ciudad de M\u00e9xico crecieron 42.6% entre 2015 y 2020\u201d, se\u00f1ala el reporte.<\/div>\n<div><\/div>\n<div>Agrega: \u201csi bien no se trata de una comparaci\u00f3n exactamente igual, al tratarse\u00a0 de un inmueble para oficinas, llama la atenci\u00f3n que\u00a0el incremento del precio del inmueble de Liverpool 3, durante el mismo periodo, fue de 368%, nueve veces m\u00e1s que la referencia de mercado\u201d.<\/div>\n<p class=\"x_ydp29c193a9MsoNormal\">***<\/p>\n<div>La transacci\u00f3n nada tiene que ver con la famosa \u201causteridad republicana\u201d que tanto pregon\u00f3 L\u00f3pez Obrador y que result\u00f3 mero discurso.<\/div>\n<div><\/div>\n<div>El tabasque\u00f1o recibi\u00f3 la presidencia de manos de Pe\u00f1a Nieto, en diciembre\u00a0\u00a0del 2018, con un fondo de estabilizaci\u00f3n de los Ingresos presupuestarios calculado entre 270 mil y 330 mil millones de pesos, y m\u00e1s de 1.2 billones de pesos en otros fidecomisos.<\/div>\n<div><\/div>\n<div>AMLO se fue de Palacio Nacional sin dejar en caja un solo fidecomiso. Se gast\u00f3 todo. Dej\u00f3 una deuda casi duplicada \u2013de 10 a 18 billlones de pesos\u2014y sin liquidez disponible.<\/div>\n<div><\/div>\n<div>L<span lang=\"ES-TRAD\">a presidenta dice que ahora son \u201cm\u00e1s que franciscanos\u201d,\u00a0\u00a0y que eso significa m\u00e1s programas de austeridad.<\/span><\/div>\n<div><span lang=\"ES-TRAD\">\u00a0<\/span><\/div>\n<div><span lang=\"ES-TRAD\">\u201cTenemos que garantizar los programas de bienestar, el apoyo a educaci\u00f3n, el apoyo a la salud, a los programas de vivienda y la inversi\u00f3n\u201d, dijo Sheinbaum en la ma\u00f1anera de ayer.\u00a0<\/span><\/div>\n<p class=\"x_ydp29c193a9MsoNormal\"><strong><span lang=\"ES-TRAD\">\u00a0<\/span><span lang=\"ES-TRAD\">FIN.<\/span><\/strong><\/p>\n","protected":false},"excerpt":{"rendered":"<p>Francisco Garfias. Ya s\u00f3lo quedan 100 aspirantes para las tres consejer\u00edas del INE vacantes, tras la conclusi\u00f3n de los ex\u00e1menes de \u201cidoneidad\u201d en San L\u00e1zaro. Son 50 mujeres y 50 hombres. Se respet\u00f3 la paridad de g\u00e9nero, pero no la autonom\u00eda frente al gobierno.\u00a0 No hubo sorpresa. El Comit\u00e9 de T\u00e9cnico de Evaluaci\u00f3n est\u00e1 integrado por personajes vinculados, de una u otra forma, a Morena. Su tarea es escoger a los m\u00e1s afines al gobierno, no a los aut\u00f3nomos.\u00a0\u00a0\u00a0\u00a0 Destacan cercanos a la presidenta Claudia Sheinbaum; y a la consejera presidenta del INE, Guadalupe Taddei.\u00a0 Entre los nombres mencionados est\u00e1n, [&hellip;]<\/p>\n","protected":false},"author":3,"featured_media":123570,"comment_status":"open","ping_status":"open","sticky":false,"template":"","format":"standard","meta":{"_jetpack_newsletter_access":"","_jetpack_dont_email_post_to_subs":false,"_jetpack_newsletter_tier_id":0,"_jetpack_memberships_contains_paywalled_content":false,"_jetpack_feature_clip_id":0,"_jetpack_memberships_contains_paid_content":false,"footnotes":"","jetpack_publicize_message":"","jetpack_publicize_feature_enabled":true,"jetpack_social_post_already_shared":true,"jetpack_social_options":{"image_generator_settings":{"template":"highway","default_image_id":0,"font":"","enabled":false},"version":2},"jetpack_post_was_ever_published":false},"categories":[79],"tags":[],"class_list":["post-144511","post","type-post","status-publish","format-standard","has-post-thumbnail","hentry","category-columnistas-nacionales","post--single"],"jetpack_publicize_connections":[],"jetpack_featured_media_url":"https:\/\/ovelanalista.com\/wp-content\/uploads\/2025\/06\/Garfias-6.jpg","jetpack_sharing_enabled":true,"_links":{"self":[{"href":"https:\/\/ovelanalista.com\/index.php?rest_route=\/wp\/v2\/posts\/144511","targetHints":{"allow":["GET"]}}],"collection":[{"href":"https:\/\/ovelanalista.com\/index.php?rest_route=\/wp\/v2\/posts"}],"about":[{"href":"https:\/\/ovelanalista.com\/index.php?rest_route=\/wp\/v2\/types\/post"}],"author":[{"embeddable":true,"href":"https:\/\/ovelanalista.com\/index.php?rest_route=\/wp\/v2\/users\/3"}],"replies":[{"embeddable":true,"href":"https:\/\/ovelanalista.com\/index.php?rest_route=%2Fwp%2Fv2%2Fcomments&post=144511"}],"version-history":[{"count":1,"href":"https:\/\/ovelanalista.com\/index.php?rest_route=\/wp\/v2\/posts\/144511\/revisions"}],"predecessor-version":[{"id":144512,"href":"https:\/\/ovelanalista.com\/index.php?rest_route=\/wp\/v2\/posts\/144511\/revisions\/144512"}],"wp:featuredmedia":[{"embeddable":true,"href":"https:\/\/ovelanalista.com\/index.php?rest_route=\/wp\/v2\/media\/123570"}],"wp:attachment":[{"href":"https:\/\/ovelanalista.com\/index.php?rest_route=%2Fwp%2Fv2%2Fmedia&parent=144511"}],"wp:term":[{"taxonomy":"category","embeddable":true,"href":"https:\/\/ovelanalista.com\/index.php?rest_route=%2Fwp%2Fv2%2Fcategories&post=144511"},{"taxonomy":"post_tag","embeddable":true,"href":"https:\/\/ovelanalista.com\/index.php?rest_route=%2Fwp%2Fv2%2Ftags&post=144511"}],"curies":[{"name":"wp","href":"https:\/\/api.w.org\/{rel}","templated":true}]}}