{"id":144514,"date":"2026-04-14T11:02:46","date_gmt":"2026-04-14T18:02:46","guid":{"rendered":"https:\/\/ovelanalista.com\/?p=144514"},"modified":"2026-04-14T11:02:46","modified_gmt":"2026-04-14T18:02:46","slug":"ante-el-fracaso-de-las-acciones-de-gobierno-el-sector-turistico-no-puede-sobrevivir-con-dos-o-tres-dias-buenos-para-resistir-el-resto-del-ano","status":"publish","type":"post","link":"https:\/\/ovelanalista.com\/?p=144514","title":{"rendered":"Ante el fracaso de las acciones de gobierno, el sector tur\u00edstico no puede sobrevivir con dos o tres d\u00edas \u201cbuenos\u201d para resistir el resto del a\u00f1o"},"content":{"rendered":"<p class=\"entry-title\"><strong>En el blanco Fernando Zepeda H.<\/strong><\/p>\n<div class=\"td-module-meta-info\">\n<p><em><strong>*Ante el fracaso de las acciones de gobierno, el sector tur\u00edstico no puede sobrevivir con dos o tres d\u00edas \u201cbuenos\u201d para resistir el resto del a\u00f1o<\/strong><\/em><br \/>\n<em><strong>*No hay ni en Mazatl\u00e1n ni en la Sectur, acciones que se encaminen para mejorar la afluencia tur\u00edstica al puerto<\/strong><\/em><br \/>\n<em><strong>*En medio de esta inacci\u00f3n para apoyar la recuperaci\u00f3n econ\u00f3mica de Mazatl\u00e1n, la alcaldesa Estrella Palacios saca la \u201cpuntada\u201d de querer seguir como Presidenta<\/strong><\/em><br \/>\n<em><strong>*La regidora Maribel Chollet esta convertida en la \u201cregidora incomoda\u201d de la administraci\u00f3n que encabeza Palacios. De mentirosa no baja a la alcaldesa<\/strong><\/em><br \/>\n<em><strong>*Imelda Castro se coloco \u201csolita\u201d en la mira de las autoridades electorales por sus acciones de \u201ccampa\u00f1a anticipada\u201d. \u00bfA que le apuesta?<\/strong><\/em><br \/>\n<em><strong>*Las tomas de casetas de parte de los agricultores exhibieron al titular de Sagarpa de no ser el interlocutor que se necesita. Julio Berdegue fue rebasado<\/strong><\/em><br \/>\n<em><strong>*Quien la \u201ccacho\u201d y ley\u00f3 bien la inconformidad de los agricultores fue el Gobernador Rocha Moya quien se propuso para encabezarlos hoy a una reuni\u00f3n ante el gobierno federal<\/strong><\/em><br \/>\n<em><strong>*Ya se dieron una vuelta a la gasolinera. Al mercado. O por las carreteras, el gobierno nos ha recetado una escalada de aumentos. Y como dice la canci\u00f3n: Los mariachis callaron<\/strong><\/em><\/p>\n<p><em><strong>\u00bfY ahora qu\u00e9?.<\/strong>\u00a0<\/em>El sector tur\u00edstico no puede sobrevivir con dos o tres d\u00edas de m\u00e1s o menos buena afluencia. Ni tampoco con dos o tres d\u00edas de m\u00e1s o menos buena derrama econ\u00f3mica. El Gobierno de Mazatl\u00e1n y el estatal, no aprendieron la lecci\u00f3n que dejo la celebraci\u00f3n del Carnaval Internacional. Presumieron la visita de miles de turistas. Presumieron el acceso a Olas Altas con supuestas cifras r\u00e9cord. Y remataron con cifras alegres de cientos de millones de pesos en derrama econ\u00f3mica. Pero la verdad es que ni fueron tantos los turistas y menos fue la cantidad de cientos de millones que dijeron hubo de derrama econ\u00f3mica.<\/p>\n<p><img loading=\"lazy\" decoding=\"async\" class=\"alignnone size-full wp-image-223438 td-animation-stack-type0-2\" src=\"https:\/\/sinaloaenlinea.com\/wp-content\/uploads\/2026\/04\/joes-oyster-bar-00454-semana-santa-2012.jpg\" sizes=\"auto, (max-width: 960px) 100vw, 960px\" srcset=\"https:\/\/sinaloaenlinea.com\/wp-content\/uploads\/2026\/04\/joes-oyster-bar-00454-semana-santa-2012.jpg 960w, https:\/\/sinaloaenlinea.com\/wp-content\/uploads\/2026\/04\/joes-oyster-bar-00454-semana-santa-2012-300x225.jpg 300w, https:\/\/sinaloaenlinea.com\/wp-content\/uploads\/2026\/04\/joes-oyster-bar-00454-semana-santa-2012-768x576.jpg 768w, https:\/\/sinaloaenlinea.com\/wp-content\/uploads\/2026\/04\/joes-oyster-bar-00454-semana-santa-2012-560x420.jpg 560w, https:\/\/sinaloaenlinea.com\/wp-content\/uploads\/2026\/04\/joes-oyster-bar-00454-semana-santa-2012-80x60.jpg 80w, https:\/\/sinaloaenlinea.com\/wp-content\/uploads\/2026\/04\/joes-oyster-bar-00454-semana-santa-2012-150x113.jpg 150w, https:\/\/sinaloaenlinea.com\/wp-content\/uploads\/2026\/04\/joes-oyster-bar-00454-semana-santa-2012-696x522.jpg 696w, https:\/\/sinaloaenlinea.com\/wp-content\/uploads\/2026\/04\/joes-oyster-bar-00454-semana-santa-2012-265x198.jpg 265w\" alt=\"\" width=\"960\" height=\"720\" \/><\/p>\n<p>Paso el Carnaval y llego Semana Santa. \u00bfY que hicieron las autoridades?. Le apostaron a la inercia. A que el turismo llegara por su cuenta como otros a\u00f1os. Pero no fue as\u00ed. En materia de ocupaci\u00f3n hotelera Semana Santa fue un fracaso. Y la derrama que dec\u00eda la alcaldesa Estrella Palacios y la Secretaria de Turismo Mireya Sosa, solo quedo en sus mentes. No se aprendi\u00f3 la lecci\u00f3n. Y llego Semana de Pascua de la mano de la Semana de la Moto. Otro fracaso. Ni Palacios ni Sosa han sido capaces de instrumentar acciones que promuevan el inter\u00e9s por visitar Mazatl\u00e1n. Est\u00e1n ambas damas enfrascadas en una competencia de quien luce mejor para la foto. De quien sonr\u00ede m\u00e1s al momento de que les tomen videos. Y se olvidan que est\u00e1n en esos puestos no para posar y lucir sus mejores galas, est\u00e1n para dar resultados y buscar que las condiciones mejoren para que la actividad tur\u00edstica vuelva a florecer. El fracaso es evidente. Pero se niegan a darse cuenta.<\/p>\n<p><em><strong>En que cabeza cabe.<\/strong>\u00a0<\/em>La versi\u00f3n nos hab\u00eda llegado desde hace varias semanas. Pero la confirmaci\u00f3n la hizo la propia interesada. La alcaldesa Estrella Palacios se dijo estar dispuesta \u201cpara seguir trabajando por Mazatl\u00e1n\u201d. \u00bfQu\u00e9 qu\u00e9?. \u00a1Por favor!. Que alguien le diga a la Presidenta que calles y avenidas de Mazatl\u00e1n est\u00e1n convertidas en un verdadero cochinero. Que las aguas negras invaden diversas zonas del puerto. Que las obras que inicia Jumapam quedan inconclusas.<\/p>\n<p><img loading=\"lazy\" decoding=\"async\" class=\"alignnone wp-image-223439 td-animation-stack-type0-2\" src=\"https:\/\/sinaloaenlinea.com\/wp-content\/uploads\/2026\/04\/images-2026-04-14T112043.411.jpeg\" sizes=\"auto, (max-width: 829px) 100vw, 829px\" srcset=\"https:\/\/sinaloaenlinea.com\/wp-content\/uploads\/2026\/04\/images-2026-04-14T112043.411.jpeg 300w, https:\/\/sinaloaenlinea.com\/wp-content\/uploads\/2026\/04\/images-2026-04-14T112043.411-150x84.jpeg 150w\" alt=\"\" width=\"829\" height=\"464\" \/><\/p>\n<p>Que los reclamos ciudadanos no son atendidos. Y ahora sale la alcaldesa de que buscar\u00e1 seguir \u201ctrabajando por Mazatl\u00e1n\u201d. Apenas Palacios sali\u00f3 con su \u201cpuntada\u201d y le recetaron una intensa andanada de criticas en redes sociales. \u00bfSe habr\u00e1 dado cuenta?. Pareciera que la alcaldesa y sus colaboradores no recorren colonias y fraccionamientos. Y tampoco se han dado cuenta del deterioro que muestra la Avenida del Mar, por la falta de mantenimiento. Tan solo frente al ic\u00f3nico Valentinos donde est\u00e1n las letras de Mazatl\u00e1n, hay cables a flor de piso, justo donde se ubica uno de los sem\u00e1foros por el lado de la Avenida Rafael Buelna. Pero parece que est\u00e1n ciegos y sordos.<\/p>\n<p><em><strong>De mentirosa no la baja.<\/strong><\/em>\u00a0La regidora Maribel Chollet denuncio la opacidad con la que se encuentra operando el Gobierno municipal que encabeza Estrella Palacios. Para la regidora la alcaldesa una y otra vez traslada al Secretario del Ayuntamiento para que se hagan mesas de trabajo, \u201cque jam\u00e1s se hacen\u201d. Chollet se ha convertido en la \u201cregidora incomoda\u201d de la administraci\u00f3n que encabeza Estrella Palacios.<\/p>\n<p><img loading=\"lazy\" decoding=\"async\" class=\"alignnone size-full wp-image-223268 td-animation-stack-type0-2\" src=\"https:\/\/sinaloaenlinea.com\/wp-content\/uploads\/2026\/04\/WhatsApp-Image-2026-04-09-at-5.47.44-PM.jpeg\" sizes=\"auto, (max-width: 900px) 100vw, 900px\" srcset=\"https:\/\/sinaloaenlinea.com\/wp-content\/uploads\/2026\/04\/WhatsApp-Image-2026-04-09-at-5.47.44-PM.jpeg 900w, https:\/\/sinaloaenlinea.com\/wp-content\/uploads\/2026\/04\/WhatsApp-Image-2026-04-09-at-5.47.44-PM-300x202.jpeg 300w, https:\/\/sinaloaenlinea.com\/wp-content\/uploads\/2026\/04\/WhatsApp-Image-2026-04-09-at-5.47.44-PM-768x518.jpeg 768w, https:\/\/sinaloaenlinea.com\/wp-content\/uploads\/2026\/04\/WhatsApp-Image-2026-04-09-at-5.47.44-PM-623x420.jpeg 623w, https:\/\/sinaloaenlinea.com\/wp-content\/uploads\/2026\/04\/WhatsApp-Image-2026-04-09-at-5.47.44-PM-150x101.jpeg 150w, https:\/\/sinaloaenlinea.com\/wp-content\/uploads\/2026\/04\/WhatsApp-Image-2026-04-09-at-5.47.44-PM-696x469.jpeg 696w\" alt=\"\" width=\"900\" height=\"607\" \/><\/p>\n<p>A diferencia de la mayor\u00eda de los regidores que siendo de Morena o no est\u00e1n actuando como \u201caplaudidores\u201d en cada sesi\u00f3n de Cabildo, Chollet ha puesto el \u201cdedo en la llaga\u201d. Y no ha necesitado mucho que investigar, los actos y decisiones de la actual administraci\u00f3n son tan torpes que se colocan por si mismo en el \u201cojo del hurac\u00e1n\u201d.<\/p>\n<p><em><strong>Pero que necesidad.<\/strong><\/em>\u00a0La Senadora Imelda Castro se meti\u00f3 sola en una encrucijada. Se coloco justo en la \u201cmira\u201d de las autoridades electorales. Su activismo es cruda y llanamente una \u201ccampa\u00f1a anticipada\u201d. Por m\u00e1s que ella y sus colaboradores han pretendido ocultar con sus supuestas \u201casambleas informativas\u201d los \u201cm\u00edtines\u201d disfrazados, la realidad los rebasa y han incurrido en actos anticipados de campa\u00f1a. El Instituto Estatal Electoral de Sinaloa ya re\u00fane informaci\u00f3n de lo que inicio con una denuncia del Partido Acci\u00f3n Nacional contra Imelda Castro y que en un inicio hab\u00eda sido desechado. Castro sabe que incurri\u00f3 en una violaci\u00f3n a la Ley Electoral. Castro sabe los riesgos que implica que le prueben que violento la Ley. Pero al parecer conf\u00eda en que no se atrever\u00e1n a cancelarle su posibilidad de convertirse en candidata a la gubernatura de Sinaloa. Y tal vez tenga raz\u00f3n. Lo que ha dejado de medir es que ante los sinaloenses se mostrar\u00eda como una candidata que no respeta la Ley y que est\u00e1 dispuesta a todo con tal de alcanzar la postulaci\u00f3n. Se expone a que en una campa\u00f1a inteligente se le coloque la etiqueta de que no le importa respetar la Ley. Y eso pesa.<\/p>\n<p><strong><em>Un Secretario rebasado.<\/em><\/strong>\u00a0Para quienes tuvieron la alucinaci\u00f3n de que el Secretario de Agricultura Julio Berdegue tuviera posibilidades de ser enviado como candidato a gobernador por Sinaloa, ya seguramente se dieron cuenta de lo que equivocado que andaban. Y es que las movilizaciones de los productores agr\u00edcolas de Sinaloa y de todo el pa\u00eds, con la \u201ctoma\u201d de casetas exigiendo respuesta a sus demandas y la instrumentaci\u00f3n de un programa que permita al campo sobrevivir a los momentos actuales, llegaron para exhibir a un titular de Agricultura sin interlocuci\u00f3n. Pero tambi\u00e9n a un funcionario que no cuenta con el respaldo suficiente de la Presidenta Claudia Sheinbaum para tomar decisiones.<\/p>\n<p>&nbsp;<\/p>\n<p><img loading=\"lazy\" decoding=\"async\" class=\"size-large wp-image-212183 td-animation-stack-type0-2\" src=\"https:\/\/sinaloaenlinea.com\/wp-content\/uploads\/2025\/10\/julio-berdegue-agricultura-cosechando-soberania-1024x683.jpg\" sizes=\"auto, (max-width: 696px) 100vw, 696px\" srcset=\"https:\/\/sinaloaenlinea.com\/wp-content\/uploads\/2025\/10\/julio-berdegue-agricultura-cosechando-soberania-1024x683.jpg 1024w, https:\/\/sinaloaenlinea.com\/wp-content\/uploads\/2025\/10\/julio-berdegue-agricultura-cosechando-soberania-300x200.jpg 300w, https:\/\/sinaloaenlinea.com\/wp-content\/uploads\/2025\/10\/julio-berdegue-agricultura-cosechando-soberania-768x512.jpg 768w, https:\/\/sinaloaenlinea.com\/wp-content\/uploads\/2025\/10\/julio-berdegue-agricultura-cosechando-soberania-1536x1024.jpg 1536w, https:\/\/sinaloaenlinea.com\/wp-content\/uploads\/2025\/10\/julio-berdegue-agricultura-cosechando-soberania-630x420.jpg 630w, https:\/\/sinaloaenlinea.com\/wp-content\/uploads\/2025\/10\/julio-berdegue-agricultura-cosechando-soberania-150x100.jpg 150w, https:\/\/sinaloaenlinea.com\/wp-content\/uploads\/2025\/10\/julio-berdegue-agricultura-cosechando-soberania-696x464.jpg 696w, https:\/\/sinaloaenlinea.com\/wp-content\/uploads\/2025\/10\/julio-berdegue-agricultura-cosechando-soberania-1068x712.jpg 1068w, https:\/\/sinaloaenlinea.com\/wp-content\/uploads\/2025\/10\/julio-berdegue-agricultura-cosechando-soberania.jpg 1920w\" alt=\"\" width=\"696\" height=\"464\" \/><\/p>\n<p>Lo peor llego cuando dirigentes de agricultores llegaron hasta las puertas de la Secretaria de Gobernaci\u00f3n para sostener una \u201cmesa de an\u00e1lisis\u201d y el acceso les fue negado. Claro que enviados de Gobernaci\u00f3n llegaron hasta los lideres para condicionar su acceso al Palacio a cambio de que retirar\u00e1n inmediatamente todos los bloqueos en las autopistas del pa\u00eds. Rebasado por completo, Julio Berdegue tendr\u00e1 que buscar su permanencia en el gabinete de Sheinbaum.<\/p>\n<p><strong><em>La ley\u00f3 bien.<\/em>\u00a0<\/strong>Quien realizo una buena jugada fue el Gobernador Ruben Rocha Moya. Apenas fue enterado de que a los lideres agr\u00edcolas les cerraron las puertas en sus narices en Gobernaci\u00f3n, intervino y se propuso para encabezarlos a un encuentro con el gobierno federal para este martes en la Ciudad de M\u00e9xico.<\/p>\n<p><img loading=\"lazy\" decoding=\"async\" class=\"alignnone size-large wp-image-211796 td-animation-stack-type0-2\" src=\"https:\/\/sinaloaenlinea.com\/wp-content\/uploads\/2025\/10\/Rochaaaaaa-1024x682.jpeg\" sizes=\"auto, (max-width: 696px) 100vw, 696px\" srcset=\"https:\/\/sinaloaenlinea.com\/wp-content\/uploads\/2025\/10\/Rochaaaaaa-1024x682.jpeg 1024w, https:\/\/sinaloaenlinea.com\/wp-content\/uploads\/2025\/10\/Rochaaaaaa-300x200.jpeg 300w, https:\/\/sinaloaenlinea.com\/wp-content\/uploads\/2025\/10\/Rochaaaaaa-768x512.jpeg 768w, https:\/\/sinaloaenlinea.com\/wp-content\/uploads\/2025\/10\/Rochaaaaaa-630x420.jpeg 630w, https:\/\/sinaloaenlinea.com\/wp-content\/uploads\/2025\/10\/Rochaaaaaa-150x100.jpeg 150w, https:\/\/sinaloaenlinea.com\/wp-content\/uploads\/2025\/10\/Rochaaaaaa-696x464.jpeg 696w, https:\/\/sinaloaenlinea.com\/wp-content\/uploads\/2025\/10\/Rochaaaaaa-1068x712.jpeg 1068w, https:\/\/sinaloaenlinea.com\/wp-content\/uploads\/2025\/10\/Rochaaaaaa.jpeg 1280w\" alt=\"\" width=\"696\" height=\"464\" \/><\/p>\n<p>Rocha Moya no solo \u201ccacho\u201d y bien la inconformidad de los agricultores por que no fueron atendidos en Segob, sino que tambi\u00e9n ya tiene listos recursos propios para negociar con el Gobierno Federal los apoyos econ\u00f3micos que demandan los agricultores. Habr\u00e1 que ver cual ser\u00e1 el desenlace. Pero por lo pronto, fue una buena jugada de Rocha Moya.<\/p>\n<p><em><strong>Golpe al bolsillo:<\/strong>\u00a0<\/em>\u00bfQui\u00e9n protesta?. El precio de la gasolina est\u00e1 por las nubes. Ya muchos se quieren olvidar de los \u201cgasolinazos\u201d que nos receto el PRI de Pe\u00f1a Nieto. Esos que tanto publicitaron y tomaron de \u201cbandera\u201d pol\u00edtica\u201d los que hoy gobiernan. Pero no solo las gasolinas aumentaron de precio, tambi\u00e9n el cobro de las casetas de peaje acaba de incrementarlos. Le recetan al ciudadano el aumento justo cuando comenzaron a regresar de vacaciones de Semana Santa y de Pascua. Junto a estos aumentos, las amas de casa ya no encuentran como alargar el gasto familiar. Los precios de los alimentos de la conocida como \u201ccanasta b\u00e1sica\u201d se dispararon. Haga un ejercicio. Acuda al mercado, al super o al centro comercial de su preferencia. Sufra en carne propia lo que miles de familias est\u00e1n padeciendo. Mientras tanto los nuevos ricos, los que enarbolaron la bandera de que no eran iguales, se muestran a diario que efectivamente no lo son. Resultaron peores.<\/p>\n<\/div>\n","protected":false},"excerpt":{"rendered":"<p>En el blanco Fernando Zepeda H. *Ante el fracaso de las acciones de gobierno, el sector tur\u00edstico no puede sobrevivir con dos o tres d\u00edas \u201cbuenos\u201d para resistir el resto del a\u00f1o *No hay ni en Mazatl\u00e1n ni en la Sectur, acciones que se encaminen para mejorar la afluencia tur\u00edstica al puerto *En medio de esta inacci\u00f3n para apoyar la recuperaci\u00f3n econ\u00f3mica de Mazatl\u00e1n, la alcaldesa Estrella Palacios saca la \u201cpuntada\u201d de querer seguir como Presidenta *La regidora Maribel Chollet esta convertida en la \u201cregidora incomoda\u201d de la administraci\u00f3n que encabeza Palacios. De mentirosa no baja a la alcaldesa *Imelda [&hellip;]<\/p>\n","protected":false},"author":3,"featured_media":92500,"comment_status":"open","ping_status":"open","sticky":false,"template":"","format":"standard","meta":{"_jetpack_newsletter_access":"","_jetpack_dont_email_post_to_subs":false,"_jetpack_newsletter_tier_id":0,"_jetpack_memberships_contains_paywalled_content":false,"_jetpack_feature_clip_id":0,"_jetpack_memberships_contains_paid_content":false,"footnotes":"","jetpack_publicize_message":"","jetpack_publicize_feature_enabled":true,"jetpack_social_post_already_shared":true,"jetpack_social_options":{"image_generator_settings":{"template":"highway","default_image_id":0,"font":"","enabled":false},"version":2},"jetpack_post_was_ever_published":false},"categories":[104],"tags":[],"class_list":["post-144514","post","type-post","status-publish","format-standard","has-post-thumbnail","hentry","category-columnistas-estatales","post--single"],"jetpack_publicize_connections":[],"jetpack_featured_media_url":"https:\/\/ovelanalista.com\/wp-content\/uploads\/2024\/03\/Fernando-Zepeda-Hurtado-300x150-1.png","jetpack_sharing_enabled":true,"_links":{"self":[{"href":"https:\/\/ovelanalista.com\/index.php?rest_route=\/wp\/v2\/posts\/144514","targetHints":{"allow":["GET"]}}],"collection":[{"href":"https:\/\/ovelanalista.com\/index.php?rest_route=\/wp\/v2\/posts"}],"about":[{"href":"https:\/\/ovelanalista.com\/index.php?rest_route=\/wp\/v2\/types\/post"}],"author":[{"embeddable":true,"href":"https:\/\/ovelanalista.com\/index.php?rest_route=\/wp\/v2\/users\/3"}],"replies":[{"embeddable":true,"href":"https:\/\/ovelanalista.com\/index.php?rest_route=%2Fwp%2Fv2%2Fcomments&post=144514"}],"version-history":[{"count":1,"href":"https:\/\/ovelanalista.com\/index.php?rest_route=\/wp\/v2\/posts\/144514\/revisions"}],"predecessor-version":[{"id":144515,"href":"https:\/\/ovelanalista.com\/index.php?rest_route=\/wp\/v2\/posts\/144514\/revisions\/144515"}],"wp:featuredmedia":[{"embeddable":true,"href":"https:\/\/ovelanalista.com\/index.php?rest_route=\/wp\/v2\/media\/92500"}],"wp:attachment":[{"href":"https:\/\/ovelanalista.com\/index.php?rest_route=%2Fwp%2Fv2%2Fmedia&parent=144514"}],"wp:term":[{"taxonomy":"category","embeddable":true,"href":"https:\/\/ovelanalista.com\/index.php?rest_route=%2Fwp%2Fv2%2Fcategories&post=144514"},{"taxonomy":"post_tag","embeddable":true,"href":"https:\/\/ovelanalista.com\/index.php?rest_route=%2Fwp%2Fv2%2Ftags&post=144514"}],"curies":[{"name":"wp","href":"https:\/\/api.w.org\/{rel}","templated":true}]}}