{"id":144517,"date":"2026-04-14T11:31:31","date_gmt":"2026-04-14T18:31:31","guid":{"rendered":"https:\/\/ovelanalista.com\/?p=144517"},"modified":"2026-04-14T11:31:31","modified_gmt":"2026-04-14T18:31:31","slug":"sheinbaum-afirma-que-ee-uu-no-ha-dado-respuestas-sobre-mexicanos-muertos-bajo-custodia-del-ice","status":"publish","type":"post","link":"https:\/\/ovelanalista.com\/?p=144517","title":{"rendered":"Sheinbaum afirma que EE.UU. no ha dado respuestas sobre mexicanos muertos bajo custodia del ICE"},"content":{"rendered":"<p>La presidenta Sheinbaum detall\u00f3 que la SRE envi\u00f3 una \u201ccarta muy fuerte\u201d a EE.UU. sobre las muertes de mexicanos bajo custodia del ICE.<\/p>\n<p>La presidenta de\u00a0<strong>M\u00e9xico,\u00a0<a href=\"https:\/\/x.com\/Claudiashein\" target=\"_blank\" rel=\"noopener noreferrer\">Claudia<\/a>\u00a0Sheinbaum<\/strong>, afirm\u00f3 que\u00a0<strong>\u201cno ha habido respuestas puntuales<\/strong>\u201d sobre las\u00a0<strong>muertes<\/strong>\u00a0de\u00a0<strong>migrantes mexicanos<\/strong>\u00a0bajo custodia del Servicio de Inmigraci\u00f3n y Control de Aduanas (<strong>ICE<\/strong>\u00a0en ingl\u00e9s) de EE.UU., por lo que su Gobierno ha intensificado acciones diplom\u00e1ticas y legales para exigir esclarecimiento.<\/p>\n<blockquote><p>\u201cNo ha habido respuestas puntuales a cada caso\u201d, se\u00f1al\u00f3 la mandataria durante su conferencia matutina en Palacio Nacional.<\/p><\/blockquote>\n<p>La reacci\u00f3n de la mandataria mexicana ocurre luego de que el lunes la Canciller\u00eda mexicana reportara la muerte de otro connacional en un centro de detenci\u00f3n en Luisiana, con lo que suman al menos\u00a0<strong>15 mexicanos fallecidos<\/strong>\u00a0en instalaciones migratorias estadounidenses desde el regreso del presidente,\u00a0<strong>Donald Trump<\/strong>, a la Casa Blanca en enero de 2025, en un contexto de aumento de detenciones derivado de pol\u00edticas m\u00e1s estrictas.<\/p>\n<p>Ante esta situaci\u00f3n, Sheinbaum Pardo indic\u00f3 que M\u00e9xico ha elevado el tono diplom\u00e1tico ante Washington.<\/p>\n<blockquote><p>\u201cSe hizo una carta muy fuerte. Ayer hubo un comunicado de la Secretar\u00eda de Relaciones Exteriores al Gobierno de Estados Unidos\u201d, se\u00f1al\u00f3.<\/p><\/blockquote>\n<p>La mandataria dijo que tambi\u00e9n orden\u00f3 reforzar la vigilancia consular en los centros de detenci\u00f3n migratoria.<\/p>\n<p>\u201c(D\u00ed) instrucciones a todos los c\u00f3nsules en donde haya centros de detenci\u00f3n de esta instituci\u00f3n del Gobierno de Estados Unidos de ICE para que visiten diario los centros de detenci\u00f3n. Ellos los visitaban cada semana. Pues ahora les ped\u00ed que (los) visiten diario, si no es el c\u00f3nsul de manera personal, una persona del consulado\u201d, explic\u00f3.<\/p>\n<div id=\"ros-inread-multiple-lo6lhj\" class=\"ad-container dfp-ad-unit ad-inread ad-slot\" data-ad-type=\"inreadbox\" data-slot=\"inread-multiple\" data-ad-loaded=\"1\" data-ad-setup=\"{&quot;postID&quot;:1779060,&quot;canRefresh&quot;:false,&quot;infinitescroll&quot;:false}\" data-google-query-id=\"CLShldj87ZMDFfiwOgUdGPcUcg\"><\/div>\n<div data-ad-type=\"inreadbox\" data-slot=\"inread-multiple\" data-ad-loaded=\"1\" data-ad-setup=\"{&quot;postID&quot;:1779060,&quot;canRefresh&quot;:false,&quot;infinitescroll&quot;:false}\" data-google-query-id=\"CLShldj87ZMDFfiwOgUdGPcUcg\">\n<p>Sheinbaum Pardo destac\u00f3 que tambi\u00e9n se est\u00e1n impulsando acciones legales a nivel internacional \u201cante la Comisi\u00f3n Interamericana de Derechos Humanos y estamos revisando ante otras instancias de Naciones Unidas para denunciar estas pr\u00e1cticas en los centros de detenci\u00f3n\u201d y que corresponde a las autoridades estadounidenses esclarecer estos hechos.<\/p>\n<p>\u201cLo que hemos solicitado es la investigaci\u00f3n, porque la investigaci\u00f3n tiene que hacerla el gobierno de los Estados Unidos\u201d, apunt\u00f3, al tiempo que subray\u00f3 que deben determinarse las condiciones en las que ocurrieron los fallecimientos, especialmente si hubo \u201cun presunto maltrato o una violaci\u00f3n a los derechos humanos\u201d.<\/p>\n<p>Tambi\u00e9n record\u00f3 que M\u00e9xico ha manifestado su desacuerdo con las pol\u00edticas migratorias que han derivado en detenciones masivas \u201cporque hay muchos mexicanos que su \u00fanico delito es no tener papeles\u201d.<\/p>\n<p>Con informaci\u00f3n de EFE<\/p>\n<\/div>\n","protected":false},"excerpt":{"rendered":"<p>La presidenta Sheinbaum detall\u00f3 que la SRE envi\u00f3 una \u201ccarta muy fuerte\u201d a EE.UU. sobre las muertes de mexicanos bajo custodia del ICE. La presidenta de\u00a0M\u00e9xico,\u00a0Claudia\u00a0Sheinbaum, afirm\u00f3 que\u00a0\u201cno ha habido respuestas puntuales\u201d sobre las\u00a0muertes\u00a0de\u00a0migrantes mexicanos\u00a0bajo custodia del Servicio de Inmigraci\u00f3n y Control de Aduanas (ICE\u00a0en ingl\u00e9s) de EE.UU., por lo que su Gobierno ha intensificado acciones diplom\u00e1ticas y legales para exigir esclarecimiento. \u201cNo ha habido respuestas puntuales a cada caso\u201d, se\u00f1al\u00f3 la mandataria durante su conferencia matutina en Palacio Nacional. La reacci\u00f3n de la mandataria mexicana ocurre luego de que el lunes la Canciller\u00eda mexicana reportara la muerte de otro [&hellip;]<\/p>\n","protected":false},"author":3,"featured_media":144521,"comment_status":"open","ping_status":"open","sticky":false,"template":"","format":"standard","meta":{"_jetpack_newsletter_access":"","_jetpack_dont_email_post_to_subs":false,"_jetpack_newsletter_tier_id":0,"_jetpack_memberships_contains_paywalled_content":false,"_jetpack_feature_clip_id":0,"_jetpack_memberships_contains_paid_content":false,"footnotes":"","jetpack_publicize_message":"","jetpack_publicize_feature_enabled":true,"jetpack_social_post_already_shared":true,"jetpack_social_options":{"image_generator_settings":{"template":"highway","default_image_id":0,"font":"","enabled":false},"version":2},"jetpack_post_was_ever_published":false},"categories":[75],"tags":[],"class_list":["post-144517","post","type-post","status-publish","format-standard","has-post-thumbnail","hentry","category-nacional","post--single"],"jetpack_publicize_connections":[],"jetpack_featured_media_url":"https:\/\/ovelanalista.com\/wp-content\/uploads\/2026\/04\/policia-agente-ice-eeuu.jpg","jetpack_sharing_enabled":true,"_links":{"self":[{"href":"https:\/\/ovelanalista.com\/index.php?rest_route=\/wp\/v2\/posts\/144517","targetHints":{"allow":["GET"]}}],"collection":[{"href":"https:\/\/ovelanalista.com\/index.php?rest_route=\/wp\/v2\/posts"}],"about":[{"href":"https:\/\/ovelanalista.com\/index.php?rest_route=\/wp\/v2\/types\/post"}],"author":[{"embeddable":true,"href":"https:\/\/ovelanalista.com\/index.php?rest_route=\/wp\/v2\/users\/3"}],"replies":[{"embeddable":true,"href":"https:\/\/ovelanalista.com\/index.php?rest_route=%2Fwp%2Fv2%2Fcomments&post=144517"}],"version-history":[{"count":1,"href":"https:\/\/ovelanalista.com\/index.php?rest_route=\/wp\/v2\/posts\/144517\/revisions"}],"predecessor-version":[{"id":144522,"href":"https:\/\/ovelanalista.com\/index.php?rest_route=\/wp\/v2\/posts\/144517\/revisions\/144522"}],"wp:featuredmedia":[{"embeddable":true,"href":"https:\/\/ovelanalista.com\/index.php?rest_route=\/wp\/v2\/media\/144521"}],"wp:attachment":[{"href":"https:\/\/ovelanalista.com\/index.php?rest_route=%2Fwp%2Fv2%2Fmedia&parent=144517"}],"wp:term":[{"taxonomy":"category","embeddable":true,"href":"https:\/\/ovelanalista.com\/index.php?rest_route=%2Fwp%2Fv2%2Fcategories&post=144517"},{"taxonomy":"post_tag","embeddable":true,"href":"https:\/\/ovelanalista.com\/index.php?rest_route=%2Fwp%2Fv2%2Ftags&post=144517"}],"curies":[{"name":"wp","href":"https:\/\/api.w.org\/{rel}","templated":true}]}}